{"id":8620,"date":"2025-06-23T16:35:34","date_gmt":"2025-06-23T16:35:34","guid":{"rendered":"https:\/\/verdadincomodadiario.ar\/?p=8620"},"modified":"2025-06-23T16:35:34","modified_gmt":"2025-06-23T16:35:34","slug":"activismo-sin-raices-en-cordoba-vecinos-acampan-para-frenar-una-obra-vial-necesaria","status":"publish","type":"post","link":"https:\/\/verdadincomodadiario.ar\/?p=8620","title":{"rendered":"Activismo sin ra\u00edces en C\u00f3rdoba: vecinos acampan para frenar una obra vial necesaria"},"content":{"rendered":"<p>En la tarde del jueves pasado, <strong>un grupo de vecinos se instal\u00f3 con carpas<\/strong> sobre la Avenida Padre Luchesse, en el acceso a <a href=\"https:\/\/derechadiario.com.ar\/politica\/amparos-contra-cierre-villa-allende-vecinos-enfrentan-al-atropello-municipal\" title=\"Amparos contra el cierre de Villa Allende: vecinos enfrentan al atropello municipal\">Villa Allende<\/a>. Lo hicieron junto a un quebracho blanco de casi tres siglos de antig\u00fcedad, cuya remoci\u00f3n est\u00e1 prevista en el marco de la ampliaci\u00f3n vial de la ruta. La protesta, que incluye un acampe, pretendi\u00f3 extenderse hasta el viernes.<\/p>\n<p><strong>La controversia en torno al \u00e1rbol lleva meses<\/strong> y tiene como eje el avance de una obra clave que conecta la ciudad con <a href=\"https:\/\/derechadiario.com.ar\/sociedad\/universidades-cordobesas-insisten-con-proyecto-fiscalmente-inviable\" title=\"Universidades cordobesas insisten con un proyecto fiscalmente inviable\">C\u00f3rdoba Capital<\/a>. El proyecto, ejecutado por Caminos de las Sierras y avalado por el municipio, requiere el retiro del ejemplar para dar continuidad al ensanche de la avenida. Las autoridades informaron que <strong>el \u00e1rbol ser\u00e1 trasplantado a pocos metros de su ubicaci\u00f3n actual<\/strong>.<\/p>\n<p>Desde el municipio admiten que, por sus dimensiones y antig\u00fcedad, el trasplante tiene escasas probabilidades de \u00e9xito. Sin embargo, <strong>en algunos d\u00edas se concretar\u00eda el trasplante del ejemplar<\/strong> para dar continuidad a la obra vial en marcha. La obra busca aliviar la congesti\u00f3n y prevenir accidentes en un punto de alta circulaci\u00f3n.<\/p>\n<div class=\"inter_image image_horizontal\">\n<picture><source class=\"img-responsive\" type=\"image\/webp\" data-srcset=\"https:\/\/filesedc.com\/uploads\/image\/post\/2025\/06\/captura-de-pantalla-2025-06-23-121310_300_200.webp 300w, https:\/\/filesedc.com\/uploads\/image\/post\/2025\/06\/captura-de-pantalla-2025-06-23-121310_630_420.webp 630w, https:\/\/filesedc.com\/uploads\/image\/post\/2025\/06\/captura-de-pantalla-2025-06-23-121310_760_507.webp 760w, https:\/\/filesedc.com\/uploads\/image\/post\/2025\/06\/captura-de-pantalla-2025-06-23-121310_1200_800.webp 1200w, https:\/\/filesedc.com\/uploads\/image\/post\/2025\/06\/captura-de-pantalla-2025-06-23-121310_1600_1067.webp 1600w, \"><img decoding=\"async\" src=\"https:\/\/derechadiario.com.ar\/filesedc\/uploads\/image\/post\/2025\/06\/captura-de-pantalla-2025-06-23-121310_1200_800.webp\" class=\"img-responsive lazyload\" alt=\"Un gran \u00e1rbol rodeado de una cerca y soportes de madera junto a una carretera iluminada al atardecer\" title=\"Un gran \u00e1rbol rodeado de una cerca y soportes de madera junto a una carretera iluminada al atardecer\"><\/picture>\n<div>\n<span class=\"img_footer\">El quebracho ser\u00eda trasplantando cerca de su lugar original <\/span>| <span class=\"img_author\">La Derecha Diario<\/span>\n<\/div>\n<\/div>\n<h2>Una defensa emocional y simb\u00f3lica<\/h2>\n<p><strong>Los vecinos reclaman que se mantenga el \u00e1rbol en su sitio original, proponiendo como alternativa construir una rotonda o un cantero especial<\/strong>. Sin embargo, esas opciones fueron descartadas por t\u00e9cnicos que evaluaron la viabilidad del redise\u00f1o vial. <strong>La Justicia tambi\u00e9n desestim\u00f3 un recurso de amparo que pretend\u00eda frenar la intervenci\u00f3n.<\/strong><\/p>\n<aside class=\"are-you-interested-container-photo\"><\/aside>\n<p>El quebracho blanco fue s\u00edmbolo de varios reclamos, pero <strong>las prioridades urbanas imponen criterios m\u00e1s amplios.<\/strong> La expansi\u00f3n del corredor Luchesse responde a necesidades reales de conectividad, seguridad y planificaci\u00f3n metropolitana. En ese contexto, <strong>la preservaci\u00f3n estricta de un ejemplar puntual no puede bloquear una obra de inter\u00e9s general.<\/strong><\/p>\n<aside class=\"whatsappChannelText\"><a href=\"https:\/\/whatsapp.com\/channel\/0029VagEjILGE56eKjedWF2U\" rel=\"nofollow\" title=\"WhatsApp Link\"><img alt=\"Logo de WhatsApp\" class=\"lazyload\" data-src=\"https:\/\/derechadiario.com.ar\/filesedc\/uploads\/other\/whatsapp_icon_mid_article.png\" width=\"32\" height=\"32\"><\/a> <a href=\"https:\/\/whatsapp.com\/channel\/0029VagEjILGE56eKjedWF2U\" rel=\"nofollow\" title=\"WhatsApp Link\"><strong>NO SE PIERDAN NINGUNA NOTICIA<\/strong>: Click aqu\u00ed para sumarte <strong>GRATIS<\/strong> al canal de noticias de <strong>La Derecha Diario en WhatsApp.<\/strong><\/a><\/aside>\n<p>La protesta, por m\u00e1s leg\u00edtima que sea en lo simb\u00f3lico, no contempla <strong>el da\u00f1o que produce frenar inversiones estructurales necesarias.<\/strong> En ciudades que crecen, la infraestructura debe acompa\u00f1ar sin quedar reh\u00e9n de demandas emocionales. La defensa ambiental, para ser leg\u00edtima y efectiva, tambi\u00e9n requiere sentido pr\u00e1ctico y razonabilidad.<\/p>\n<figure><img decoding=\"async\" src=\"https:\/\/derechadiario.com.ar\/filesedc\/uploads\/image\/post\/2025\/06\/captura-de-pantalla-2025-06-23-121616_1200_800.webp\" class=\"img-responsive lazyload\" alt=\"Tiendas de campa\u00f1a iluminadas al anochecer con un grupo de personas reunidas al fondo y una bandera colorida ondeando\" title=\"Tiendas de campa\u00f1a iluminadas al anochecer con un grupo de personas reunidas al fondo y una bandera colorida ondeando\"><\/figure>\n","protected":false},"excerpt":{"rendered":"<p>En la tarde del jueves pasado, un grupo de vecinos se instal\u00f3 con carpas sobre la Avenida Padre Luchesse, en el acceso a Villa Allende. Lo hicieron junto a un quebracho blanco de casi tres siglos de antig\u00fcedad, cuya remoci\u00f3n est\u00e1 prevista en el marco de la ampliaci\u00f3n vial de la ruta. La protesta, que [&hellip;]<\/p>\n","protected":false},"author":2,"featured_media":8621,"comment_status":"open","ping_status":"open","sticky":false,"template":"","format":"standard","meta":{"_et_pb_use_builder":"","_et_pb_old_content":"","_et_gb_content_width":"","footnotes":""},"categories":[84],"tags":[],"class_list":["post-8620","post","type-post","status-publish","format-standard","has-post-thumbnail","hentry","category-ultimomomento"],"_links":{"self":[{"href":"https:\/\/verdadincomodadiario.ar\/index.php?rest_route=\/wp\/v2\/posts\/8620","targetHints":{"allow":["GET"]}}],"collection":[{"href":"https:\/\/verdadincomodadiario.ar\/index.php?rest_route=\/wp\/v2\/posts"}],"about":[{"href":"https:\/\/verdadincomodadiario.ar\/index.php?rest_route=\/wp\/v2\/types\/post"}],"author":[{"embeddable":true,"href":"https:\/\/verdadincomodadiario.ar\/index.php?rest_route=\/wp\/v2\/users\/2"}],"replies":[{"embeddable":true,"href":"https:\/\/verdadincomodadiario.ar\/index.php?rest_route=%2Fwp%2Fv2%2Fcomments&post=8620"}],"version-history":[{"count":0,"href":"https:\/\/verdadincomodadiario.ar\/index.php?rest_route=\/wp\/v2\/posts\/8620\/revisions"}],"wp:featuredmedia":[{"embeddable":true,"href":"https:\/\/verdadincomodadiario.ar\/index.php?rest_route=\/wp\/v2\/media\/8621"}],"wp:attachment":[{"href":"https:\/\/verdadincomodadiario.ar\/index.php?rest_route=%2Fwp%2Fv2%2Fmedia&parent=8620"}],"wp:term":[{"taxonomy":"category","embeddable":true,"href":"https:\/\/verdadincomodadiario.ar\/index.php?rest_route=%2Fwp%2Fv2%2Fcategories&post=8620"},{"taxonomy":"post_tag","embeddable":true,"href":"https:\/\/verdadincomodadiario.ar\/index.php?rest_route=%2Fwp%2Fv2%2Ftags&post=8620"}],"curies":[{"name":"wp","href":"https:\/\/api.w.org\/{rel}","templated":true}]}}