{"id":861,"date":"2025-03-29T12:43:30","date_gmt":"2025-03-29T12:43:30","guid":{"rendered":"https:\/\/verdadincomodadiario.ar\/?p=861"},"modified":"2025-03-29T12:43:30","modified_gmt":"2025-03-29T12:43:30","slug":"el-barrio-porteno-en-donde-vota-milei-tendra-una-consulta-popular-el-mismo-dia","status":"publish","type":"post","link":"https:\/\/verdadincomodadiario.ar\/?p=861","title":{"rendered":"El barrio porte\u00f1o en donde vota Milei tendr\u00e1 una consulta popular el mismo d\u00eda"},"content":{"rendered":"<p>El pr\u00f3ximo <strong>18 de mayo<\/strong>,\u00a0los vecinos de <strong>Boedo y Almagro<\/strong>, dentro de la Comuna 5 de la \u00a0<strong>Ciudad de Buenos Aires<\/strong>, tendr\u00e1n la oportunidad de definir oficialmente el nombre de su jurisdicci\u00f3n en una consulta popular.<\/p>\n<p>Este proceso se llevar\u00e1 a cabo <strong>en simult\u00e1neo<\/strong> con la elecci\u00f3n de <a href=\"https:\/\/derechadiario.com.ar\/politica\/todos-los-candidatos-para-las-elecciones-legislativas-ciudad-buenos-aires\" title=\"Todos los candidatos para las elecciones legislativas en la Ciudad de Buenos Aires\">legisladores porte\u00f1os<\/a>. La votaci\u00f3n, que <strong>no es obligatoria<\/strong>, representa un episodio clave en el barrio donde ha votado el presidente de la naci\u00f3n,\u00a0<a href=\"https:\/\/derechadiario.com.ar\/economia\/gracias-javier-milei-pobreza-caba-tambien-cayo-y-cerro-ano-2024-242\" title=\"Gracias a Javier Milei, la pobreza en CABA tambi\u00e9n cay\u00f3 y cerr\u00f3 el a\u00f1o 2024 en 24,2%\">Javier Milei<\/a> en los \u00faltimos dos comicios.\u00a0<\/p>\n<p>En \u00a0<strong>2021 y 2023<\/strong>, Milei emiti\u00f3 su sufragio en la sede Medrano de la <strong>Universidad Tecnol\u00f3gica Nacional<\/strong> (UTN), ubicada en la zona del <strong>Abasto<\/strong>, donde ten\u00eda fijado su domicilio hasta su llegada a la <strong>Casa Rosada<\/strong>.<\/p>\n<p>Si no ha modificado su residencia, el mandatario podr\u00eda participar en la elecci\u00f3n de su candidato, <strong>Manuel Adorni<\/strong>, y en la consulta por la denominaci\u00f3n oficial de la <strong>Comuna 5<\/strong>.<\/p>\n<div class=\"inter_image image_horizontal\">\n<picture><source class=\"img-responsive\" type=\"image\/webp\" data-srcset=\"\/filesedc\/uploads\/image\/post\/estacion-boedo-5_300_200.webp 300w, \n\/filesedc\/uploads\/image\/post\/estacion-boedo-5_630_420.webp 630w,\n                                \/filesedc\/uploads\/image\/post\/estacion-boedo-5_760_507.webp 760w,\n                                \/filesedc\/uploads\/image\/post\/estacion-boedo-5_1200_800.webp 1200w,\n                                \/filesedc\/uploads\/image\/post\/estacion-boedo-5_1600_1067.webp 1600w\"><img decoding=\"async\" src=\"https:\/\/derechadiario.com.ar\/filesedc\/uploads\/image\/post\/estacion-boedo-5_1200_800.webp\" class=\"img-responsive lazyload\" alt=\"Entrada a una estaci\u00f3n de metro con un cartel que dice \" subte y en un entorno urbano. title=\"Entrada a una estaci\u00f3n de metro con un cartel que dice \"><\/picture>\n<div>\n<span class=\"img_footer\">Estaci\u00f3n de subte Boedo. <\/span>| <span class=\"img_author\">La Derecha Diario<\/span>\n<\/div>\n<\/div>\n<p>El proceso de nominaci\u00f3n de la Comuna 5 no es nuevo. En <strong>2018<\/strong>, una consulta vecinal arroj\u00f3 como resultado el nombre \u00a0<strong>&#8220;Almagro-Boedo&#8221;<\/strong>, con un abrumador <strong>80% de los votos<\/strong>.<\/p>\n<p>Sin embargo, la actual Junta Comunal decidi\u00f3 reabrir el debate, proponiendo dos opciones en una votaci\u00f3n digital realizada en diciembre del a\u00f1o pasado: reafirmar &#8220;Almagro-Boedo&#8221; o elegir <strong>&#8220;Tierra del Tango&#8221;<\/strong>, una denominaci\u00f3n con reminiscencias culturales pero que despert\u00f3 <strong>resistencia<\/strong>\u00a0 entre los vecinos.<\/p>\n<p><strong>El Consejo Consultivo Comunal 5<\/strong>\u00a0 manifest\u00f3 su total rechazo a este intento de cambiar la decisi\u00f3n popular tomada en 2018. En un comunicado, <strong>acusaron<\/strong>\u00a0 a ciertos sectores de la Junta de <strong>deslegitimar<\/strong>\u00a0 el proceso democr\u00e1tico previo y remarcaron que la consulta original cont\u00f3 con la \u00a0<strong>participaci\u00f3n activa<\/strong> de vecinos, organizaciones culturales y estudios hist\u00f3ricos de la zona. A pesar de estas tensiones, la votaci\u00f3n digital reafirm\u00f3 lo decidido en 2018: los vecinos volvieron a elegir &#8220;Almagro-Boedo&#8221;.<\/p>\n<aside class=\"whatsappChannelText\"><a href=\"https:\/\/whatsapp.com\/channel\/0029VagEjILGE56eKjedWF2U\" rel=\"nofollow\" title=\"WhatsApp Link\"><img alt=\"Logo de WhatsApp\" class=\"lazyload\" data-src=\"https:\/\/derechadiario.com.ar\/filesedc\/uploads\/other\/whatsapp_icon_mid_article.png\" width=\"32\" height=\"32\"><\/a> <a href=\"https:\/\/whatsapp.com\/channel\/0029VagEjILGE56eKjedWF2U\" rel=\"nofollow\" title=\"WhatsApp Link\"><strong>NO SE PIERDAN NINGUNA NOTICIA<\/strong>: Click aqu\u00ed para sumarte <strong>GRATIS<\/strong> al canal de noticias de <strong>La Derecha Diario en WhatsApp.<\/strong><\/a><\/aside>\n<figure><img decoding=\"async\" src=\"https:\/\/derechadiario.com.ar\/filesedc\/uploads\/image\/post\/boedo-01_1200_800.webp\" class=\"img-responsive lazyload\" alt=\"Fachada de un caf\u00e9 hist\u00f3rico con un cartel que muestra una caricatura en una esquina concurrida de la ciudad.\" title=\"Fachada de un caf\u00e9 hist\u00f3rico con un cartel que muestra una caricatura en una esquina concurrida de la ciudad.\"><\/figure>\n<p>La consulta popular del \u00a0<strong>18 de mayo<\/strong> tendr\u00e1 un dise\u00f1o claro: los votantes de la Comuna 5 podr\u00e1n responder si est\u00e1n de acuerdo con que la jurisdicci\u00f3n se llame &#8220;Almagro-Boedo&#8221;. Las opciones disponibles en la \u00a0<strong>boleta \u00fanica electr\u00f3nica<\/strong>\u00a0 ser\u00e1n: \u00a0<strong>&#8220;S\u00ed&#8221;, &#8220;No&#8221; y &#8220;No participo de la consulta&#8221;.<\/strong><\/p>\n<p>El resultado, si bien no es vinculante de inmediato, deber\u00e1 ser elevado a la <strong>Legislatura porte\u00f1a<\/strong> mediante un proyecto de ley para su tratamiento formal. As\u00ed lo estipula la acordad<strong>a N\u00b0 4 del Tribunal Electoral de la Ciudad de Buenos Aires<\/strong>, firmada por su presidente, <strong>Roberto Carlos Requejo<\/strong>, y los jueces <strong>Romina Tesone y Rodolfo Ariza Clerici.<\/strong><\/p>\n<p>Mientras la consulta popular atrae la atenci\u00f3n local, el verdadero foco pol\u00edtico estar\u00e1 puesto en la disputa electoral porte\u00f1a, donde \u00a0<strong>La Libertad Avanza,<\/strong>\u00a0 el <strong>PRO<\/strong> y el <strong>kirchnerismo<\/strong>\u00a0 medir\u00e1n fuerzas. El barrio donde <strong>Milei<\/strong>\u00a0 construy\u00f3 su camino al poder volver\u00e1 a ser protagonista de una jornada clave para la democracia argentina.<\/p>\n","protected":false},"excerpt":{"rendered":"<p>El pr\u00f3ximo 18 de mayo,\u00a0los vecinos de Boedo y Almagro, dentro de la Comuna 5 de la \u00a0Ciudad de Buenos Aires, tendr\u00e1n la oportunidad de definir oficialmente el nombre de su jurisdicci\u00f3n en una consulta popular. Este proceso se llevar\u00e1 a cabo en simult\u00e1neo con la elecci\u00f3n de legisladores porte\u00f1os. La votaci\u00f3n, que no es [&hellip;]<\/p>\n","protected":false},"author":2,"featured_media":862,"comment_status":"open","ping_status":"open","sticky":false,"template":"","format":"standard","meta":{"_et_pb_use_builder":"","_et_pb_old_content":"","_et_gb_content_width":"","footnotes":""},"categories":[80],"tags":[],"class_list":["post-861","post","type-post","status-publish","format-standard","has-post-thumbnail","hentry","category-economia-2"],"_links":{"self":[{"href":"https:\/\/verdadincomodadiario.ar\/index.php?rest_route=\/wp\/v2\/posts\/861","targetHints":{"allow":["GET"]}}],"collection":[{"href":"https:\/\/verdadincomodadiario.ar\/index.php?rest_route=\/wp\/v2\/posts"}],"about":[{"href":"https:\/\/verdadincomodadiario.ar\/index.php?rest_route=\/wp\/v2\/types\/post"}],"author":[{"embeddable":true,"href":"https:\/\/verdadincomodadiario.ar\/index.php?rest_route=\/wp\/v2\/users\/2"}],"replies":[{"embeddable":true,"href":"https:\/\/verdadincomodadiario.ar\/index.php?rest_route=%2Fwp%2Fv2%2Fcomments&post=861"}],"version-history":[{"count":0,"href":"https:\/\/verdadincomodadiario.ar\/index.php?rest_route=\/wp\/v2\/posts\/861\/revisions"}],"wp:featuredmedia":[{"embeddable":true,"href":"https:\/\/verdadincomodadiario.ar\/index.php?rest_route=\/wp\/v2\/media\/862"}],"wp:attachment":[{"href":"https:\/\/verdadincomodadiario.ar\/index.php?rest_route=%2Fwp%2Fv2%2Fmedia&parent=861"}],"wp:term":[{"taxonomy":"category","embeddable":true,"href":"https:\/\/verdadincomodadiario.ar\/index.php?rest_route=%2Fwp%2Fv2%2Fcategories&post=861"},{"taxonomy":"post_tag","embeddable":true,"href":"https:\/\/verdadincomodadiario.ar\/index.php?rest_route=%2Fwp%2Fv2%2Ftags&post=861"}],"curies":[{"name":"wp","href":"https:\/\/api.w.org\/{rel}","templated":true}]}}