{"id":8594,"date":"2025-06-23T12:18:26","date_gmt":"2025-06-23T12:18:26","guid":{"rendered":"https:\/\/verdadincomodadiario.ar\/?p=8594"},"modified":"2025-06-23T12:18:26","modified_gmt":"2025-06-23T12:18:26","slug":"el-xiaomi-yu7-ya-tiene-fecha-asi-sera-su-suv-electrico-premium","status":"publish","type":"post","link":"https:\/\/verdadincomodadiario.ar\/?p=8594","title":{"rendered":"El Xiaomi YU7 ya tiene fecha: as\u00ed ser\u00e1 su SUV el\u00e9ctrico premium"},"content":{"rendered":"<p>Despu\u00e9s del boom que fue el <strong><a href=\"https:\/\/derechadiario.com.ar\/sociedad\/xiaomi-16-lo-que-se-sabe-del-smartphone-que-competir-con-apple-y-samsung\" title=\"Xiaomi 16: lo que se sabe del smartphone que va a competir con Apple y Samsung\">Xiaomi<\/a> SU7<\/strong>, la marca china redobla la apuesta con un <a href=\"https:\/\/derechadiario.com.ar\/sociedad\/suv-chino-mas-vendido-argentina-diseno-tecnologia-y-precio\" title=\"El SUV chino m\u00e1s vendido en Argentina: dise\u00f1o, tecnolog\u00eda y precio\">SUV<\/a> que promete m\u00e1s potencia, autonom\u00eda y lujo.<\/p>\n<p>El <strong>YU7<\/strong> ser\u00e1 presentado oficialmente el 26 de junio y buscar\u00e1 consolidar a Xiaomi como referente en el mercado de autos el\u00e9ctricos.<\/p>\n<div class=\"inter_image image_horizontal\">\n<picture><source class=\"img-responsive\" type=\"image\/webp\" data-srcset=\"https:\/\/filesedc.com\/uploads\/image\/post\/2025\/06\/lei-jun-xiaomi_300_200.webp 300w, https:\/\/filesedc.com\/uploads\/image\/post\/2025\/06\/lei-jun-xiaomi_630_420.webp 630w, https:\/\/filesedc.com\/uploads\/image\/post\/2025\/06\/lei-jun-xiaomi_760_507.webp 760w, https:\/\/filesedc.com\/uploads\/image\/post\/2025\/06\/lei-jun-xiaomi_1200_800.webp 1200w, https:\/\/filesedc.com\/uploads\/image\/post\/2025\/06\/lei-jun-xiaomi_1600_1067.webp 1600w, \"><img decoding=\"async\" src=\"https:\/\/derechadiario.com.ar\/filesedc\/uploads\/image\/post\/2025\/06\/lei-jun-xiaomi_1200_800.webp\" class=\"img-responsive lazyload\" alt=\"Publicaci\u00f3n de Twitter de Lei Jun anunciando un evento de lanzamiento de Xiaomi titulado New beginnings con la frase Human x Car x Home y la fecha 26 de junio a las 19:00 GMT+8 sobre un fondo naranja\" title=\"Publicaci\u00f3n de Twitter de Lei Jun anunciando un evento de lanzamiento de Xiaomi titulado New beginnings con la frase Human x Car x Home y la fecha 26 de junio a las 19:00 GMT+8 sobre un fondo naranja\"><\/picture>\n<div>\n<span class=\"img_footer\">El YU7 ser\u00e1 presentado oficialmente el 26 de junio <\/span>| <span class=\"img_author\">La Derecha Diario<\/span>\n<\/div>\n<\/div>\n<h2><strong>El segundo auto de Xiaomi<\/strong><\/h2>\n<p>Con el <strong>SU7<\/strong>, Xiaomi sorprendi\u00f3 a todos: buenas prestaciones, dise\u00f1o atractivo y precio competitivo. En poco tiempo, se convirti\u00f3 en un fen\u00f3meno.<\/p>\n<p>Ahora llega el <strong>YU7<\/strong>, el primer SUV de la compa\u00f1\u00eda. Seg\u00fan adelant\u00f3 el CEO <strong>Lei Jun<\/strong>, se enfocar\u00e1 en un perfil m\u00e1s familiar, pero sin perder deportividad.<\/p>\n<h3><strong>Una jugada fuerte contra Tesla y el Model Y<\/strong><\/h3>\n<p>Todo indica que Xiaomi va por m\u00e1s. El <strong>YU7<\/strong> est\u00e1 pensado como una alternativa directa al <strong>Model Y<\/strong>, pero con mejor relaci\u00f3n precio\/calidad.<\/p>\n<figure><img decoding=\"async\" src=\"https:\/\/derechadiario.com.ar\/filesedc\/uploads\/image\/post\/2025\/06\/xiaomi-yu7-auto_1200_800.webp\" class=\"img-responsive lazyload\" alt=\"Auto el\u00e9ctrico deportivo de color verde con dise\u00f1o moderno y elegante sobre un fondo oscuro\" title=\"Auto el\u00e9ctrico deportivo de color verde con dise\u00f1o moderno y elegante sobre un fondo oscuro\"><\/figure>\n<p>Adem\u00e1s, busca captar tambi\u00e9n a quienes buscan una experiencia m\u00e1s premium, con tecnolog\u00eda de punta y dise\u00f1o m\u00e1s deportivo.<\/p>\n<h2><strong>As\u00ed es el Xiaomi YU7 Max, la versi\u00f3n m\u00e1s equipada<\/strong><\/h2>\n<p>Ya se filtraron fotos de la variante <strong>Max<\/strong>, que vendr\u00e1 con fibra de carbono en detalles como el volante, espejos y spoiler trasero.<\/p>\n<figure><img decoding=\"async\" src=\"https:\/\/derechadiario.com.ar\/filesedc\/uploads\/image\/post\/2025\/06\/xiaomi-yu7_1200_800.webp\" class=\"img-responsive lazyload\" alt=\"Mujer vestida de traje oscuro de pie junto a un auto el\u00e9ctrico color rosa met\u00e1lico al atardecer\" title=\"Mujer vestida de traje oscuro de pie junto a un auto el\u00e9ctrico color rosa met\u00e1lico al atardecer\"><\/figure>\n<p>Tambi\u00e9n traer\u00e1 llantas de aleaci\u00f3n de 21 pulgadas exclusivas de esta edici\u00f3n y detalles de lujo por dentro y por fuera.<\/p>\n<h3><strong>Potencia bruta y bater\u00eda mejorada<\/strong><\/h3>\n<p>El <strong>YU7 Max<\/strong> tendr\u00e1 doble motor de 690 caballos y acelera de 0 a 100 km\/h en solo 3,23 segundos. Una bestia con cuerpo de SUV.<\/p>\n<aside class=\"whatsappChannelText\"><a href=\"https:\/\/whatsapp.com\/channel\/0029VagEjILGE56eKjedWF2U\" rel=\"nofollow\" title=\"WhatsApp Link\"><img alt=\"Logo de WhatsApp\" class=\"lazyload\" data-src=\"https:\/\/derechadiario.com.ar\/filesedc\/uploads\/other\/whatsapp_icon_mid_article.png\" width=\"32\" height=\"32\"><\/a> <a href=\"https:\/\/whatsapp.com\/channel\/0029VagEjILGE56eKjedWF2U\" rel=\"nofollow\" title=\"WhatsApp Link\"><strong>NO SE PIERDAN NINGUNA NOTICIA<\/strong>: Click aqu\u00ed para sumarte <strong>GRATIS<\/strong> al canal de noticias de <strong>La Derecha Diario en WhatsApp.<\/strong><\/a><\/aside>\n<p>Adem\u00e1s, usar\u00e1 una bater\u00eda de litio ternaria de 101,7 kWh, con hasta 760 km de autonom\u00eda y carga r\u00e1pida de 800V.<\/p>\n<figure><img decoding=\"async\" src=\"https:\/\/derechadiario.com.ar\/filesedc\/uploads\/image\/post\/2025\/06\/auto-xiaomi-yu7-max_1200_800.webp\" class=\"img-responsive lazyload\" alt=\"Detalles de un auto deportivo con interiores en color naranja y acabados en fibra de carbono en el volante, espejo lateral y asiento\" title=\"Detalles de un auto deportivo con interiores en color naranja y acabados en fibra de carbono en el volante, espejo lateral y asiento\"><\/figure>\n<h2><strong>Integraci\u00f3n total con el ecosistema Xiaomi<\/strong><\/h2>\n<p>Como era de esperarse, el <strong>YU7<\/strong> estar\u00e1 integrado con <strong>HyperOS<\/strong> y contar\u00e1 con una pantalla de 16,1 pulgadas y chip <strong>Snapdragon 8295<\/strong>.<\/p>\n<p>Tambi\u00e9n sumar\u00e1 el sistema <strong>Nvidia Drive Orin<\/strong> para asistencia en la conducci\u00f3n, lo que lo convierte en un veh\u00edculo ultra conectado.<\/p>\n","protected":false},"excerpt":{"rendered":"<p>Despu\u00e9s del boom que fue el Xiaomi SU7, la marca china redobla la apuesta con un SUV que promete m\u00e1s potencia, autonom\u00eda y lujo. El YU7 ser\u00e1 presentado oficialmente el 26 de junio y buscar\u00e1 consolidar a Xiaomi como referente en el mercado de autos el\u00e9ctricos. El YU7 ser\u00e1 presentado oficialmente el 26 de junio [&hellip;]<\/p>\n","protected":false},"author":2,"featured_media":8595,"comment_status":"open","ping_status":"open","sticky":false,"template":"","format":"standard","meta":{"_et_pb_use_builder":"","_et_pb_old_content":"","_et_gb_content_width":"","footnotes":""},"categories":[84],"tags":[],"class_list":["post-8594","post","type-post","status-publish","format-standard","has-post-thumbnail","hentry","category-ultimomomento"],"_links":{"self":[{"href":"https:\/\/verdadincomodadiario.ar\/index.php?rest_route=\/wp\/v2\/posts\/8594","targetHints":{"allow":["GET"]}}],"collection":[{"href":"https:\/\/verdadincomodadiario.ar\/index.php?rest_route=\/wp\/v2\/posts"}],"about":[{"href":"https:\/\/verdadincomodadiario.ar\/index.php?rest_route=\/wp\/v2\/types\/post"}],"author":[{"embeddable":true,"href":"https:\/\/verdadincomodadiario.ar\/index.php?rest_route=\/wp\/v2\/users\/2"}],"replies":[{"embeddable":true,"href":"https:\/\/verdadincomodadiario.ar\/index.php?rest_route=%2Fwp%2Fv2%2Fcomments&post=8594"}],"version-history":[{"count":0,"href":"https:\/\/verdadincomodadiario.ar\/index.php?rest_route=\/wp\/v2\/posts\/8594\/revisions"}],"wp:featuredmedia":[{"embeddable":true,"href":"https:\/\/verdadincomodadiario.ar\/index.php?rest_route=\/wp\/v2\/media\/8595"}],"wp:attachment":[{"href":"https:\/\/verdadincomodadiario.ar\/index.php?rest_route=%2Fwp%2Fv2%2Fmedia&parent=8594"}],"wp:term":[{"taxonomy":"category","embeddable":true,"href":"https:\/\/verdadincomodadiario.ar\/index.php?rest_route=%2Fwp%2Fv2%2Fcategories&post=8594"},{"taxonomy":"post_tag","embeddable":true,"href":"https:\/\/verdadincomodadiario.ar\/index.php?rest_route=%2Fwp%2Fv2%2Ftags&post=8594"}],"curies":[{"name":"wp","href":"https:\/\/api.w.org\/{rel}","templated":true}]}}