{"id":8590,"date":"2025-06-23T12:18:28","date_gmt":"2025-06-23T12:18:28","guid":{"rendered":"https:\/\/verdadincomodadiario.ar\/?p=8590"},"modified":"2025-06-23T12:18:28","modified_gmt":"2025-06-23T12:18:28","slug":"johnny-depp-apunto-contra-hollywood-y-el-metoo-me-usaron-de-muneco-de-pruebas","status":"publish","type":"post","link":"https:\/\/verdadincomodadiario.ar\/?p=8590","title":{"rendered":"Johnny Depp apunt\u00f3 contra Hollywood y el #MeToo: &#8216;Me usaron de mu\u00f1eco de pruebas&#8217;"},"content":{"rendered":"<p><a href=\"https:\/\/derechadiario.com.ar\/sociedad\/johnny-depp-argentina-los-verdaderos-motivos-su-visita-y-sus-nuevos-proyectos\" title=\"Johnny Depp en Argentina: los verdaderos motivos de su visita y sus nuevos proyectos\"><strong>Johnny Depp<\/strong><\/a> rompi\u00f3 el silencio y habl\u00f3 con crudeza sobre el juicio con <em>Amber Heard<\/em> y las consecuencias que vivi\u00f3 en la industria del cine.<\/p>\n<p>Asegur\u00f3 que fue \u201cel mu\u00f1eco de pruebas\u201d del movimiento <strong>#MeToo<\/strong> y dej\u00f3 en claro que nunca se fue de <a href=\"https:\/\/derechadiario.com.ar\/internacionales\/donald-trump-nombro-mel-gibson-como-enviado-especial-hollywood\" title=\"Donald Trump nombr\u00f3 a Mel Gibson como enviado especial de Hollywood\"><strong>Hollywood<\/strong><\/a>, aunque lo hayan querido borrar.<\/p>\n<div class=\"inter_image image_horizontal\">\n<picture><source class=\"img-responsive\" type=\"image\/webp\" data-srcset=\"https:\/\/filesedc.com\/uploads\/image\/post\/johnny-depp-punta-del-este-vero-lozano_300_200.webp 300w, https:\/\/filesedc.com\/uploads\/image\/post\/johnny-depp-punta-del-este-vero-lozano_630_420.webp 630w, https:\/\/filesedc.com\/uploads\/image\/post\/johnny-depp-punta-del-este-vero-lozano_760_507.webp 760w, https:\/\/filesedc.com\/uploads\/image\/post\/johnny-depp-punta-del-este-vero-lozano_1200_800.webp 1200w, https:\/\/filesedc.com\/uploads\/image\/post\/johnny-depp-punta-del-este-vero-lozano_1600_1067.webp 1600w, \"><img decoding=\"async\" src=\"https:\/\/derechadiario.com.ar\/filesedc\/uploads\/image\/post\/johnny-depp-punta-del-este-vero-lozano_1200_800.webp\" class=\"img-responsive lazyload\" alt=\"Johnny Depp con gafas de sol azules y una gorra gris, con barba y bigote, lleva una chaqueta oscura.\" title=\"Johnny Depp con gafas de sol azules y una gorra gris, con barba y bigote, lleva una chaqueta oscura.\"><\/picture>\n<div>\n<span class=\"img_footer\">Johnny Depp rompi\u00f3 el silencio y habl\u00f3 con crudeza sobre el juicio con Amber Heard <\/span>| <span class=\"img_author\">La Derecha Diario<\/span>\n<\/div>\n<\/div>\n<h2><strong>Una carrera en la cima<\/strong><\/h2>\n<p>En 2017, <strong>Depp<\/strong> era uno de los actores m\u00e1s buscados de Hollywood. Su nombre estaba asociado a \u00e9xitos como <em>Piratas del Caribe<\/em> y <em>Animales fant\u00e1sticos<\/em>.<\/p>\n<p>Tambi\u00e9n encontraba espacio para pel\u00edculas m\u00e1s personales. Ten\u00eda un perfil \u00fanico, mezcla de estrella de cine y artista exc\u00e9ntrico.<\/p>\n<aside class=\"are-you-interested-container-photo\"><\/aside>\n<h3><strong>Amber Heard, el divorcio y el comienzo del esc\u00e1ndalo<\/strong><\/h3>\n<p>La relaci\u00f3n con <strong>Amber Heard<\/strong> dur\u00f3 poco, pero tuvo un impacto enorme. Tras dos a\u00f1os de matrimonio, el divorcio se convirti\u00f3 en uno de los juicios m\u00e1s medi\u00e1ticos del siglo.<\/p>\n<figure><img decoding=\"async\" src=\"https:\/\/derechadiario.com.ar\/filesedc\/uploads\/image\/post\/2025\/06\/amber-heard-johnny-depp_1200_800.webp\" class=\"img-responsive lazyload\" alt=\"Mujer de cabello rubio ondulado y expresi\u00f3n seria viste ropa oscura y est\u00e1 en un entorno interior con fondo neutro\" title=\"Mujer de cabello rubio ondulado y expresi\u00f3n seria viste ropa oscura y est\u00e1 en un entorno interior con fondo neutro\"><\/figure>\n<p>Todo empez\u00f3 con una columna que Heard public\u00f3 en <em>The Washington Post<\/em>, donde lo se\u00f1alaba, sin nombrarlo, como s\u00edmbolo del abuso.<\/p>\n<h2><strong>El auge del #MeToo y la ca\u00edda de Depp<\/strong><\/h2>\n<p>Las acusaciones estallaron justo cuando el <strong>#MeToo<\/strong> estaba en plena expansi\u00f3n. Hollywood reaccion\u00f3 r\u00e1pido y lo apart\u00f3 del mapa.<\/p>\n<figure><img decoding=\"async\" src=\"https:\/\/derechadiario.com.ar\/filesedc\/uploads\/image\/post\/2025\/06\/me-too_1200_800.webp\" class=\"img-responsive lazyload\" alt=\"Mujer con gafas de sol sostiene un cartel de cart\u00f3n con la palabra METOO durante una manifestaci\u00f3n rodeada de otras personas\" title=\"Mujer con gafas de sol sostiene un cartel de cart\u00f3n con la palabra METOO durante una manifestaci\u00f3n rodeada de otras personas\"><\/figure>\n<p><strong>Disney<\/strong> lo borr\u00f3 de futuras entregas de <em>Piratas del Caribe<\/em>, y <strong>Warner Bros.<\/strong> lo ech\u00f3 de <em>Animales fant\u00e1sticos<\/em> despu\u00e9s de perder un juicio en Reino Unido contra el diario <em>The Sun<\/em>.<\/p>\n<aside class=\"whatsappChannelText\"><a href=\"https:\/\/whatsapp.com\/channel\/0029VagEjILGE56eKjedWF2U\" rel=\"nofollow\" title=\"WhatsApp Link\"><img alt=\"Logo de WhatsApp\" class=\"lazyload\" data-src=\"https:\/\/derechadiario.com.ar\/filesedc\/uploads\/other\/whatsapp_icon_mid_article.png\" width=\"32\" height=\"32\"><\/a> <a href=\"https:\/\/whatsapp.com\/channel\/0029VagEjILGE56eKjedWF2U\" rel=\"nofollow\" title=\"WhatsApp Link\"><strong>NO SE PIERDAN NINGUNA NOTICIA<\/strong>: Click aqu\u00ed para sumarte <strong>GRATIS<\/strong> al canal de noticias de <strong>La Derecha Diario en WhatsApp.<\/strong><\/a><\/aside>\n<h3><strong>Cancelado en tiempo r\u00e9cord<\/strong><\/h3>\n<p>\u201cDurante a\u00f1os fui el chivo expiatorio del <strong>#MeToo<\/strong>\u201d, dijo <strong>Depp<\/strong> en una entrevista con <em>The Times U.K.<\/em>.<\/p>\n<p>\u201cAbsorb\u00ed todo eso solo\u201d, agreg\u00f3, visiblemente dolido por el silencio de muchos que lo rodeaban en su mejor momento.<\/p>\n<figure><img decoding=\"async\" src=\"https:\/\/derechadiario.com.ar\/filesedc\/uploads\/image\/post\/2025\/06\/johnny-depp_1200_800.webp\" class=\"img-responsive lazyload\" alt=\"Hombre con sombrero negro, gafas de sol redondas y chaqueta marr\u00f3n en un evento\" title=\"Hombre con sombrero negro, gafas de sol redondas y chaqueta marr\u00f3n en un evento\"><\/figure>\n<h2><strong>Resiliencia y regreso: &#8220;\u00bfVolver? Nunca me fui&#8221;<\/strong><\/h2>\n<p>Lejos de desaparecer, <strong>Depp<\/strong> resisti\u00f3. Valor\u00f3 el apoyo de festivales como el de <strong>San Sebasti\u00e1n<\/strong>, que le dio el <em>Premio Donostia<\/em>.<\/p>\n<p>\u201cSi pudiera desconectarme de esta industria, no volver\u00eda jam\u00e1s\u201d, dispar\u00f3 contra el sistema que lo margin\u00f3 sin pruebas contundentes.<\/p>\n<h3><strong>Una nueva etapa creativa con grandes nombres<\/strong><\/h3>\n<p><strong>Johnny Depp<\/strong> est\u00e1 listo para volver al centro de la escena. Interpretar\u00e1 a <strong>Sat\u00e1n<\/strong> en <em>The Carnival at the End of Days<\/em>, dirigida por <strong>Terry Gilliam<\/strong>.<\/p>\n<figure><img decoding=\"async\" src=\"https:\/\/derechadiario.com.ar\/filesedc\/uploads\/image\/post\/2025\/06\/terry-gilliam_1200_800.webp\" class=\"img-responsive lazyload\" alt=\"Hombre mayor con gafas y barba apoyando sus manos cruzadas bajo el ment\u00f3n en una imagen en blanco y negro\" title=\"Hombre mayor con gafas y barba apoyando sus manos cruzadas bajo el ment\u00f3n en una imagen en blanco y negro\"><\/figure>\n<p>Adem\u00e1s, compartir\u00e1 pantalla con <strong>Pen\u00e9lope Cruz<\/strong> en <em>Day Drinker<\/em>, su pr\u00f3ximo proyecto cinematogr\u00e1fico. Tambi\u00e9n estar\u00e1n <strong>Jason Momoa<\/strong>, <strong>Adam Driver<\/strong> y <strong>Jeff Bridges<\/strong>.<\/p>\n","protected":false},"excerpt":{"rendered":"<p>Johnny Depp rompi\u00f3 el silencio y habl\u00f3 con crudeza sobre el juicio con Amber Heard y las consecuencias que vivi\u00f3 en la industria del cine. Asegur\u00f3 que fue \u201cel mu\u00f1eco de pruebas\u201d del movimiento #MeToo y dej\u00f3 en claro que nunca se fue de Hollywood, aunque lo hayan querido borrar. Johnny Depp rompi\u00f3 el silencio [&hellip;]<\/p>\n","protected":false},"author":2,"featured_media":8591,"comment_status":"open","ping_status":"open","sticky":false,"template":"","format":"standard","meta":{"_et_pb_use_builder":"","_et_pb_old_content":"","_et_gb_content_width":"","footnotes":""},"categories":[84],"tags":[],"class_list":["post-8590","post","type-post","status-publish","format-standard","has-post-thumbnail","hentry","category-ultimomomento"],"_links":{"self":[{"href":"https:\/\/verdadincomodadiario.ar\/index.php?rest_route=\/wp\/v2\/posts\/8590","targetHints":{"allow":["GET"]}}],"collection":[{"href":"https:\/\/verdadincomodadiario.ar\/index.php?rest_route=\/wp\/v2\/posts"}],"about":[{"href":"https:\/\/verdadincomodadiario.ar\/index.php?rest_route=\/wp\/v2\/types\/post"}],"author":[{"embeddable":true,"href":"https:\/\/verdadincomodadiario.ar\/index.php?rest_route=\/wp\/v2\/users\/2"}],"replies":[{"embeddable":true,"href":"https:\/\/verdadincomodadiario.ar\/index.php?rest_route=%2Fwp%2Fv2%2Fcomments&post=8590"}],"version-history":[{"count":0,"href":"https:\/\/verdadincomodadiario.ar\/index.php?rest_route=\/wp\/v2\/posts\/8590\/revisions"}],"wp:featuredmedia":[{"embeddable":true,"href":"https:\/\/verdadincomodadiario.ar\/index.php?rest_route=\/wp\/v2\/media\/8591"}],"wp:attachment":[{"href":"https:\/\/verdadincomodadiario.ar\/index.php?rest_route=%2Fwp%2Fv2%2Fmedia&parent=8590"}],"wp:term":[{"taxonomy":"category","embeddable":true,"href":"https:\/\/verdadincomodadiario.ar\/index.php?rest_route=%2Fwp%2Fv2%2Fcategories&post=8590"},{"taxonomy":"post_tag","embeddable":true,"href":"https:\/\/verdadincomodadiario.ar\/index.php?rest_route=%2Fwp%2Fv2%2Ftags&post=8590"}],"curies":[{"name":"wp","href":"https:\/\/api.w.org\/{rel}","templated":true}]}}