{"id":8588,"date":"2025-06-23T12:18:29","date_gmt":"2025-06-23T12:18:29","guid":{"rendered":"https:\/\/verdadincomodadiario.ar\/?p=8588"},"modified":"2025-06-23T12:18:29","modified_gmt":"2025-06-23T12:18:29","slug":"se-viene-el-anuncio-oficial-filtraron-las-meta-quest-3s-version-xbox","status":"publish","type":"post","link":"https:\/\/verdadincomodadiario.ar\/?p=8588","title":{"rendered":"\u00bfSe viene el anuncio oficial? Filtraron las Meta Quest 3S versi\u00f3n Xbox"},"content":{"rendered":"<p>Despu\u00e9s de a\u00f1os sin apostar por la <strong>realidad virtual<\/strong>, <strong><a href=\"https:\/\/derechadiario.com.ar\/entretenimiento\/xbox-game-pass-junio-microsoft-agrega-14-juegos-y-retira-3-del-catalogo\" title=\"Xbox Game Pass en junio: Microsoft agrega 14 juegos y retira 3 del cat\u00e1logo\">Xbox<\/a><\/strong>\u00a0 vuelve al ruedo. Una imagen filtrada muestra lo que ser\u00eda su primer producto VR junto a <a href=\"https:\/\/derechadiario.com.ar\/sociedad\/meta-presenta-sus-nuevos-anteojos-deportivos-con-oakley-como-son-y-cuanto-cuestan\" title=\"Meta presenta sus nuevos anteojos deportivos con Oakley: c\u00f3mo son y cu\u00e1nto cuestan\"><strong>Meta<\/strong><\/a>.<\/p>\n<p>La filtraci\u00f3n revela una edici\u00f3n especial de las <strong>Meta Quest 3S Xbox Edition<\/strong>, con dise\u00f1o negro y verde, y un <strong>joystick de Xbox<\/strong> incluido. Todo indica que el anuncio oficial est\u00e1 al caer.<\/p>\n<div class=\"inter_image image_horizontal\">\n<picture><source class=\"img-responsive\" type=\"image\/webp\" data-srcset=\"https:\/\/filesedc.com\/uploads\/image\/post\/2025\/06\/filtracion-meta-quest-xbox_300_200.webp 300w, https:\/\/filesedc.com\/uploads\/image\/post\/2025\/06\/filtracion-meta-quest-xbox_630_420.webp 630w, https:\/\/filesedc.com\/uploads\/image\/post\/2025\/06\/filtracion-meta-quest-xbox_760_507.webp 760w, https:\/\/filesedc.com\/uploads\/image\/post\/2025\/06\/filtracion-meta-quest-xbox_1200_800.webp 1200w, https:\/\/filesedc.com\/uploads\/image\/post\/2025\/06\/filtracion-meta-quest-xbox_1600_1067.webp 1600w, \"><img decoding=\"async\" src=\"https:\/\/derechadiario.com.ar\/filesedc\/uploads\/image\/post\/2025\/06\/filtracion-meta-quest-xbox_1200_800.webp\" class=\"img-responsive lazyload\" alt=\"Caja filtrada de un visor Meta Quest 3S edici\u00f3n Xbox sobre una superficie azul y amarilla\" title=\"Caja filtrada de un visor Meta Quest 3S edici\u00f3n Xbox sobre una superficie azul y amarilla\"><\/picture>\n<div>\n<span class=\"img_footer\">La filtraci\u00f3n revela una edici\u00f3n especial de las Meta Quest 3S Xbox Edition <\/span>| <span class=\"img_author\">La Derecha Diario<\/span>\n<\/div>\n<\/div>\n<h2><strong>\u00bfC\u00f3mo son las nuevas gafas VR de Xbox?<\/strong><\/h2>\n<p>La imagen, compartida por el analista Zuby Tech, muestra la caja de un posible combo de realidad virtual. Ser\u00eda una versi\u00f3n personalizada de las <strong>Meta Quest 3S<\/strong>, el modelo m\u00e1s barato de Meta.<\/p>\n<p>El dise\u00f1o tiene detalles en verde, bien al estilo Xbox, y vendr\u00eda con los mandos cl\u00e1sicos de Meta y un <strong>joystick oficial<\/strong> de la consola.<\/p>\n<aside class=\"are-you-interested-container-photo\"><\/aside>\n<h3><strong>\u00bfCu\u00e1ndo salen a la venta?<\/strong><\/h3>\n<p>Por ahora no se sabe ni el <strong>precio<\/strong> ni la <strong>fecha de lanzamiento<\/strong>. Pero todo apunta a que el anuncio est\u00e1 muy cerca.<\/p>\n<figure><img decoding=\"async\" src=\"https:\/\/derechadiario.com.ar\/filesedc\/uploads\/image\/post\/2025\/06\/meta-quest-filtracion-xbox_1200_800.webp\" class=\"img-responsive lazyload\" alt=\"Un visor de realidad virtual negro con el logo de Xbox y dos controles sobre un fondo verde\" title=\"Un visor de realidad virtual negro con el logo de Xbox y dos controles sobre un fondo verde\"><\/figure>\n<p>La imagen filtrada apareci\u00f3 justo cuando Xbox viene cerrando acuerdos con marcas como <strong>ASUS<\/strong> (por las ROG Ally) y <strong>AMD<\/strong> para sus consolas que vienen.<\/p>\n<h2><strong>Un giro inesperado en la estrategia de Microsoft<\/strong><\/h2>\n<p>Hasta hace no mucho, Xbox dec\u00eda que no ten\u00eda inter\u00e9s en meterse en la realidad virtual. Pero este acuerdo con Meta muestra que cambiaron de idea.<\/p>\n<p>Mark Zuckerberg, CEO de Meta, ya hab\u00eda tirado la primicia hace m\u00e1s de un a\u00f1o en Instagram. Desde entonces no se supo m\u00e1s, hasta ahora.<\/p>\n<aside class=\"whatsappChannelText\"><a href=\"https:\/\/whatsapp.com\/channel\/0029VagEjILGE56eKjedWF2U\" rel=\"nofollow\" title=\"WhatsApp Link\"><img alt=\"Logo de WhatsApp\" class=\"lazyload\" data-src=\"https:\/\/derechadiario.com.ar\/filesedc\/uploads\/other\/whatsapp_icon_mid_article.png\" width=\"32\" height=\"32\"><\/a> <a href=\"https:\/\/whatsapp.com\/channel\/0029VagEjILGE56eKjedWF2U\" rel=\"nofollow\" title=\"WhatsApp Link\"><strong>NO SE PIERDAN NINGUNA NOTICIA<\/strong>: Click aqu\u00ed para sumarte <strong>GRATIS<\/strong> al canal de noticias de <strong>La Derecha Diario en WhatsApp.<\/strong><\/a><\/aside>\n<figure><img decoding=\"async\" src=\"https:\/\/derechadiario.com.ar\/filesedc\/uploads\/image\/post\/176944592-mark-zuckerberg-presidente-do-facebook_1200_800.webp\" class=\"img-responsive lazyload\" alt=\"Un hombre sentado en una oficina moderna mirando su tel\u00e9fono m\u00f3vil con una computadora port\u00e1til y un visor de realidad virtual sobre la mesa.\" title=\"Un hombre sentado en una oficina moderna mirando su tel\u00e9fono m\u00f3vil con una computadora port\u00e1til y un visor de realidad virtual sobre la mesa.\"><\/figure>\n<h3><strong>\u00bfSer\u00e1 el \u00fanico modelo o vienen m\u00e1s?<\/strong><\/h3>\n<p>No est\u00e1 claro si esta edici\u00f3n especial de las Quest 3S va a ser la \u00fanica. Tambi\u00e9n podr\u00eda salir una versi\u00f3n m\u00e1s potente basada en las <em>Meta Quest 3<\/em>.<\/p>\n<p>Mientras tanto, los fan\u00e1ticos de Xbox y la VR est\u00e1n re manija. Todo indica que <strong>el salto de Xbox al mundo virtual<\/strong> ya es una realidad.<\/p>\n","protected":false},"excerpt":{"rendered":"<p>Despu\u00e9s de a\u00f1os sin apostar por la realidad virtual, Xbox\u00a0 vuelve al ruedo. Una imagen filtrada muestra lo que ser\u00eda su primer producto VR junto a Meta. La filtraci\u00f3n revela una edici\u00f3n especial de las Meta Quest 3S Xbox Edition, con dise\u00f1o negro y verde, y un joystick de Xbox incluido. Todo indica que el [&hellip;]<\/p>\n","protected":false},"author":2,"featured_media":8589,"comment_status":"open","ping_status":"open","sticky":false,"template":"","format":"standard","meta":{"_et_pb_use_builder":"","_et_pb_old_content":"","_et_gb_content_width":"","footnotes":""},"categories":[84],"tags":[],"class_list":["post-8588","post","type-post","status-publish","format-standard","has-post-thumbnail","hentry","category-ultimomomento"],"_links":{"self":[{"href":"https:\/\/verdadincomodadiario.ar\/index.php?rest_route=\/wp\/v2\/posts\/8588","targetHints":{"allow":["GET"]}}],"collection":[{"href":"https:\/\/verdadincomodadiario.ar\/index.php?rest_route=\/wp\/v2\/posts"}],"about":[{"href":"https:\/\/verdadincomodadiario.ar\/index.php?rest_route=\/wp\/v2\/types\/post"}],"author":[{"embeddable":true,"href":"https:\/\/verdadincomodadiario.ar\/index.php?rest_route=\/wp\/v2\/users\/2"}],"replies":[{"embeddable":true,"href":"https:\/\/verdadincomodadiario.ar\/index.php?rest_route=%2Fwp%2Fv2%2Fcomments&post=8588"}],"version-history":[{"count":0,"href":"https:\/\/verdadincomodadiario.ar\/index.php?rest_route=\/wp\/v2\/posts\/8588\/revisions"}],"wp:featuredmedia":[{"embeddable":true,"href":"https:\/\/verdadincomodadiario.ar\/index.php?rest_route=\/wp\/v2\/media\/8589"}],"wp:attachment":[{"href":"https:\/\/verdadincomodadiario.ar\/index.php?rest_route=%2Fwp%2Fv2%2Fmedia&parent=8588"}],"wp:term":[{"taxonomy":"category","embeddable":true,"href":"https:\/\/verdadincomodadiario.ar\/index.php?rest_route=%2Fwp%2Fv2%2Fcategories&post=8588"},{"taxonomy":"post_tag","embeddable":true,"href":"https:\/\/verdadincomodadiario.ar\/index.php?rest_route=%2Fwp%2Fv2%2Ftags&post=8588"}],"curies":[{"name":"wp","href":"https:\/\/api.w.org\/{rel}","templated":true}]}}