{"id":8574,"date":"2025-06-22T23:25:38","date_gmt":"2025-06-22T23:25:38","guid":{"rendered":"https:\/\/verdadincomodadiario.ar\/?p=8574"},"modified":"2025-06-22T23:25:38","modified_gmt":"2025-06-22T23:25:38","slug":"impunidad-el-caso-consorcio-puede-quedar-archivado-segun-el-abogado-de-cesar-siles","status":"publish","type":"post","link":"https:\/\/verdadincomodadiario.ar\/?p=8574","title":{"rendered":"Impunidad: El caso consorcio puede quedar archivado, seg\u00fan el abogado de C\u00e9sar Siles"},"content":{"rendered":"<p>La defensa del exministro C\u00e9sar Siles advirti\u00f3 que <strong>el caso consorcio podr\u00eda quedar sin efecto<\/strong>. Argument\u00f3 que la principal prueba en su contra no fue presentada ante la Fiscal\u00eda. Se trata de <a href=\"https:\/\/derechadiario.com.ar\/bolivia\/politica\/caso-consorcio-audio-evidencio-red-corrupcion-que-manipula-justicia\" title=\"Caso consorcio: Un audio evidenci\u00f3 a la red de corrupci\u00f3n que manipula la Justicia\">un audio atribuido a Siles en el que\u00a0coordina un fallo judicial<\/a>.<\/p>\n<p>Seg\u00fan su abogado Franklin Guti\u00e9rrez, <strong>ese material carece de validez legal<\/strong>. Afirm\u00f3 que ya se tratar\u00eda de <strong>una prueba contaminada<\/strong>.<\/p>\n<p>Siles enfrenta cargos por consorcio y tr\u00e1fico de influencias. El s\u00e1bado, <strong>la justicia orden\u00f3 su detenci\u00f3n preventiva por cinco meses<\/strong>. Cumplir\u00e1 esa medida en la c\u00e1rcel de Patacamaya.<\/p>\n<p>La audiencia cautelar dur\u00f3 diez horas y fue realizada de forma virtual. La defensa intent\u00f3 detener el proceso alegando una aprehensi\u00f3n ilegal.<\/p>\n<p>El audio en cuesti\u00f3n lo implicar\u00eda en una conversaci\u00f3n con el juez de Coroico, Marcelo Lea Plaza. En esa llamada se \u00a0<strong>habr\u00eda coordinado un fallo contra la magistrada del Tribunal Supremo de Justicia, Fanny Coaquira<\/strong>. La conversaci\u00f3n, filtrada en redes sociales, fue usada como base para abrir el caso.<\/p>\n<p>Sin embargo, la defensa afirma que no se present\u00f3 el archivo original. Solo existen capturas de pantalla y transcripciones.<\/p>\n<h2>El audio no fue presentado<\/h2>\n<div class=\"inter_image image_horizontal\">\n<picture><source class=\"img-responsive\" type=\"image\/webp\" data-srcset=\"https:\/\/filesedc.com\/uploads\/image\/post\/2025\/06\/md-4-1750629432074_300_200.webp 300w, https:\/\/filesedc.com\/uploads\/image\/post\/2025\/06\/md-4-1750629432074_630_420.webp 630w, https:\/\/filesedc.com\/uploads\/image\/post\/2025\/06\/md-4-1750629432074_760_507.webp 760w, https:\/\/filesedc.com\/uploads\/image\/post\/2025\/06\/md-4-1750629432074_1200_800.webp 1200w, https:\/\/filesedc.com\/uploads\/image\/post\/2025\/06\/md-4-1750629432074_1600_1067.webp 1600w, \"><img decoding=\"async\" src=\"https:\/\/derechadiario.com.ar\/filesedc\/uploads\/image\/post\/2025\/06\/md-4-1750629432074_1200_800.webp\" class=\"img-responsive lazyload\" alt=\"Param\u00e9dicos trasladan a una persona en camilla cubierta con una manta rosa hacia una ambulancia estacionada en la calle\" title=\"Param\u00e9dicos trasladan a una persona en camilla cubierta con una manta rosa hacia una ambulancia estacionada en la calle\"><\/picture>\n<div>\n<span class=\"img_footer\">Siles sufri\u00f3 una descompensaci\u00f3n este domingo <\/span>| <span class=\"img_author\">La Derecha Diario<\/span>\n<\/div>\n<\/div>\n<p>Franklin Guti\u00e9rrez insisti\u00f3 en que no es posible realizar una pericia si no se presenta el soporte. Asegur\u00f3 que <strong>cualquier intento de presentar el audio ser\u00eda tard\u00edo y sin valor<\/strong>.<\/p>\n<p>Consider\u00f3 que la ausencia de pruebas v\u00e1lidas podr\u00eda anular el proceso. Por ello, plante\u00f3 que <strong>el caso consorcio corre el riesgo de cerrarse<\/strong>. Tambi\u00e9n puso en duda la autenticidad del material filtrado.<\/p>\n<p>Entre tanto, la Fiscal\u00eda no se ha pronunciado sobre los cuestionamientos a las pruebas. Otro implicado, Yv\u00e1n C\u00f3rdova, opt\u00f3 por guardar silencio.<\/p>\n<p>Se espera que su situaci\u00f3n legal se defina en los pr\u00f3ximos d\u00edas. Por ahora, no hay fecha para nuevas audiencias p\u00fablicas.<\/p>\n<p>La situaci\u00f3n de Siles se agrav\u00f3 este domingo. El exministro sufri\u00f3 una descompensaci\u00f3n en la FELCC de La Paz. Fue atendido por una unidad de Bomberos y trasladado a un centro m\u00e9dico.<\/p>\n<p>Se encontraba a la espera de su notificaci\u00f3n oficial de traslado. Su estado fue reportado como estable tras la asistencia m\u00e9dica.<\/p>\n<h2>Una red de corrupci\u00f3n<\/h2>\n<figure><img decoding=\"async\" src=\"https:\/\/derechadiario.com.ar\/filesedc\/uploads\/image\/post\/2025\/06\/md-5-1750629504203_1200_800.webp\" class=\"img-responsive lazyload\" alt=\"Mujer con abrigo rosa y cubrebocas es escoltada por dos polic\u00edas en uniforme oscuro frente a un edificio verde\" title=\"Mujer con abrigo rosa y cubrebocas es escoltada por dos polic\u00edas en uniforme oscuro frente a un edificio verde\"><\/figure>\n<p>Adem\u00e1s de Siles, otras cinco personas est\u00e1n implicadas en el caso consorcio. Entre ellas se encuentran exautoridades judiciales y diplom\u00e1ticas. Dos de los investigados ya tienen detenci\u00f3n preventiva.<\/p>\n<p>Otros recibieron detenci\u00f3n domiciliaria con o sin salidas laborales. El juez Lea Plaza a\u00fan se encuentra en una cl\u00ednica y no fue llevado a San Pedro.<\/p>\n<p>La diputada Janira Rom\u00e1n, de Comunidad Ciudadana, <strong>exigi\u00f3 el cierre del Ministerio de Justicia<\/strong>. Acus\u00f3 a esa cartera de <a href=\"https:\/\/derechadiario.com.ar\/bolivia\/politica\/mafia-judicial-audio-involucra-al-fiscal-general-mariaca-descarto-su-renuncia\" title=\"Mafia judicial: Audio involucra al Fiscal General, pero Mariaca descart\u00f3 su renuncia\">ser parte del aparato de control judicial del oficialismo<\/a>.<\/p>\n<p>Rom\u00e1n, critic\u00f3 que se gaste <strong>m\u00e1s de 84 millones de bolivianos en una instituci\u00f3n que favorece la corrupci\u00f3n<\/strong>. Su denuncia se basa en el caso Siles y la manipulaci\u00f3n de fallos judiciales. Pidi\u00f3 al presidente Arce una acci\u00f3n inmediata.<\/p>\n<p>El asamble\u00edsta \u00d3scar Balderas tambi\u00e9n se\u00f1al\u00f3 al Ministerio de Justicia como parte de <a href=\"https:\/\/derechadiario.com.ar\/bolivia\/politica\/bolivia-pais-mas-corrupto-estudio-revela-que-mas-consolido-delincuencia\" title=\"Bolivia, el pa\u00eds m\u00e1s corrupto: Un estudio revela que el MAS consolid\u00f3 la delincuencia\">la crisis judicial<\/a>. Record\u00f3 que en 2023 propuso su eliminaci\u00f3n por razones estructurales.<\/p>\n<p>As\u00ed mismo, afirm\u00f3 que esta entidad tiene una funci\u00f3n pol\u00edtica m\u00e1s que administrativa. Sostuvo que eliminarla ser\u00eda una medida de austeridad y reforma. Insisti\u00f3 en que el conflicto pol\u00edtico impide discutir reformas urgentes.<\/p>\n<h2>El ministro no act\u00fao solo<\/h2>\n<figure><img decoding=\"async\" src=\"https:\/\/derechadiario.com.ar\/filesedc\/uploads\/image\/post\/2025\/06\/md-6-1750629320171_1200_800.webp\" class=\"img-responsive lazyload\" alt=\"Tres hombres mayores est\u00e1n de pie en la calle sosteniendo carteles hechos a mano en los que expresan apoyo a una persona llamada C\u00e9sar Siles y piden justicia\" title=\"Tres hombres mayores est\u00e1n de pie en la calle sosteniendo carteles hechos a mano en los que expresan apoyo a una persona llamada C\u00e9sar Siles y piden justicia\"><\/figure>\n<p>Durante la audiencia de medidas cautelares, un grupo de personas\u00a0realizaron una vigilia frente a la FELCC. Portaban pancartas en apoyo a C\u00e9sar Siles, el exministro acusado de corrupci\u00f3n.\u00a0<\/p>\n<p>Los asistentes coreaban frases como <strong>\u201cSiles no est\u00e1 solo\u201d<\/strong>. Consideraban que el caso ten\u00eda motivaciones pol\u00edticas. No hubo incidentes, pero se registr\u00f3 una fuerte presencia policial.<\/p>\n<p>A pesar del <strong>argumento de prueba contaminada, la justicia determin\u00f3 su reclusi\u00f3n<\/strong>. La medida fue tomada en medio de presiones y protestas. Se desconoce si el Tribunal aceptar\u00e1 revisar el incidente presentado por la defensa.<\/p>\n<p>El proceso contin\u00faa en curso, pero con tensiones crecientes. No se descartan m\u00e1s revelaciones en los pr\u00f3ximos d\u00edas.<\/p>\n<p>La credibilidad del sistema judicial ha vuelto a quedar en entredicho. La ciudadan\u00eda expresa preocupaci\u00f3n ante un nuevo caso de posible impunidad. Las cr\u00edticas apuntan tanto a <strong>operadores judiciales como a instancias del Ejecutivo<\/strong>.<\/p>\n<p>La falta de transparencia alimenta la desconfianza p\u00fablica. Y la crisis institucional se profundiza con cada nuevo esc\u00e1ndalo.<\/p>\n<p>Se investiga <strong>una red que habr\u00eda manipulado fallos desde las m\u00e1s altas instancias<\/strong>. La gravedad de las acusaciones exige una respuesta clara del Gobierno. Pero por ahora, el r\u00e9gimen\u00a0solo guarda silencio.<\/p>\n","protected":false},"excerpt":{"rendered":"<p>La defensa del exministro C\u00e9sar Siles advirti\u00f3 que el caso consorcio podr\u00eda quedar sin efecto. Argument\u00f3 que la principal prueba en su contra no fue presentada ante la Fiscal\u00eda. Se trata de un audio atribuido a Siles en el que\u00a0coordina un fallo judicial. Seg\u00fan su abogado Franklin Guti\u00e9rrez, ese material carece de validez legal. Afirm\u00f3 [&hellip;]<\/p>\n","protected":false},"author":2,"featured_media":8575,"comment_status":"open","ping_status":"open","sticky":false,"template":"","format":"standard","meta":{"_et_pb_use_builder":"","_et_pb_old_content":"","_et_gb_content_width":"","footnotes":""},"categories":[84],"tags":[],"class_list":["post-8574","post","type-post","status-publish","format-standard","has-post-thumbnail","hentry","category-ultimomomento"],"_links":{"self":[{"href":"https:\/\/verdadincomodadiario.ar\/index.php?rest_route=\/wp\/v2\/posts\/8574","targetHints":{"allow":["GET"]}}],"collection":[{"href":"https:\/\/verdadincomodadiario.ar\/index.php?rest_route=\/wp\/v2\/posts"}],"about":[{"href":"https:\/\/verdadincomodadiario.ar\/index.php?rest_route=\/wp\/v2\/types\/post"}],"author":[{"embeddable":true,"href":"https:\/\/verdadincomodadiario.ar\/index.php?rest_route=\/wp\/v2\/users\/2"}],"replies":[{"embeddable":true,"href":"https:\/\/verdadincomodadiario.ar\/index.php?rest_route=%2Fwp%2Fv2%2Fcomments&post=8574"}],"version-history":[{"count":0,"href":"https:\/\/verdadincomodadiario.ar\/index.php?rest_route=\/wp\/v2\/posts\/8574\/revisions"}],"wp:featuredmedia":[{"embeddable":true,"href":"https:\/\/verdadincomodadiario.ar\/index.php?rest_route=\/wp\/v2\/media\/8575"}],"wp:attachment":[{"href":"https:\/\/verdadincomodadiario.ar\/index.php?rest_route=%2Fwp%2Fv2%2Fmedia&parent=8574"}],"wp:term":[{"taxonomy":"category","embeddable":true,"href":"https:\/\/verdadincomodadiario.ar\/index.php?rest_route=%2Fwp%2Fv2%2Fcategories&post=8574"},{"taxonomy":"post_tag","embeddable":true,"href":"https:\/\/verdadincomodadiario.ar\/index.php?rest_route=%2Fwp%2Fv2%2Ftags&post=8574"}],"curies":[{"name":"wp","href":"https:\/\/api.w.org\/{rel}","templated":true}]}}