{"id":8572,"date":"2025-06-22T23:25:39","date_gmt":"2025-06-22T23:25:39","guid":{"rendered":"https:\/\/verdadincomodadiario.ar\/?p=8572"},"modified":"2025-06-22T23:25:39","modified_gmt":"2025-06-22T23:25:39","slug":"wilson-el-blanco-que-queria-un-uruguay-socialista","status":"publish","type":"post","link":"https:\/\/verdadincomodadiario.ar\/?p=8572","title":{"rendered":"Wilson: el blanco que quer\u00eda un Uruguay socialista"},"content":{"rendered":"<p><strong>En la plaza p\u00fablica de los consensos vac\u00edos, pocos estandartes ondean con tanta unanimidad como el de Wilson Ferreira Aldunate.<\/strong> Basta con nombrarlo para que aflore la reverencia autom\u00e1tica: s\u00edmbolo de la resistencia, abanderado de la libertad, m\u00e1rtir de la democracia. <strong>Pero, como suele pasar en esta rep\u00fablica de mitos subsidiados, conviene leer la letra chica de las biograf\u00edas antes de colocarlas en el bronce.<\/strong><\/p>\n<p>Su ideario era el de un estatista ilustrado con pretensiones de redentor social. <strong>Su proyecto de pa\u00eds, lejos de limitar el poder pol\u00edtico, aspiraba a ampliarlo en nombre del &#8220;bien com\u00fan&#8221;<\/strong>: reforma agraria, expansi\u00f3n del Estado de bienestar y una pol\u00edtica industrial inspirada, m\u00e1s en Evita que en Adam Smith.<\/p>\n<p><strong>La reforma agraria que promov\u00eda no implicaba devolver la tierra a leg\u00edtimos propietarios, sino expropiarla para redistribuirla en base a criterios pol\u00edticos.<\/strong> El sue\u00f1o wilsonista era el de un Estado agrimensor y tutor, que repartiera parcelas como si repartiera estampitas, en nombre de una justicia social que nunca explic\u00f3 c\u00f3mo financiar\u00eda.<\/p>\n<p>Quiz\u00e1s tambi\u00e9n te interese <a href=\"https:\/\/derechadiario.com.ar\/uruguay\/politica\/mujica-delato-sus-companeros-y-colaboro-con-los-militares-1972\">esta nota sobre Mujica y su papel en los a\u00f1os 70<\/a>, donde se revela el trasfondo menos conocido de una figura ic\u00f3nica.<\/p>\n<p><strong>Su visi\u00f3n del Estado de bienestar tampoco fue minimalista.<\/strong> M\u00e1s bien, pretend\u00eda reforzarlo. Wilson cre\u00eda en un Estado paternal que garantizara vivienda, salud, empleo y felicidad, <strong>como si eso fuera una funci\u00f3n leg\u00edtima del poder pol\u00edtico y no una excusa para entrometerse en todas las esferas de la vida privada.<\/strong><\/p>\n<p>En cuanto a su pol\u00edtica industrial, ten\u00eda todo el aroma del intervencionismo peronista: sustituci\u00f3n de importaciones, fomento de industrias nacionales artificiales, planificaci\u00f3n econ\u00f3mica y un entusiasmo casi religioso por la &#8220;producci\u00f3n nacional&#8221;, <strong>esa entelequia que suele derivar en monopolios improductivos apadrinados por el Estado.<\/strong><\/p>\n<p><strong>\u00bfLiberalismo? Solo en la est\u00e9tica.<\/strong> Su cr\u00edtica al poder fue contra las Fuerzas Armadas, no contra la hipertrofia estatal. Su defensa de la libertad fue abstracta y emocional, no estructural. <strong>Nada en su pensamiento cuestionaba el fondo estatista del modelo uruguayo.<\/strong> De hecho, buscaba reforzarlo con otro relato y otra \u00e9pica, pero el mismo gasto y el mismo aparato.<\/p>\n<p>Quiz\u00e1s tambi\u00e9n te interese <a href=\"https:\/\/derechadiario.com.ar\/uruguay\/politica\/100-dias-bitacora-del-proyecto-gobierno-honesto-yamandu-orsi\">esta bit\u00e1cora sobre los primeros 100 d\u00edas de Yamand\u00fa Orsi<\/a>, un vistazo a la gesti\u00f3n desde otro \u00e1ngulo del progresismo criollo.<\/p>\n<p><strong>Ferreira fue un caudillo con \u00ednfulas sociales.<\/strong> Y eso es justamente lo que m\u00e1s deber\u00eda preocuparnos a los que s\u00ed creemos en la libertad: <strong>el culto al pol\u00edtico que promete todo, mientras prepara el terreno para que el Estado lo regule todo.<\/strong><\/p>\n<p><strong>Hoy, en tiempos de inflaci\u00f3n moral y d\u00e9ficit eterno, urge recuperar la lucidez<\/strong>: no todo el que se opuso a la dictadura es un referente de la libertad. <strong>Y no todo lo que suena justo es justo cuando lo paga otro.<\/strong> Entre la libertad y Ferreira, <strong>los liberales aut\u00e9nticos ya decidimos hace rato.<\/strong><\/p>\n","protected":false},"excerpt":{"rendered":"<p>En la plaza p\u00fablica de los consensos vac\u00edos, pocos estandartes ondean con tanta unanimidad como el de Wilson Ferreira Aldunate. Basta con nombrarlo para que aflore la reverencia autom\u00e1tica: s\u00edmbolo de la resistencia, abanderado de la libertad, m\u00e1rtir de la democracia. Pero, como suele pasar en esta rep\u00fablica de mitos subsidiados, conviene leer la letra [&hellip;]<\/p>\n","protected":false},"author":2,"featured_media":8573,"comment_status":"open","ping_status":"open","sticky":false,"template":"","format":"standard","meta":{"_et_pb_use_builder":"","_et_pb_old_content":"","_et_gb_content_width":"","footnotes":""},"categories":[84],"tags":[],"class_list":["post-8572","post","type-post","status-publish","format-standard","has-post-thumbnail","hentry","category-ultimomomento"],"_links":{"self":[{"href":"https:\/\/verdadincomodadiario.ar\/index.php?rest_route=\/wp\/v2\/posts\/8572","targetHints":{"allow":["GET"]}}],"collection":[{"href":"https:\/\/verdadincomodadiario.ar\/index.php?rest_route=\/wp\/v2\/posts"}],"about":[{"href":"https:\/\/verdadincomodadiario.ar\/index.php?rest_route=\/wp\/v2\/types\/post"}],"author":[{"embeddable":true,"href":"https:\/\/verdadincomodadiario.ar\/index.php?rest_route=\/wp\/v2\/users\/2"}],"replies":[{"embeddable":true,"href":"https:\/\/verdadincomodadiario.ar\/index.php?rest_route=%2Fwp%2Fv2%2Fcomments&post=8572"}],"version-history":[{"count":0,"href":"https:\/\/verdadincomodadiario.ar\/index.php?rest_route=\/wp\/v2\/posts\/8572\/revisions"}],"wp:featuredmedia":[{"embeddable":true,"href":"https:\/\/verdadincomodadiario.ar\/index.php?rest_route=\/wp\/v2\/media\/8573"}],"wp:attachment":[{"href":"https:\/\/verdadincomodadiario.ar\/index.php?rest_route=%2Fwp%2Fv2%2Fmedia&parent=8572"}],"wp:term":[{"taxonomy":"category","embeddable":true,"href":"https:\/\/verdadincomodadiario.ar\/index.php?rest_route=%2Fwp%2Fv2%2Fcategories&post=8572"},{"taxonomy":"post_tag","embeddable":true,"href":"https:\/\/verdadincomodadiario.ar\/index.php?rest_route=%2Fwp%2Fv2%2Ftags&post=8572"}],"curies":[{"name":"wp","href":"https:\/\/api.w.org\/{rel}","templated":true}]}}