{"id":8552,"date":"2025-06-22T18:15:15","date_gmt":"2025-06-22T18:15:15","guid":{"rendered":"https:\/\/verdadincomodadiario.ar\/?p=8552"},"modified":"2025-06-22T18:15:15","modified_gmt":"2025-06-22T18:15:15","slug":"funcionarios-publicos-disfrazados-de-artistas","status":"publish","type":"post","link":"https:\/\/verdadincomodadiario.ar\/?p=8552","title":{"rendered":"Funcionarios p\u00fablicos disfrazados de artistas"},"content":{"rendered":"<p><strong>D\u00e9bora Quiring permanecer\u00e1 al frente del Departamento de Cultura de la Intendencia de Montevideo<\/strong> y continuar\u00e1 malgastando el dinero de los contribuyentes.<\/p>\n<p><strong>Se estima que los montevideanos destinan al menos $30 millones de pesos anuales<\/strong> al mantenimiento operativo de la Comedia Nacional, sin contar el presupuesto asignado a publicidad, infraestructura o administraci\u00f3n. A esto se suman m\u00e1s de $38 millones en salarios para funcionarios docentes y t\u00e9cnicos de la EMAD (Escuela Multidisciplinaria de Arte Dram\u00e1tico), de donde surge el elenco de la Comedia.<\/p>\n<p><strong>Gastos por obras de la Comedia Nacional<\/strong><\/p>\n<p>El elenco municipal present\u00f3 su programaci\u00f3n 2025: nueve obras en tres franjas, con funciones en el Teatro Sol\u00eds, la Sala Verdi y la Sala Zavala Muniz, con entradas que rondan los mil pesos uruguayos.<\/p>\n<p>Entre enero y junio de 2025, la Intendencia ya ejecut\u00f3 m\u00e1s de $2 millones de pesos en contrataciones externas: artistas internacionales, escen\u00f3grafos, transporte, producci\u00f3n y asistencia t\u00e9cnica.<\/p>\n<p><strong>Primera franja (marzo\u2013mayo)<\/strong><\/p>\n<ul>\n<li>\u201cDulce p\u00e1jaro de juventud\u201d \u2013 Tennessee Williams<br \/>\tEstreno: 20 de marzo en Sala Principal del Teatro Sol\u00eds<br \/>\tAlejandro Tantanian (director argentino): U$S 9.704,55 \u2014 Resoluci\u00f3n N.\u00ba 117\/25\/8000<br \/>\tOria Puppo (escen\u00f3grafa argentina): U$S 6.931,82 \u2014 Resoluci\u00f3n N.\u00ba 114\/25\/8000<br \/>\tEnzo Vogrincic (actor invitado): $349.530 \u2014 Resoluci\u00f3n N.\u00ba 269\/25\/8000<\/li>\n<li>\u201cCarne viva\u201d \u2013 Denise Despeyroux<br \/>\tEstreno: 20 de marzo en Sala Verdi<br \/>\tDirecci\u00f3n de Andr\u00e9 H\u00fcbener. Sin datos p\u00fablicos de gastos divulgados.<\/li>\n<\/ul>\n<p><strong>Segunda franja (junio\u2013julio)<\/strong><\/p>\n<ul>\n<li>\u201cLas Brujas de Salem\u201d \u2013 Arthur Miller<br \/>\tEstreno: 21 de junio en Sala Principal del Teatro Sol\u00eds<br \/>\tAndr\u00e9s Lima (director espa\u00f1ol): U$S 11.090,90 \u2014 Resoluci\u00f3n N.\u00ba 274\/25\/8000<\/li>\n<li>\u201cLa dama boba\u201d \u2013 Elena Garro, adaptaci\u00f3n de Lope de Vega<br \/>\tEstreno: 12 de junio \u2013 Sala Verdi<br \/>\tAurora Cano (directora mexicana): U$S 9.704,55 \u2014 Resoluci\u00f3n N.\u00ba 275\/25\/8000<br \/>\tActuaci\u00f3n especial de Papina de Palma (sin detalle oficial de honorarios)<\/li>\n<li>\u201cLos P\u00e1lidos\u201d \u2013 Luc\u00eda Carballal<br \/>\tSala Zavala Muniz. Coproducci\u00f3n con el Centro Dram\u00e1tico Nacional de Espa\u00f1a.<br \/>\tSin gastos p\u00fablicos informados.<\/li>\n<\/ul>\n<p><strong>Tercera franja (octubre\u2013noviembre)<\/strong><\/p>\n<ul>\n<li>\u201cNo nos pasa nada\u201d \u2013 Jimena M\u00e1rquez<br \/>\tSala Zavala Muniz. Coproducci\u00f3n con Singulier Pluriel (Canad\u00e1). Sin datos oficiales.<\/li>\n<li>\u201cLos Derechos de la Salud\u201d \u2013 Florencio S\u00e1nchez \/ Domingo Milesi<br \/>\tTeatro Sol\u00eds. Sin informaci\u00f3n de costos divulgada.<\/li>\n<li>\u201cEllas dicen\u201d \u2013 Anal\u00eda Torres \/ Florencia Lindner<br \/>\tSala Verdi. Sin registros p\u00fablicos de contrataci\u00f3n.<\/li>\n<li>\u201cLas L\u00e1grimas\u201d \u2013 Mat\u00edas Umpierrez<br \/>\tProyecto de videoarte con MACA, ACAU, Santiago a Mil y Montevideo Audiovisual. Sin datos de inversi\u00f3n publicados.<\/li>\n<\/ul>\n<p><strong>\u00bfCu\u00e1nto cuesta el elenco de la Comedia Nacional?<\/strong><\/p>\n<div class=\"inter_image image_horizontal\">\n<picture><source class=\"img-responsive\" type=\"image\/webp\" data-srcset=\"https:\/\/filesedc.com\/uploads\/image\/post\/2025\/06\/img-20250622-wa0013_300_200.webp 300w, https:\/\/filesedc.com\/uploads\/image\/post\/2025\/06\/img-20250622-wa0013_630_420.webp 630w, https:\/\/filesedc.com\/uploads\/image\/post\/2025\/06\/img-20250622-wa0013_760_507.webp 760w, https:\/\/filesedc.com\/uploads\/image\/post\/2025\/06\/img-20250622-wa0013_1200_800.webp 1200w, https:\/\/filesedc.com\/uploads\/image\/post\/2025\/06\/img-20250622-wa0013_1600_1067.webp 1600w, \"><img decoding=\"async\" src=\"https:\/\/derechadiario.com.ar\/filesedc\/uploads\/image\/post\/2025\/06\/img-20250622-wa0013_1200_800.webp\" class=\"img-responsive lazyload\" alt=\"Mujer de cabello corto y ondulado con una blusa de dos colores, rojo y naranja, de pie en el interior de un teatro elegante con balcones iluminados.\" title=\"Mujer de cabello corto y ondulado con una blusa de dos colores, rojo y naranja, de pie en el interior de un teatro elegante con balcones iluminados.\"><\/picture>\n<div>\n<span class=\"img_footer\">D\u00e9bora Quiring <\/span>| <span class=\"img_author\">Redacci\u00f3n<\/span>\n<\/div>\n<\/div>\n<p>El gasto estimado en sueldos para todo el elenco de la Comedia Nacional 2025 \u2014incluyendo los 30 actores y actrices estables, m\u00e1s 5 becarios (4 de la EMAD y 1 del IAM)\u2014 asciende aproximadamente a:<\/p>\n<ul>\n<li>$2.690.410 por mes<\/li>\n<li>$32.284.920 al a\u00f1o<\/li>\n<\/ul>\n<p><strong>Esta cifra no incluye otros gastos como vestuario, producci\u00f3n, transporte, escenograf\u00eda, t\u00e9cnicos o direcci\u00f3n art\u00edstica.<\/strong><\/p>\n<p>Tampoco, el sueldo del Director General y Art\u00edstico de la Comedia Nacional, Jos\u00e9 Miguel Onaindia, quien durante tres a\u00f1os cobrar\u00e1 $235.472 mensualmente (seg\u00fan la Resoluci\u00f3n N.\u00ba 5074\/06, Grado SIR 20 en r\u00e9gimen de 40 horas semanales, m\u00e1s los beneficios sociales).<\/p>\n<p><strong>La EMAD: una estructura paralela y conectada<\/strong><\/p>\n<p>La Escuela Multidisciplinaria de Arte Dram\u00e1tico \u201cMargarita Xirgu\u201d (EMAD) tambi\u00e9n depende del Departamento de Cultura de la Intendencia de Montevideo. Tiene una relaci\u00f3n directa y estrat\u00e9gica con la Comedia Nacional, ya que la mayor\u00eda del elenco egres\u00f3 de la EMAD.<\/p>\n<p><strong>Cada a\u00f1o, la Comedia contrata becarios egresados<\/strong> ($188.359 a la cooperativa Valorarte por asistencia de egresados; $40.682 a Cooparte por la participaci\u00f3n del actor Rodrigo Brocal) y a varios docentes de la EMAD que trabajan como directores o t\u00e9cnicos en montajes de la Comedia.<\/p>\n<p>Quiz\u00e1s tambi\u00e9n te interese <a href=\"https:\/\/derechadiario.com.ar\/uruguay\/politica\/mujica-delato-sus-companeros-y-colaboro-con-los-militares-1972\">esta cr\u00f3nica sobre delaciones hist\u00f3ricas y silencios convenientes<\/a>, que revela episodios olvidados de la pol\u00edtica uruguaya.<\/p>\n<p><strong>El Departamento de Cultura se debe eliminar<\/strong><\/p>\n<p>La Intendencia de Montevideo posee m\u00e1s de 8000 funcionarios, de los cuales 1017 pertenecen al Departamento de Cultura. <strong>El gasto mensual m\u00ednimo estimado en personal asciende a aproximadamente $23.029.965.<\/strong><\/p>\n<p>Todas las resoluciones vinculadas a pagos y contrataciones para promover la cultura estatal progresista son aprobadas por D\u00e9bora Quiring, quien asumi\u00f3 la direcci\u00f3n del Departamento de Cultura en febrero de 2025 tras la renuncia de Obald\u00eda.<\/p>\n<figure><img decoding=\"async\" src=\"https:\/\/derechadiario.com.ar\/filesedc\/uploads\/image\/post\/2025\/06\/img-20250622-wa0011_1200_800.webp\" class=\"img-responsive lazyload\" alt=\"Un grupo de personas posando juntas y sonriendo en un ambiente interior con luz c\u00e1lida\" title=\"Un grupo de personas posando juntas y sonriendo en un ambiente interior con luz c\u00e1lida\"><\/figure>\n<p><strong>Seg\u00fan la escala salarial vigente, la \u00abperiodista cultural\u00bb se encuentra percibiendo $253.652 por mes, m\u00e1s todos los beneficios.<\/strong><\/p>\n<p>Quiz\u00e1s tambi\u00e9n te interese <a href=\"https:\/\/derechadiario.com.ar\/uruguay\/politica\/100-dias-bitacora-del-proyecto-gobierno-honesto-yamandu-orsi\">este an\u00e1lisis de los primeros 100 d\u00edas del nuevo liderazgo pol\u00edtico en Montevideo<\/a>, una bit\u00e1cora tan reveladora como inesperada.<\/p>\n<p><strong>Durante los pr\u00f3ximos cinco a\u00f1os, bajo la nueva administraci\u00f3n de Mario Bergara, seguir\u00e1 engordando la maquinaria municipal burl\u00e1ndose del esfuerzo de todos los montevideanos.<\/strong><\/p>\n","protected":false},"excerpt":{"rendered":"<p>D\u00e9bora Quiring permanecer\u00e1 al frente del Departamento de Cultura de la Intendencia de Montevideo y continuar\u00e1 malgastando el dinero de los contribuyentes. Se estima que los montevideanos destinan al menos $30 millones de pesos anuales al mantenimiento operativo de la Comedia Nacional, sin contar el presupuesto asignado a publicidad, infraestructura o administraci\u00f3n. A esto se [&hellip;]<\/p>\n","protected":false},"author":2,"featured_media":8553,"comment_status":"open","ping_status":"open","sticky":false,"template":"","format":"standard","meta":{"_et_pb_use_builder":"","_et_pb_old_content":"","_et_gb_content_width":"","footnotes":""},"categories":[84],"tags":[],"class_list":["post-8552","post","type-post","status-publish","format-standard","has-post-thumbnail","hentry","category-ultimomomento"],"_links":{"self":[{"href":"https:\/\/verdadincomodadiario.ar\/index.php?rest_route=\/wp\/v2\/posts\/8552","targetHints":{"allow":["GET"]}}],"collection":[{"href":"https:\/\/verdadincomodadiario.ar\/index.php?rest_route=\/wp\/v2\/posts"}],"about":[{"href":"https:\/\/verdadincomodadiario.ar\/index.php?rest_route=\/wp\/v2\/types\/post"}],"author":[{"embeddable":true,"href":"https:\/\/verdadincomodadiario.ar\/index.php?rest_route=\/wp\/v2\/users\/2"}],"replies":[{"embeddable":true,"href":"https:\/\/verdadincomodadiario.ar\/index.php?rest_route=%2Fwp%2Fv2%2Fcomments&post=8552"}],"version-history":[{"count":0,"href":"https:\/\/verdadincomodadiario.ar\/index.php?rest_route=\/wp\/v2\/posts\/8552\/revisions"}],"wp:featuredmedia":[{"embeddable":true,"href":"https:\/\/verdadincomodadiario.ar\/index.php?rest_route=\/wp\/v2\/media\/8553"}],"wp:attachment":[{"href":"https:\/\/verdadincomodadiario.ar\/index.php?rest_route=%2Fwp%2Fv2%2Fmedia&parent=8552"}],"wp:term":[{"taxonomy":"category","embeddable":true,"href":"https:\/\/verdadincomodadiario.ar\/index.php?rest_route=%2Fwp%2Fv2%2Fcategories&post=8552"},{"taxonomy":"post_tag","embeddable":true,"href":"https:\/\/verdadincomodadiario.ar\/index.php?rest_route=%2Fwp%2Fv2%2Ftags&post=8552"}],"curies":[{"name":"wp","href":"https:\/\/api.w.org\/{rel}","templated":true}]}}