{"id":8534,"date":"2025-06-22T07:26:56","date_gmt":"2025-06-22T07:26:56","guid":{"rendered":"https:\/\/verdadincomodadiario.ar\/?p=8534"},"modified":"2025-06-22T07:26:56","modified_gmt":"2025-06-22T07:26:56","slug":"senadora-suplente-de-castillo-fue-citada-a-fiscalia-por-corrupcion-del-sunca","status":"publish","type":"post","link":"https:\/\/verdadincomodadiario.ar\/?p=8534","title":{"rendered":"Senadora suplente de Castillo fue citada a fiscal\u00eda por corrupci\u00f3n del Sunca"},"content":{"rendered":"<p>En las elecciones de octubre de 2024 <strong>Juan<\/strong>\u00a0<strong>Castillo<\/strong>, secretario general del Partido Comunista (PCU), y actual ministro de Trabajo del Frente Amplio ocup\u00f3 el tercer lugar de titular en la lista <strong>1001<\/strong> como candidato al senado.<\/p>\n<p>Su primer suplente fue Mat\u00edas Car\u00e1mbula, la segunda suplente fue Ver\u00f3nica Malinowsky, y la tercera suplente fue Laura <strong>Alberti<\/strong>.\u00a0<\/p>\n<p>Aunque ninguno result\u00f3 electo legislador.\u00a0<\/p>\n<h2>Un chiquero de corrupci\u00f3n<\/h2>\n<p>Como ya informara La Derecha Diario, el PCU est\u00e1 empantanado en un chiquero de <strong>corrupci\u00f3n<\/strong> y <strong>estafas<\/strong> sin precedentes.<\/p>\n<p>Quienes ya desfilaron por <strong>fiscal\u00eda<\/strong> ante el fiscal del caso Gilberto Rodr\u00edguez se\u00f1alaron que el PCU utiliz\u00f3 el Sunca para financiarse il\u00edcitamente.<\/p>\n<div class=\"inter_image image_horizontal\">\n<picture><source class=\"img-responsive\" type=\"image\/webp\" data-srcset=\"https:\/\/filesedc.com\/uploads\/image\/post\/2025\/06\/20250622-015407_300_200.webp 300w, https:\/\/filesedc.com\/uploads\/image\/post\/2025\/06\/20250622-015407_630_420.webp 630w, https:\/\/filesedc.com\/uploads\/image\/post\/2025\/06\/20250622-015407_760_507.webp 760w, https:\/\/filesedc.com\/uploads\/image\/post\/2025\/06\/20250622-015407_1200_800.webp 1200w, https:\/\/filesedc.com\/uploads\/image\/post\/2025\/06\/20250622-015407_1600_1067.webp 1600w, \"><img decoding=\"async\" src=\"https:\/\/derechadiario.com.ar\/filesedc\/uploads\/image\/post\/2025\/06\/20250622-015407_1200_800.webp\" class=\"img-responsive lazyload\" alt=\"Afiche electoral del Frente Amplio con fotos de cinco personas, el logo 1001 y una lista de candidatos al Senado para las elecciones de 2024 en Uruguay\" title=\"Afiche electoral del Frente Amplio con fotos de cinco personas, el logo 1001 y una lista de candidatos al Senado para las elecciones de 2024 en Uruguay\"><\/picture>\n<div>\n<span class=\"img_footer\">Lista 1001  <\/span>| <span class=\"img_author\">La Derecha Diario<\/span>\n<\/div>\n<\/div>\n<p>Concretamente manifestaron que el PCU <strong>financi\u00f3<\/strong> sus <strong>campa\u00f1as<\/strong> electorales de 2024 y la campa\u00f1a departamental de las elecciones de mayo 2025 con dinero <strong>robado<\/strong> del Fondo de la Construcci\u00f3n.\u00a0<\/p>\n<p>Adem\u00e1s, en sede fiscal se\u00f1alaron como responsables de la mega <strong>estafa<\/strong> de 1.200.000 a \u00d3scar <strong>Andrade<\/strong> y Daniel <strong>Diverio<\/strong>, senador y diputados del PCU respectivamente.<\/p>\n<p>Ambos fueron los principales l\u00edderes del Sunca durante much\u00edsimos a\u00f1os. Tambi\u00e9n tuvieron muy activa participaci\u00f3n en la direcci\u00f3n del <strong>PIT<\/strong>&#8211;<strong>CNT<\/strong>.<\/p>\n<h2>\u00bfQui\u00e9n es Laura Alberti?<\/h2>\n<p>Era secretaria de Finanzas del Sunca hasta hace poco, y miembro del Partido Comunista. Tambi\u00e9n integra el PIT-CNT.<\/p>\n<p>Laura Alberti proviene del sector de la industria de la cer\u00e1mica, un \u00e1mbito minoritario dentro del Sunca.<\/p>\n<figure><img decoding=\"async\" src=\"https:\/\/derechadiario.com.ar\/filesedc\/uploads\/image\/post\/2025\/06\/917357_1200_800.webp\" class=\"img-responsive lazyload\" alt=\"Mujer de cabello casta\u00f1o y ondulado con camiseta roja hablando en un entorno urbano\" title=\"Mujer de cabello casta\u00f1o y ondulado con camiseta roja hablando en un entorno urbano\"><\/figure>\n<p>Alberti gan\u00f3 relevancia en la \u00faltima d\u00e9cada, siendo la primera mujer en ocupar un puesto en la Mesa Representativa del <strong>PIT<\/strong>&#8211;<strong>CNT<\/strong>, y en el Secretariado Ejecutivo de la central sindical frenteamplista.<\/p>\n<p>Cuando fue incorporada como dirigente del PIT-CNT se la present\u00f3 p\u00fablicamente como una &#8220;<strong>compa\u00f1era<\/strong>\u00a0<strong>feminista<\/strong> defensora de los derechos de las mujeres&#8221;, y como o una &#8220;<strong>luchadora<\/strong> social&#8221;.\u00a0<\/p>\n<p>Pero la &#8220;compa\u00f1era feminista&#8221; ha tenido una trayectoria muy <strong>oscura<\/strong>\u00a0<\/p>\n<p>En 2025, Alberti est\u00e1 involucrada en una investigaci\u00f3n penal por\u00a0 los desv\u00edos de dinero del Fondo Social de Vivienda de Obreros de la Construcci\u00f3n (Fosvoc).\u00a0<\/p>\n<p>Una auditor\u00eda detect\u00f3 <strong>transferencias<\/strong> no autorizadas por m\u00e1s de un mill\u00f3n de d\u00f3lares entre 2023 y 2024.<\/p>\n<p>Esto llev\u00f3 a la condena penal de tres sindicalistas del Sunca (Santiago Bernaola, Bruno Bertolio y V\u00edctor Rivero) por apropiaci\u00f3n indebida, <strong>estafa<\/strong>, asociaci\u00f3n para <strong>delinquir<\/strong> y asistencia al lavado de activos.<\/p>\n<p>Estos ex sindicalistas militantes del PCU, declararon en fiscal\u00eda que actuaban bajo \u00f3rdenes de figuras de alto rango, mencionando a Alberti, al senador \u00d3scar <strong>Andrade<\/strong> y al diputado Daniel <strong>Diverio<\/strong>, todos del PCU.<\/p>\n<p>Alberti fue <strong>citada<\/strong> a declarar como indagada por la Fiscal\u00eda de Delitos Econ\u00f3micos y Complejos, a cargo de Gilberto Rodr\u00edguez, el 25 de junio.\u00a0<\/p>\n<p>Su nombre surgi\u00f3 en testimonios de ex integrantes <strong>expulsados<\/strong> del sindicato, quienes alegan que ella conoc\u00eda las maniobras financieras <strong>clandestinas<\/strong>, y que parte del dinero <strong>robado<\/strong> se destin\u00f3 a campa\u00f1as electorales del PCU.<\/p>\n<h2>\u00bfY Juan Castillo?<\/h2>\n<p>El ministro de Trabajo de Yamand\u00fa Orsi no puede hacerse el <strong>distra\u00eddo<\/strong>.\u00a0<\/p>\n<p>Como dijimos, Alberti fue su suplente en la lista 1001 en las elecciones de octubre de 2024. Es m\u00e1s que obvio que se conocen y quiz\u00e1s hasta sean amigos.\u00a0<\/p>\n<p>Adem\u00e1s, Castillo es el cacique m\u00e1ximo del <strong>comunismo<\/strong> uruguayo desde hace varios a\u00f1os. Es m\u00e1s que obvio que conoce a quienes integraron la lista 1001.<\/p>\n<figure><img decoding=\"async\" src=\"https:\/\/derechadiario.com.ar\/filesedc\/uploads\/image\/post\/2025\/06\/20240516mzina-9009jpg-1750572042733_1200_800.webp\" class=\"img-responsive lazyload\" alt=\"Bandera roja del sindicato SUNCA de Uruguay sostenida por manifestantes en una marcha urbana\" title=\"Bandera roja del sindicato SUNCA de Uruguay sostenida por manifestantes en una marcha urbana\"><\/figure>\n<p>Conoce perfectamente bien el mundo sindical, tanto el sunca como el PIT-CNT.<\/p>\n<p>No alcanza con que Juan <strong>Castillo<\/strong> ponga cara de &#8220;yo no fui&#8221; y diga que no conoce qu\u00e9 pas\u00f3.<\/p>\n<p>El asunto es muy <strong>grave<\/strong> y muy relevante para el actual gobierno y para la democracia uruguaya.<\/p>\n<p>El Partido Comunista es uno de los sostenes del gobierno del Frente Amplio y se financi\u00f3 con dinero negro robado a los obreros de un sindicato.<\/p>\n<p>Fiscal\u00eda debe actuar y determinar responsabilidades <strong>penales<\/strong>, y debe pedir la formalizaci\u00f3n de todos los culpables, sean quienes sean.<\/p>\n","protected":false},"excerpt":{"rendered":"<p>En las elecciones de octubre de 2024 Juan\u00a0Castillo, secretario general del Partido Comunista (PCU), y actual ministro de Trabajo del Frente Amplio ocup\u00f3 el tercer lugar de titular en la lista 1001 como candidato al senado. Su primer suplente fue Mat\u00edas Car\u00e1mbula, la segunda suplente fue Ver\u00f3nica Malinowsky, y la tercera suplente fue Laura Alberti.\u00a0 [&hellip;]<\/p>\n","protected":false},"author":2,"featured_media":8535,"comment_status":"open","ping_status":"open","sticky":false,"template":"","format":"standard","meta":{"_et_pb_use_builder":"","_et_pb_old_content":"","_et_gb_content_width":"","footnotes":""},"categories":[84],"tags":[],"class_list":["post-8534","post","type-post","status-publish","format-standard","has-post-thumbnail","hentry","category-ultimomomento"],"_links":{"self":[{"href":"https:\/\/verdadincomodadiario.ar\/index.php?rest_route=\/wp\/v2\/posts\/8534","targetHints":{"allow":["GET"]}}],"collection":[{"href":"https:\/\/verdadincomodadiario.ar\/index.php?rest_route=\/wp\/v2\/posts"}],"about":[{"href":"https:\/\/verdadincomodadiario.ar\/index.php?rest_route=\/wp\/v2\/types\/post"}],"author":[{"embeddable":true,"href":"https:\/\/verdadincomodadiario.ar\/index.php?rest_route=\/wp\/v2\/users\/2"}],"replies":[{"embeddable":true,"href":"https:\/\/verdadincomodadiario.ar\/index.php?rest_route=%2Fwp%2Fv2%2Fcomments&post=8534"}],"version-history":[{"count":0,"href":"https:\/\/verdadincomodadiario.ar\/index.php?rest_route=\/wp\/v2\/posts\/8534\/revisions"}],"wp:featuredmedia":[{"embeddable":true,"href":"https:\/\/verdadincomodadiario.ar\/index.php?rest_route=\/wp\/v2\/media\/8535"}],"wp:attachment":[{"href":"https:\/\/verdadincomodadiario.ar\/index.php?rest_route=%2Fwp%2Fv2%2Fmedia&parent=8534"}],"wp:term":[{"taxonomy":"category","embeddable":true,"href":"https:\/\/verdadincomodadiario.ar\/index.php?rest_route=%2Fwp%2Fv2%2Fcategories&post=8534"},{"taxonomy":"post_tag","embeddable":true,"href":"https:\/\/verdadincomodadiario.ar\/index.php?rest_route=%2Fwp%2Fv2%2Ftags&post=8534"}],"curies":[{"name":"wp","href":"https:\/\/api.w.org\/{rel}","templated":true}]}}