{"id":8526,"date":"2025-06-22T02:34:30","date_gmt":"2025-06-22T02:34:30","guid":{"rendered":"https:\/\/verdadincomodadiario.ar\/?p=8526"},"modified":"2025-06-22T02:34:30","modified_gmt":"2025-06-22T02:34:30","slug":"bolivia-el-pais-mas-corrupto-un-estudio-revela-que-el-mas-consolido-la-delincuencia","status":"publish","type":"post","link":"https:\/\/verdadincomodadiario.ar\/?p=8526","title":{"rendered":"Bolivia, el pa\u00eds m\u00e1s corrupto: Un estudio revela que el MAS consolid\u00f3 la delincuencia"},"content":{"rendered":"<p>Bolivia ha sido calificada como <strong>la naci\u00f3n\u00a0m\u00e1s corrupta\u00a0de Am\u00e9rica Latina y el segundo pa\u00eds a nivel mundial<\/strong>. As\u00ed lo establece el \u00cdndice de Estado de Derecho 2024 elaborado por el World Justice Project.<\/p>\n<p>Este informe ubica al pa\u00eds en el puesto 141 de 142 naciones evaluadas. Solo la Rep\u00fablica del Congo est\u00e1 por debajo, seg\u00fan la puntuaci\u00f3n obtenida. El dato ha generado preocupaci\u00f3n nacional e internacional.<\/p>\n<p>El \u00edndice del WJP \u00a0<strong>mide la ausencia de corrupci\u00f3n en diferentes \u00f3rganos del Estado<\/strong>. Eval\u00faa al Poder Ejecutivo, Judicial, Legislativo, las fuerzas policiales y militares. <strong>La nota global de Bolivia es de 0,23 sobre 1<\/strong>, una de las m\u00e1s bajas del mundo.<\/p>\n<p>Este resultado est\u00e1 por debajo de pa\u00edses como Venezuela, Hait\u00ed y Camboya. El informe expone una debilidad estructural en la institucionalidad boliviana.<\/p>\n<p>En el \u00e1mbito judicial, Bolivia ocupa el puesto 140, lo cual representa su punto m\u00e1s cr\u00edtico. La corrupci\u00f3n en la Polic\u00eda y el Ej\u00e9rcito fue ubicada en el lugar 137 del ranking. El Ejecutivo se situ\u00f3 en el puesto 131 y el Legislativo en el 120.<\/p>\n<p>Todos los sectores presentan indicadores alarmantes. La corrupci\u00f3n parece extenderse de forma generalizada en la estructura estatal.<\/p>\n<h2>Un objetivo\u00a0del socialismo<\/h2>\n<div class=\"inter_image image_horizontal\">\n<picture><source class=\"img-responsive\" type=\"image\/webp\" data-srcset=\"https:\/\/filesedc.com\/uploads\/image\/post\/2025\/06\/images-2-1750534278138_300_200.webp 300w, https:\/\/filesedc.com\/uploads\/image\/post\/2025\/06\/images-2-1750534278138_630_420.webp 630w, https:\/\/filesedc.com\/uploads\/image\/post\/2025\/06\/images-2-1750534278138_760_507.webp 760w, https:\/\/filesedc.com\/uploads\/image\/post\/2025\/06\/images-2-1750534278138_1200_800.webp 1200w, https:\/\/filesedc.com\/uploads\/image\/post\/2025\/06\/images-2-1750534278138_1600_1067.webp 1600w, \"><img decoding=\"async\" src=\"https:\/\/derechadiario.com.ar\/filesedc\/uploads\/image\/post\/2025\/06\/images-2-1750534278138_1200_800.webp\" class=\"img-responsive lazyload\" alt=\"Dos personas intercambian billetes dentro de un sobre amarillo junto a unos documentos impresos\" title=\"Dos personas intercambian billetes dentro de un sobre amarillo junto a unos documentos impresos\"><\/picture>\n<div>\n<span class=\"img_footer\">El gobierno debilit\u00f3 la independencia de poderes <\/span>| <span class=\"img_author\">La Derecha Diario<\/span>\n<\/div>\n<\/div>\n<p>El analista William Herrera afirm\u00f3 que <a href=\"https:\/\/derechadiario.com.ar\/bolivia\/politica\/abominable-justicia-masista-anulo-orden-captura-contra-pedofilo-evo-morales\" title=\"Abominable: Justicia masista anul\u00f3 la orden de captura contra el ped\u00f3filo Evo Morales\">el MAS es responsable directo<\/a> de esta situaci\u00f3n. Se\u00f1al\u00f3 que <a href=\"https:\/\/derechadiario.com.ar\/bolivia\/politica\/mafia-judicial-audio-involucra-al-fiscal-general-mariaca-descarto-su-renuncia\" title=\"Mafia judicial: Audio involucra al Fiscal General, pero Mariaca descart\u00f3 su renuncia\">el partido\u00a0de gobierno debilit\u00f3 la independencia de poderes<\/a>. Asegur\u00f3 que en m\u00e1s de una d\u00e9cada se impuso un modelo de control centralizado.<\/p>\n<p>Seg\u00fan \u00e9l, se institucionaliz\u00f3 la corrupci\u00f3n bajo un discurso de lucha contra ella. El estudio del WJP reflejar\u00eda ese proceso.<\/p>\n<p>Herrera mencion\u00f3 tambi\u00e9n <a href=\"https:\/\/derechadiario.com.ar\/bolivia\/politica\/caso-consorcio-audio-evidencio-red-corrupcion-que-manipula-justicia\" title=\"Caso consorcio: Un audio evidenci\u00f3 a la red de corrupci\u00f3n que manipula la Justicia\">el caso \u201cconsorcio\u201d <\/a>como ejemplo de corrupci\u00f3n judicial. En ese caso \u00a0<strong>se investiga a exjueces y vocales que supuestamente direccionaron fallos<\/strong>. Incluso est\u00e1 involucrado el exministro de Justicia, C\u00e9sar Siles.<\/p>\n<p>Este caso revel\u00f3 una red de manipulaci\u00f3n interna del sistema judicial. Para el analista, es una muestra del colapso institucional.<\/p>\n<p><strong>El MAS rechaz\u00f3 de manera enf\u00e1tica los resultados<\/strong> del informe del WJP. La ministra de Justicia, Jessica Saravia, cuestion\u00f3 la metodolog\u00eda utilizada.<\/p>\n<p>Afirm\u00f3 que no se puede tomar como v\u00e1lida la evaluaci\u00f3n de una ONG extranjera. Insisti\u00f3 en que Bolivia es evaluada por organismos serios como la OCDE. Dijo que esos datos son m\u00e1s confiables.<\/p>\n<p>Saravia resalt\u00f3 que Bolivia obtuvo un 67% en criterios regulatorios seg\u00fan la OCDE. Adem\u00e1s se\u00f1al\u00f3 un cumplimiento del 100% en normas sobre conflictos de inter\u00e9s. En acceso a la informaci\u00f3n, el pa\u00eds habr\u00eda alcanzado un 64% de cumplimiento.<\/p>\n<p>Tambi\u00e9n destac\u00f3 los sistemas de denuncia p\u00fablica que tiene el Estado. Consider\u00f3 que eso refleja avances en transparencia.<\/p>\n<h2>El oficialismo ha descalificado el informe<\/h2>\n<figure><img decoding=\"async\" src=\"https:\/\/derechadiario.com.ar\/filesedc\/uploads\/image\/post\/2025\/06\/1750475549556_1200_800.webp\" class=\"img-responsive lazyload\" alt=\"Mujer de cabello largo y casta\u00f1o hablando frente a un micr\u00f3fono con una bandera de Bolivia de fondo\" title=\"Mujer de cabello largo y casta\u00f1o hablando frente a un micr\u00f3fono con una bandera de Bolivia de fondo\"><\/figure>\n<p>Desde el Viceministerio de Transparencia tambi\u00e9n hubo cr\u00edticas al informe del WJP. La viceministra Susana R\u00edos afirm\u00f3 que no se puede comparar pa\u00edses tan distintos. Mencion\u00f3 que <strong>no se puede medir a Bolivia con el mismo patr\u00f3n que a Noruega<\/strong>.<\/p>\n<p>A su juicio, <strong>el informe ignora realidades pol\u00edticas y sociales muy diversas<\/strong>. Consider\u00f3 que el documento no es t\u00e9cnicamente objetivo.<\/p>\n<p>R\u00edos defendi\u00f3 las pol\u00edticas implementadas por el Gobierno en materia anticorrupci\u00f3n. Mencion\u00f3 la aplicaci\u00f3n de leyes como la 1390 y la Ley Marcelo Quiroga Santa Cruz. Indic\u00f3 que Bolivia ha suscrito convenios internacionales en este \u00e1mbito.<\/p>\n<p>As\u00ed mismo, a\u00f1adi\u00f3 que se investigan y procesan a las autoridades acusadas. Tambi\u00e9n asegur\u00f3 que existe rendici\u00f3n de cuentas en el aparato estatal.<\/p>\n<h2>El documento evidencia el deterioro moral en el pa\u00eds\u00a0<\/h2>\n<figure><img decoding=\"async\" src=\"https:\/\/derechadiario.com.ar\/filesedc\/uploads\/image\/post\/2025\/06\/9154_1200_800.webp\" class=\"img-responsive lazyload\" alt=\"Edificio moderno del Tribunal Departamental de Justicia de Santa Cruz con cielo azul y ciudad al fondo\" title=\"Edificio moderno del Tribunal Departamental de Justicia de Santa Cruz con cielo azul y ciudad al fondo\"><\/figure>\n<p>A pesar de los argumentos del Gobierno, los datos del WJP generaron alarma p\u00fablica. Varios sectores civiles expresaron su indignaci\u00f3n frente a los resultados. La ciudadan\u00eda reclama <strong>mayor transparencia y justicia en todos los niveles<\/strong>.<\/p>\n<p>El informe volvi\u00f3 a poner en debate la credibilidad de las instituciones. Muchos consideran que el pa\u00eds vive una crisis profunda de legalidad.<\/p>\n<p>Seg\u00fan el WJP, se evaluaron tres formas de corrupci\u00f3n en todos los poderes del Estado. Se trata del <strong>soborno, la malversaci\u00f3n de fondos y la influencia indebida<\/strong>.<\/p>\n<p>Los datos se obtuvieron a trav\u00e9s de encuestas y an\u00e1lisis de expertos. Se cruzaron variables como percepci\u00f3n ciudadana y desempe\u00f1o institucional. El enfoque fue integral y aplicado a todos los pa\u00edses evaluados.<\/p>\n<p>El MAS ha reiterado que combate la corrupci\u00f3n y que existen avances concretos. Sin embargo, <strong>los resultados del informe debilitan ese discurso oficial<\/strong>. La contradicci\u00f3n entre el Gobierno y los datos internacionales se ha hecho evidente.<\/p>\n<p>El estudio muestra una <strong>percepci\u00f3n de corrupci\u00f3n extendida en todos los sectores<\/strong>. Y deja mal parada a Bolivia en la escena global.<\/p>\n<h2>La consolidaci\u00f3n de la delincuencia<\/h2>\n<figure><img decoding=\"async\" src=\"https:\/\/derechadiario.com.ar\/filesedc\/uploads\/image\/post\/2025\/06\/md-2-1750533910322_1200_800.webp\" class=\"img-responsive lazyload\" alt=\"Mujer con gafas y su\u00e9ter rojo hablando frente a dos micr\u00f3fonos en una conferencia\" title=\"Mujer con gafas y su\u00e9ter rojo hablando frente a dos micr\u00f3fonos en una conferencia\"><\/figure>\n<p>Mientras el oficialismo denuncia una supuesta campa\u00f1a de desprestigio, los datos persisten. Ninguna autoridad del MAS ha explicado por qu\u00e9 Bolivia obtuvo una nota tan baja.<\/p>\n<p>Los ciudadanos siguen esperando reformas reales que no lleguen solo en discurso. La corrupci\u00f3n, seg\u00fan expertos, <strong>no es una percepci\u00f3n sino una estructura consolidada<\/strong>. La legitimidad institucional est\u00e1 hoy m\u00e1s cuestionada que nunca.<\/p>\n<p>Frente a este escenario, <strong>las organizaciones civiles piden auditor\u00edas independientes<\/strong>. Tambi\u00e9n exigen que se <strong>fortalezcan los \u00f3rganos fiscalizadores sin injerencia pol\u00edtica<\/strong>. La lucha contra la corrupci\u00f3n no puede basarse solo en propaganda oficial.\u00a0<\/p>\n","protected":false},"excerpt":{"rendered":"<p>Bolivia ha sido calificada como la naci\u00f3n\u00a0m\u00e1s corrupta\u00a0de Am\u00e9rica Latina y el segundo pa\u00eds a nivel mundial. As\u00ed lo establece el \u00cdndice de Estado de Derecho 2024 elaborado por el World Justice Project. Este informe ubica al pa\u00eds en el puesto 141 de 142 naciones evaluadas. Solo la Rep\u00fablica del Congo est\u00e1 por debajo, seg\u00fan [&hellip;]<\/p>\n","protected":false},"author":2,"featured_media":8527,"comment_status":"open","ping_status":"open","sticky":false,"template":"","format":"standard","meta":{"_et_pb_use_builder":"","_et_pb_old_content":"","_et_gb_content_width":"","footnotes":""},"categories":[84],"tags":[],"class_list":["post-8526","post","type-post","status-publish","format-standard","has-post-thumbnail","hentry","category-ultimomomento"],"_links":{"self":[{"href":"https:\/\/verdadincomodadiario.ar\/index.php?rest_route=\/wp\/v2\/posts\/8526","targetHints":{"allow":["GET"]}}],"collection":[{"href":"https:\/\/verdadincomodadiario.ar\/index.php?rest_route=\/wp\/v2\/posts"}],"about":[{"href":"https:\/\/verdadincomodadiario.ar\/index.php?rest_route=\/wp\/v2\/types\/post"}],"author":[{"embeddable":true,"href":"https:\/\/verdadincomodadiario.ar\/index.php?rest_route=\/wp\/v2\/users\/2"}],"replies":[{"embeddable":true,"href":"https:\/\/verdadincomodadiario.ar\/index.php?rest_route=%2Fwp%2Fv2%2Fcomments&post=8526"}],"version-history":[{"count":0,"href":"https:\/\/verdadincomodadiario.ar\/index.php?rest_route=\/wp\/v2\/posts\/8526\/revisions"}],"wp:featuredmedia":[{"embeddable":true,"href":"https:\/\/verdadincomodadiario.ar\/index.php?rest_route=\/wp\/v2\/media\/8527"}],"wp:attachment":[{"href":"https:\/\/verdadincomodadiario.ar\/index.php?rest_route=%2Fwp%2Fv2%2Fmedia&parent=8526"}],"wp:term":[{"taxonomy":"category","embeddable":true,"href":"https:\/\/verdadincomodadiario.ar\/index.php?rest_route=%2Fwp%2Fv2%2Fcategories&post=8526"},{"taxonomy":"post_tag","embeddable":true,"href":"https:\/\/verdadincomodadiario.ar\/index.php?rest_route=%2Fwp%2Fv2%2Ftags&post=8526"}],"curies":[{"name":"wp","href":"https:\/\/api.w.org\/{rel}","templated":true}]}}