{"id":851,"date":"2025-03-28T21:30:45","date_gmt":"2025-03-28T21:30:45","guid":{"rendered":"https:\/\/verdadincomodadiario.ar\/?p=851"},"modified":"2025-03-28T21:30:45","modified_gmt":"2025-03-28T21:30:45","slug":"los-salarios-crecieron-un-29-en-enero-y-le-volvieron-a-ganar-a-la-inflacion","status":"publish","type":"post","link":"https:\/\/verdadincomodadiario.ar\/?p=851","title":{"rendered":"Los salarios crecieron un 2,9% en enero y le volvieron a ganar a la inflaci\u00f3n"},"content":{"rendered":"<p>Gracias a la <a href=\"https:\/\/derechadiario.com.ar\/economia\/fmi-confirmo-que-nuevo-acuerdo-con-argentina-sera-por-usd-20-mil-millones\" target=\"_blank\" title=\"El FMI confirm\u00f3 que el nuevo acuerdo con Argentina ser\u00e1 por USD 20 mil millones\">recuperaci\u00f3n<\/a> econ\u00f3mica lograda por el Gobierno de <a href=\"https:\/\/derechadiario.com.ar\/economia\/inversion-real-argentina-aumento-293-anual-mes-febrero\" target=\"_blank\" title=\"La inversi\u00f3n real en Argentina aument\u00f3 un 29,3% anual en el mes de febrero\"><strong>Javier Milei<\/strong><\/a>, el <strong>\u00edndice de salarios<\/strong> que elabora el INDEC indic\u00f3 un <strong>aumento del 2,9%<\/strong> en las remuneraciones promedio de los trabajadores formales e informales durante el primer mes del a\u00f1o.<\/p>\n<p>Adem\u00e1s, como ya ocurre desde 2024, este incremento <strong>super\u00f3 al nivel de inflaci\u00f3n<\/strong> registrado en el mismo mes, que fue del <strong>2,2%<\/strong>, por lo que <strong>los salarios aumentaron en t\u00e9rminos reales<\/strong>.<\/p>\n<p>El este incremento salarios en enero se desglos\u00f3 en un <strong>2,3% en el sector privado registrado<\/strong>, un <strong>0,9% en el sector p\u00fablico<\/strong> y un <strong>impresionante 8,6% en el sector privado no registrado<\/strong>.<\/p>\n<p>En t\u00e9rminos interanuales, el \u00edndice de salarios experiment\u00f3 un <strong>aumento del 117%<\/strong>, por encima de la inflaci\u00f3n. Esto se desglosa en un <strong>incremento del 111% en el sector privado registrado<\/strong>, un <strong>97,5% en el sector p\u00fablico<\/strong> y un <strong>189,6% en el sector privado no registrado<\/strong>.<\/p>\n<aside class=\"are-you-interested-container-photo\"><\/aside>\n<div class=\"inter_image image_horizontal\">\n<picture><source class=\"img-responsive\" type=\"image\/webp\" data-srcset=\"\/filesedc\/uploads\/image\/post\/gnjlpipasaac2u4_300_200.webp 300w, \n\/filesedc\/uploads\/image\/post\/gnjlpipasaac2u4_630_420.webp 630w,\n                                \/filesedc\/uploads\/image\/post\/gnjlpipasaac2u4_760_507.webp 760w,\n                                \/filesedc\/uploads\/image\/post\/gnjlpipasaac2u4_1200_800.webp 1200w,\n                                \/filesedc\/uploads\/image\/post\/gnjlpipasaac2u4_1600_1067.webp 1600w\"><img decoding=\"async\" src=\"https:\/\/derechadiario.com.ar\/filesedc\/uploads\/image\/post\/gnjlpipasaac2u4_1200_800.webp\" class=\"img-responsive lazyload\" alt=\"Gr\u00e1fico del \u00edndice de salarios con variaciones porcentuales mensuales, interanuales y acumuladas para enero de 2025, mostrando datos del sector privado registrado, sector p\u00fablico, sector privado no registrado y sector registrado, junto con ponderadores del periodo base.\" title=\"Gr\u00e1fico del \u00edndice de salarios con variaciones porcentuales mensuales, interanuales y acumuladas para enero de 2025, mostrando datos del sector privado registrado, sector p\u00fablico, sector privado no registrado y sector registrado, junto con ponderadores del periodo base.\"><\/picture>\n<div>\n<span class=\"img_footer\">Datos del INDEC. <\/span>| <span class=\"img_author\">La Derecha Diario<\/span>\n<\/div>\n<\/div>\n<h2>Los datos del INDEC<\/h2>\n<p>En enero de 2025, dos de los sectores salariales relevados por el INDEC registraron aumentos <strong>superiores a la inflaci\u00f3n<\/strong>, que fue del <strong>2,2%<\/strong>:<\/p>\n<ul>\n<li>Sector privado registrado: los sueldos aumentaron un 2,9%.<\/li>\n<li>Sector privado no registrado: los salarios subieron un 8,6%.<\/li>\n<\/ul>\n<p>En contraste, el sector p\u00fablico tuvo un aumento de solo 0,9%, lo que result\u00f3 en un incremento inferior a la inflaci\u00f3n mensual.<\/p>\n<p>Adem\u00e1s, desde el 1 de enero de 2025, el salario m\u00ednimo mensual se estableci\u00f3 en <strong>$286.711<\/strong> para trabajadores mensualizados con jornada laboral completa, seg\u00fan lo estipulado en el R\u00e9gimen de Contrato de Trabajo (Ley N\u00ba 20.744). Para los trabajadores jornalizados, el salario fue fijado en <strong>$1.434<\/strong> por hora.<\/p>\n<aside class=\"whatsappChannelText\"><a href=\"https:\/\/whatsapp.com\/channel\/0029VagEjILGE56eKjedWF2U\" rel=\"nofollow\" title=\"WhatsApp Link\"><img alt=\"Logo de WhatsApp\" class=\"lazyload\" data-src=\"https:\/\/derechadiario.com.ar\/filesedc\/uploads\/other\/whatsapp_icon_mid_article.png\" width=\"32\" height=\"32\"><\/a> <a href=\"https:\/\/whatsapp.com\/channel\/0029VagEjILGE56eKjedWF2U\" rel=\"nofollow\" title=\"WhatsApp Link\"><strong>NO SE PIERDAN NINGUNA NOTICIA<\/strong>: Click aqu\u00ed para sumarte <strong>GRATIS<\/strong> al canal de noticias de <strong>La Derecha Diario en WhatsApp.<\/strong><\/a><\/aside>\n<p>Estos valores muestran un incremento leve respecto a diciembre de 2024, cuando el salario m\u00ednimo mensual era de <strong>$279.718<\/strong>, y el jornal por hora era de <strong>$1.399<\/strong>.\u00a0<\/p>\n","protected":false},"excerpt":{"rendered":"<p>Gracias a la recuperaci\u00f3n econ\u00f3mica lograda por el Gobierno de Javier Milei, el \u00edndice de salarios que elabora el INDEC indic\u00f3 un aumento del 2,9% en las remuneraciones promedio de los trabajadores formales e informales durante el primer mes del a\u00f1o. Adem\u00e1s, como ya ocurre desde 2024, este incremento super\u00f3 al nivel de inflaci\u00f3n registrado [&hellip;]<\/p>\n","protected":false},"author":2,"featured_media":852,"comment_status":"open","ping_status":"open","sticky":false,"template":"","format":"standard","meta":{"_et_pb_use_builder":"","_et_pb_old_content":"","_et_gb_content_width":"","footnotes":""},"categories":[80],"tags":[],"class_list":["post-851","post","type-post","status-publish","format-standard","has-post-thumbnail","hentry","category-economia-2"],"_links":{"self":[{"href":"https:\/\/verdadincomodadiario.ar\/index.php?rest_route=\/wp\/v2\/posts\/851","targetHints":{"allow":["GET"]}}],"collection":[{"href":"https:\/\/verdadincomodadiario.ar\/index.php?rest_route=\/wp\/v2\/posts"}],"about":[{"href":"https:\/\/verdadincomodadiario.ar\/index.php?rest_route=\/wp\/v2\/types\/post"}],"author":[{"embeddable":true,"href":"https:\/\/verdadincomodadiario.ar\/index.php?rest_route=\/wp\/v2\/users\/2"}],"replies":[{"embeddable":true,"href":"https:\/\/verdadincomodadiario.ar\/index.php?rest_route=%2Fwp%2Fv2%2Fcomments&post=851"}],"version-history":[{"count":0,"href":"https:\/\/verdadincomodadiario.ar\/index.php?rest_route=\/wp\/v2\/posts\/851\/revisions"}],"wp:featuredmedia":[{"embeddable":true,"href":"https:\/\/verdadincomodadiario.ar\/index.php?rest_route=\/wp\/v2\/media\/852"}],"wp:attachment":[{"href":"https:\/\/verdadincomodadiario.ar\/index.php?rest_route=%2Fwp%2Fv2%2Fmedia&parent=851"}],"wp:term":[{"taxonomy":"category","embeddable":true,"href":"https:\/\/verdadincomodadiario.ar\/index.php?rest_route=%2Fwp%2Fv2%2Fcategories&post=851"},{"taxonomy":"post_tag","embeddable":true,"href":"https:\/\/verdadincomodadiario.ar\/index.php?rest_route=%2Fwp%2Fv2%2Ftags&post=851"}],"curies":[{"name":"wp","href":"https:\/\/api.w.org\/{rel}","templated":true}]}}