{"id":8506,"date":"2025-06-21T20:38:49","date_gmt":"2025-06-21T20:38:49","guid":{"rendered":"https:\/\/verdadincomodadiario.ar\/?p=8506"},"modified":"2025-06-21T20:38:49","modified_gmt":"2025-06-21T20:38:49","slug":"la-asamblea-aprobo-reforma-que-reduce-la-representacion-politica-en-ecuador","status":"publish","type":"post","link":"https:\/\/verdadincomodadiario.ar\/?p=8506","title":{"rendered":"La Asamblea aprob\u00f3 reforma que reduce la representaci\u00f3n pol\u00edtica en Ecuador"},"content":{"rendered":"<p><strong>La Asamblea Nacional aprob\u00f3<\/strong> una reforma al C\u00f3digo de la Democracia que reinstaura el m\u00e9todo D\u2019Hondt para la asignaci\u00f3n de esca\u00f1os legislativos. Esta decisi\u00f3n, respaldada por una amplia mayor\u00eda, busca dotar al sistema pol\u00edtico de mayor gobernabilidad y claridad en la representaci\u00f3n parlamentaria.<\/p>\n<p><strong>Con 125 votos a favor<\/strong>, los bloques de ADN y la Revoluci\u00f3n Ciudadana avalaron el retorno de este mecanismo, priorizando una estructura m\u00e1s s\u00f3lida que evite la fragmentaci\u00f3n del poder legislativo. <strong>La reforma fortalece la estabilidad institucional<\/strong> al favorecer la conformaci\u00f3n de mayor\u00edas claras, necesarias para una gesti\u00f3n eficiente.<\/p>\n<p><strong>El m\u00e9todo D\u2019Hondt<\/strong>, aunque pol\u00e9mico en el pasado, ha demostrado ser una herramienta efectiva para asegurar que los partidos con mayor respaldo puedan gobernar con legitimidad. <strong><a href=\"https:\/\/derechadiario.com.ar\/ecuador\/politica\/ecuador-impulsa-produccion-y-turismo-como-motores-del-desarrollo-nacional\" title=\"Ecuador impulsa la producci\u00f3n y el turismo como motores del desarrollo nacional\">Este cambio legislativo se alinea<\/a> con una visi\u00f3n de pa\u00eds que privilegia la gobernanza responsable<\/strong> frente a la dispersi\u00f3n pol\u00edtica que ha obstaculizado avances en a\u00f1os anteriores.<\/p>\n<p>Organizaciones sociales han expresado distintas opiniones, sin embargo, la nueva normativa <strong>responde a la necesidad de fortalecer la institucionalidad democr\u00e1tica<\/strong>. El presidente Daniel Noboa ha promovido un modelo de pa\u00eds m\u00e1s funcional, y esta reforma podr\u00eda facilitar la implementaci\u00f3n de pol\u00edticas p\u00fablicas con menor obstrucci\u00f3n parlamentaria.<\/p>\n<p><img decoding=\"async\" alt=\"Asamblea Nacional de Ecuador - Reforma electoral\" class=\"img-responsive previewImg\" src=\"https:\/\/filesedc.com\/uploads\/image\/post\/2025\/06\/screenshot-2025-06-21-at-10-50-36-dhondt-o-webster-el-metodo-de-adjudicacion-de-escanos-para-la-asamblea-se-reforma-a-conveniencia_1200_800.webp\"><\/p>\n<p>El m\u00e9todo Webster, anteriormente utilizado, permit\u00eda una mayor dispersi\u00f3n de curules entre fuerzas peque\u00f1as, pero generaba complicaciones para alcanzar consensos. \u00a0<strong>El retorno a D\u2019Hondt permite una hoja de ruta m\u00e1s clara para enfrentar los retos nacionales<\/strong>, en especial en temas de seguridad, econom\u00eda y gobernabilidad.<\/p>\n<p><strong>La decisi\u00f3n parlamentaria marca un hito para el futuro pol\u00edtico del Ecuador<\/strong>. Si bien algunos sectores expresan reparos, la reforma busca consolidar un sistema funcional, donde <strong><a href=\"https:\/\/derechadiario.com.ar\/ecuador\/politica\/presidente-daniel-noboa-renovo-gobernaciones-tres-provincias-clave\" title=\"El presidente Daniel Noboa renov\u00f3 gobernaciones en tres provincias clave\">la eficiencia legislativ<\/a>a y la responsabilidad pol\u00edtica est\u00e9n por encima de intereses minoritarios<\/strong>.<\/p>\n<p><strong>Con esta medida, el pa\u00eds avanza hacia una democracia m\u00e1s efectiva<\/strong>, donde las decisiones reflejen el respaldo ciudadano de forma proporcional a la gobernabilidad. El presidente Noboa contin\u00faa mostrando liderazgo en momentos clave, impulsando cambios estructurales que buscan <strong>modernizar y estabilizar la institucionalidad ecuatoriana<\/strong>.<\/p>\n","protected":false},"excerpt":{"rendered":"<p>La Asamblea Nacional aprob\u00f3 una reforma al C\u00f3digo de la Democracia que reinstaura el m\u00e9todo D\u2019Hondt para la asignaci\u00f3n de esca\u00f1os legislativos. Esta decisi\u00f3n, respaldada por una amplia mayor\u00eda, busca dotar al sistema pol\u00edtico de mayor gobernabilidad y claridad en la representaci\u00f3n parlamentaria. Con 125 votos a favor, los bloques de ADN y la Revoluci\u00f3n [&hellip;]<\/p>\n","protected":false},"author":2,"featured_media":8507,"comment_status":"open","ping_status":"open","sticky":false,"template":"","format":"standard","meta":{"_et_pb_use_builder":"","_et_pb_old_content":"","_et_gb_content_width":"","footnotes":""},"categories":[84],"tags":[],"class_list":["post-8506","post","type-post","status-publish","format-standard","has-post-thumbnail","hentry","category-ultimomomento"],"_links":{"self":[{"href":"https:\/\/verdadincomodadiario.ar\/index.php?rest_route=\/wp\/v2\/posts\/8506","targetHints":{"allow":["GET"]}}],"collection":[{"href":"https:\/\/verdadincomodadiario.ar\/index.php?rest_route=\/wp\/v2\/posts"}],"about":[{"href":"https:\/\/verdadincomodadiario.ar\/index.php?rest_route=\/wp\/v2\/types\/post"}],"author":[{"embeddable":true,"href":"https:\/\/verdadincomodadiario.ar\/index.php?rest_route=\/wp\/v2\/users\/2"}],"replies":[{"embeddable":true,"href":"https:\/\/verdadincomodadiario.ar\/index.php?rest_route=%2Fwp%2Fv2%2Fcomments&post=8506"}],"version-history":[{"count":0,"href":"https:\/\/verdadincomodadiario.ar\/index.php?rest_route=\/wp\/v2\/posts\/8506\/revisions"}],"wp:featuredmedia":[{"embeddable":true,"href":"https:\/\/verdadincomodadiario.ar\/index.php?rest_route=\/wp\/v2\/media\/8507"}],"wp:attachment":[{"href":"https:\/\/verdadincomodadiario.ar\/index.php?rest_route=%2Fwp%2Fv2%2Fmedia&parent=8506"}],"wp:term":[{"taxonomy":"category","embeddable":true,"href":"https:\/\/verdadincomodadiario.ar\/index.php?rest_route=%2Fwp%2Fv2%2Fcategories&post=8506"},{"taxonomy":"post_tag","embeddable":true,"href":"https:\/\/verdadincomodadiario.ar\/index.php?rest_route=%2Fwp%2Fv2%2Ftags&post=8506"}],"curies":[{"name":"wp","href":"https:\/\/api.w.org\/{rel}","templated":true}]}}