{"id":8504,"date":"2025-06-21T20:38:50","date_gmt":"2025-06-21T20:38:50","guid":{"rendered":"https:\/\/verdadincomodadiario.ar\/?p=8504"},"modified":"2025-06-21T20:38:50","modified_gmt":"2025-06-21T20:38:50","slug":"la-plataforma-temu-proyecto-inversiones-logisticas-en-ecuador","status":"publish","type":"post","link":"https:\/\/verdadincomodadiario.ar\/?p=8504","title":{"rendered":"La plataforma Temu proyect\u00f3 inversiones log\u00edsticas en Ecuador"},"content":{"rendered":"<p>El ministro de Producci\u00f3n, Comercio Exterior, Inversiones y Pesca, <strong>Luis Alberto Jaramillo<\/strong>, <strong>se reuni\u00f3 el pasado viernes 20 de junio con delegados de Temu<\/strong>, reconocida plataforma de comercio electr\u00f3nico originaria de China. Durante el encuentro, la compa\u00f1\u00eda expres\u00f3 su <strong>inter\u00e9s en instalar operaciones en Ecuador<\/strong> y participar en el fortalecimiento de la infraestructura log\u00edstica nacional.<\/p>\n<p>Seg\u00fan detall\u00f3 la cartera de Estado, <strong>la llegada de Temu implicar\u00eda una inyecci\u00f3n de capital<\/strong> destinada a mejorar el sistema de distribuci\u00f3n y transporte de bienes, <a href=\"https:\/\/derechadiario.com.ar\/ecuador\/politica\/ecuador-impulsa-produccion-y-turismo-como-motores-del-desarrollo-nacional\" title=\"Ecuador impulsa la producci\u00f3n y el turismo como motores del desarrollo nacional\">generando a su vez nuevos ingresos y empleos<\/a>. Esta estrategia se alinea con el impulso del comercio digital como una herramienta clave para el desarrollo econ\u00f3mico ecuatoriano.<\/p>\n<p>El inter\u00e9s de Temu se da en un contexto de nuevas regulaciones que buscan mayor control sobre las importaciones por plataformas digitales. Desde el 16 de junio, se aplica una tasa arancelaria de $20 para los env\u00edos bajo el r\u00e9gimen 4&#215;4, que contempla paquetes de hasta 4 kg y $400 destinados al uso personal. <strong>Esta medida apunta a frenar el uso indebido del sistema para actividades comerciales informales<\/strong>.<\/p>\n<div class=\"inter_image image_horizontal\">\n<picture><source class=\"img-responsive\" type=\"image\/webp\" data-srcset=\"https:\/\/filesedc.com\/uploads\/image\/post\/2025\/06\/screenshot-2025-06-21-at-11-23-54-temu-quiere-instalarse-en-ecuador-ya-se-dio-reunion-con-ministro-de-produccion-y-comercio-exterior-economia-noticias-el-universo_300_200.webp 300w, https:\/\/filesedc.com\/uploads\/image\/post\/2025\/06\/screenshot-2025-06-21-at-11-23-54-temu-quiere-instalarse-en-ecuador-ya-se-dio-reunion-con-ministro-de-produccion-y-comercio-exterior-economia-noticias-el-universo_630_420.webp 630w, https:\/\/filesedc.com\/uploads\/image\/post\/2025\/06\/screenshot-2025-06-21-at-11-23-54-temu-quiere-instalarse-en-ecuador-ya-se-dio-reunion-con-ministro-de-produccion-y-comercio-exterior-economia-noticias-el-universo_760_507.webp 760w, https:\/\/filesedc.com\/uploads\/image\/post\/2025\/06\/screenshot-2025-06-21-at-11-23-54-temu-quiere-instalarse-en-ecuador-ya-se-dio-reunion-con-ministro-de-produccion-y-comercio-exterior-economia-noticias-el-universo_1200_800.webp 1200w, https:\/\/filesedc.com\/uploads\/image\/post\/2025\/06\/screenshot-2025-06-21-at-11-23-54-temu-quiere-instalarse-en-ecuador-ya-se-dio-reunion-con-ministro-de-produccion-y-comercio-exterior-economia-noticias-el-universo_1600_1067.webp 1600w, \"><img decoding=\"async\" src=\"https:\/\/derechadiario.com.ar\/filesedc\/uploads\/image\/post\/2025\/06\/screenshot-2025-06-21-at-11-23-54-temu-quiere-instalarse-en-ecuador-ya-se-dio-reunion-con-ministro-de-produccion-y-comercio-exterior-economia-noticias-el-universo_1200_800.webp\" class=\"img-responsive lazyload\" alt=\"Ocho personas posan de pie en una oficina, la mayor\u00eda con trajes formales y dos banderas al fondo.\" title=\"Ocho personas posan de pie en una oficina, la mayor\u00eda con trajes formales y dos banderas al fondo.\"><\/picture>\n<div>\n<span class=\"img_footer\">Proyect\u00f3 inversiones log\u00edsticas en Ecuador <\/span>| <span class=\"img_author\">La Derecha Diario<\/span>\n<\/div>\n<\/div>\n<p>Jaramillo ya hab\u00eda anticipado que, como segundo paso, se incentivar\u00eda a las grandes plataformas a establecerse f\u00edsicamente en el pa\u00eds. <strong>\u201cEs una posibilidad que ya ha ocurrido en otros pa\u00edses\u201d<\/strong>, declar\u00f3 el 3 de junio. En la reuni\u00f3n tambi\u00e9n<a href=\"https:\/\/derechadiario.com.ar\/ecuador\/politica\/presidente-daniel-noboa-renovo-gobernaciones-tres-provincias-clave\" title=\"El presidente Daniel Noboa renov\u00f3 gobernaciones en tres provincias clave\"> particip\u00f3 una empresa ecuatoriana <\/a>que podr\u00eda representar a Temu localmente, lo que facilitar\u00eda su integraci\u00f3n al ecosistema comercial formal del pa\u00eds.<\/p>\n<p><strong>La disposici\u00f3n de Temu a instalarse en Ecuador representa una oportunidad para modernizar la log\u00edstica comercial y dinamizar el comercio digital<\/strong>. Esta pol\u00edtica, impulsada con liderazgo por autoridades del Ejecutivo, refuerza el modelo de crecimiento basado en la formalizaci\u00f3n, la innovaci\u00f3n y el fortalecimiento institucional.<\/p>\n","protected":false},"excerpt":{"rendered":"<p>El ministro de Producci\u00f3n, Comercio Exterior, Inversiones y Pesca, Luis Alberto Jaramillo, se reuni\u00f3 el pasado viernes 20 de junio con delegados de Temu, reconocida plataforma de comercio electr\u00f3nico originaria de China. Durante el encuentro, la compa\u00f1\u00eda expres\u00f3 su inter\u00e9s en instalar operaciones en Ecuador y participar en el fortalecimiento de la infraestructura log\u00edstica nacional. [&hellip;]<\/p>\n","protected":false},"author":2,"featured_media":8505,"comment_status":"open","ping_status":"open","sticky":false,"template":"","format":"standard","meta":{"_et_pb_use_builder":"","_et_pb_old_content":"","_et_gb_content_width":"","footnotes":""},"categories":[84],"tags":[],"class_list":["post-8504","post","type-post","status-publish","format-standard","has-post-thumbnail","hentry","category-ultimomomento"],"_links":{"self":[{"href":"https:\/\/verdadincomodadiario.ar\/index.php?rest_route=\/wp\/v2\/posts\/8504","targetHints":{"allow":["GET"]}}],"collection":[{"href":"https:\/\/verdadincomodadiario.ar\/index.php?rest_route=\/wp\/v2\/posts"}],"about":[{"href":"https:\/\/verdadincomodadiario.ar\/index.php?rest_route=\/wp\/v2\/types\/post"}],"author":[{"embeddable":true,"href":"https:\/\/verdadincomodadiario.ar\/index.php?rest_route=\/wp\/v2\/users\/2"}],"replies":[{"embeddable":true,"href":"https:\/\/verdadincomodadiario.ar\/index.php?rest_route=%2Fwp%2Fv2%2Fcomments&post=8504"}],"version-history":[{"count":0,"href":"https:\/\/verdadincomodadiario.ar\/index.php?rest_route=\/wp\/v2\/posts\/8504\/revisions"}],"wp:featuredmedia":[{"embeddable":true,"href":"https:\/\/verdadincomodadiario.ar\/index.php?rest_route=\/wp\/v2\/media\/8505"}],"wp:attachment":[{"href":"https:\/\/verdadincomodadiario.ar\/index.php?rest_route=%2Fwp%2Fv2%2Fmedia&parent=8504"}],"wp:term":[{"taxonomy":"category","embeddable":true,"href":"https:\/\/verdadincomodadiario.ar\/index.php?rest_route=%2Fwp%2Fv2%2Fcategories&post=8504"},{"taxonomy":"post_tag","embeddable":true,"href":"https:\/\/verdadincomodadiario.ar\/index.php?rest_route=%2Fwp%2Fv2%2Ftags&post=8504"}],"curies":[{"name":"wp","href":"https:\/\/api.w.org\/{rel}","templated":true}]}}