{"id":8502,"date":"2025-06-21T20:38:51","date_gmt":"2025-06-21T20:38:51","guid":{"rendered":"https:\/\/verdadincomodadiario.ar\/?p=8502"},"modified":"2025-06-21T20:38:51","modified_gmt":"2025-06-21T20:38:51","slug":"la-escasez-de-platano-elevo-precios-y-preocupa-al-sector-exportador","status":"publish","type":"post","link":"https:\/\/verdadincomodadiario.ar\/?p=8502","title":{"rendered":"La escasez de pl\u00e1tano elev\u00f3 precios y preocupa al sector exportador"},"content":{"rendered":"<p><strong>La cadena productiva del pl\u00e1tano enfrenta una situaci\u00f3n cr\u00edtica<\/strong> por la escasez del fruto y la escalada de precios que ya afecta al mercado interno y pone en riesgo las exportaciones. Representantes del sector se <a href=\"https:\/\/derechadiario.com.ar\/ecuador\/politica\/ecuador-impulsa-produccion-y-turismo-como-motores-del-desarrollo-nacional\" title=\"Ecuador impulsa la producci\u00f3n y el turismo como motores del desarrollo nacional\">preparan para una mesa t\u00e9cnica <\/a>con autoridades agr\u00edcolas, prevista para el 27 de junio, donde esperan definir una hoja de ruta para la recuperaci\u00f3n.<\/p>\n<p>Seg\u00fan datos de Agrocalidad, <strong>m\u00e1s de 889 hect\u00e1reas han sido afectadas por plagas como el moko y la sigatoka<\/strong>, con Manab\u00ed y Santo Domingo entre las provincias m\u00e1s impactadas. La reducci\u00f3n en la productividad ya comienza a repercutir en el volumen de exportaci\u00f3n, lo cual disminuye la competitividad internacional del producto ecuatoriano.<\/p>\n<div class=\"inter_image image_horizontal\">\n<picture><source class=\"img-responsive\" type=\"image\/webp\" data-srcset=\"https:\/\/filesedc.com\/uploads\/image\/post\/2025\/06\/screenshot-2025-06-21-at-14-36-16-en-busca-de-soluciones-a-escasez-y-precios-del-platano-cadena-productiva-espera-mesa-tecnica-para-el-27-de-junio-economia-noticias-el-universo_300_200.webp 300w, https:\/\/filesedc.com\/uploads\/image\/post\/2025\/06\/screenshot-2025-06-21-at-14-36-16-en-busca-de-soluciones-a-escasez-y-precios-del-platano-cadena-productiva-espera-mesa-tecnica-para-el-27-de-junio-economia-noticias-el-universo_630_420.webp 630w, https:\/\/filesedc.com\/uploads\/image\/post\/2025\/06\/screenshot-2025-06-21-at-14-36-16-en-busca-de-soluciones-a-escasez-y-precios-del-platano-cadena-productiva-espera-mesa-tecnica-para-el-27-de-junio-economia-noticias-el-universo_760_507.webp 760w, https:\/\/filesedc.com\/uploads\/image\/post\/2025\/06\/screenshot-2025-06-21-at-14-36-16-en-busca-de-soluciones-a-escasez-y-precios-del-platano-cadena-productiva-espera-mesa-tecnica-para-el-27-de-junio-economia-noticias-el-universo_1200_800.webp 1200w, https:\/\/filesedc.com\/uploads\/image\/post\/2025\/06\/screenshot-2025-06-21-at-14-36-16-en-busca-de-soluciones-a-escasez-y-precios-del-platano-cadena-productiva-espera-mesa-tecnica-para-el-27-de-junio-economia-noticias-el-universo_1600_1067.webp 1600w, \"><img decoding=\"async\" src=\"https:\/\/derechadiario.com.ar\/filesedc\/uploads\/image\/post\/2025\/06\/screenshot-2025-06-21-at-14-36-16-en-busca-de-soluciones-a-escasez-y-precios-del-platano-cadena-productiva-espera-mesa-tecnica-para-el-27-de-junio-economia-noticias-el-universo_1200_800.webp\" class=\"img-responsive lazyload\" alt=\"Puesto de mercado con pl\u00e1tanos, costales de papas y una variedad de frutas y verduras exhibidas\" title=\"Puesto de mercado con pl\u00e1tanos, costales de papas y una variedad de frutas y verduras exhibidas\"><\/picture>\n<div>\n<span class=\"img_footer\">La escasez de pl\u00e1tano <\/span>| <span class=\"img_author\">La Derecha Diario<\/span>\n<\/div>\n<\/div>\n<p>Desde la Asociaci\u00f3n de Exportadores de Pl\u00e1tano, su director Eduardo Manrique se\u00f1al\u00f3 que <strong>es urgente actualizar las cifras oficiales<\/strong> del sector y autorizar nuevas siembras, actualmente prohibidas por ley desde 2022. Tambi\u00e9n proponen cr\u00e9ditos diferenciados, incentivos para recuperar cultivos y levantar un diagn\u00f3stico t\u00e9cnico nacional.<\/p>\n<p>\u201c<strong>No podemos limitar un producto con tanta demanda local y externa<\/strong>\u201d, enfatiz\u00f3 Manrique, recordando que el consumo per c\u00e1pita del pl\u00e1tano en Ecuador es de 40 kilos, frente a los 2,8 del banano. <a href=\"https:\/\/derechadiario.com.ar\/ecuador\/politica\/presidente-daniel-noboa-renovo-gobernaciones-tres-provincias-clave\" title=\"El presidente Daniel Noboa renov\u00f3 gobernaciones en tres provincias clave\">Adem\u00e1s, destac\u00f3 que el crecimiento<\/a> de la agroindustria y la restauraci\u00f3n han disparado el uso de este insumo esencial.<\/p>\n<p><strong>La presi\u00f3n del sector productivo evidencia la necesidad de acciones inmediatas<\/strong> para garantizar el abastecimiento interno y sostener las exportaciones. Con la llegada de la mesa t\u00e9cnica, se abre una oportunidad clave para atender una crisis que afecta tanto a la econom\u00eda rural como al consumidor urbano.<\/p>\n","protected":false},"excerpt":{"rendered":"<p>La cadena productiva del pl\u00e1tano enfrenta una situaci\u00f3n cr\u00edtica por la escasez del fruto y la escalada de precios que ya afecta al mercado interno y pone en riesgo las exportaciones. Representantes del sector se preparan para una mesa t\u00e9cnica con autoridades agr\u00edcolas, prevista para el 27 de junio, donde esperan definir una hoja de [&hellip;]<\/p>\n","protected":false},"author":2,"featured_media":8503,"comment_status":"open","ping_status":"open","sticky":false,"template":"","format":"standard","meta":{"_et_pb_use_builder":"","_et_pb_old_content":"","_et_gb_content_width":"","footnotes":""},"categories":[84],"tags":[],"class_list":["post-8502","post","type-post","status-publish","format-standard","has-post-thumbnail","hentry","category-ultimomomento"],"_links":{"self":[{"href":"https:\/\/verdadincomodadiario.ar\/index.php?rest_route=\/wp\/v2\/posts\/8502","targetHints":{"allow":["GET"]}}],"collection":[{"href":"https:\/\/verdadincomodadiario.ar\/index.php?rest_route=\/wp\/v2\/posts"}],"about":[{"href":"https:\/\/verdadincomodadiario.ar\/index.php?rest_route=\/wp\/v2\/types\/post"}],"author":[{"embeddable":true,"href":"https:\/\/verdadincomodadiario.ar\/index.php?rest_route=\/wp\/v2\/users\/2"}],"replies":[{"embeddable":true,"href":"https:\/\/verdadincomodadiario.ar\/index.php?rest_route=%2Fwp%2Fv2%2Fcomments&post=8502"}],"version-history":[{"count":0,"href":"https:\/\/verdadincomodadiario.ar\/index.php?rest_route=\/wp\/v2\/posts\/8502\/revisions"}],"wp:featuredmedia":[{"embeddable":true,"href":"https:\/\/verdadincomodadiario.ar\/index.php?rest_route=\/wp\/v2\/media\/8503"}],"wp:attachment":[{"href":"https:\/\/verdadincomodadiario.ar\/index.php?rest_route=%2Fwp%2Fv2%2Fmedia&parent=8502"}],"wp:term":[{"taxonomy":"category","embeddable":true,"href":"https:\/\/verdadincomodadiario.ar\/index.php?rest_route=%2Fwp%2Fv2%2Fcategories&post=8502"},{"taxonomy":"post_tag","embeddable":true,"href":"https:\/\/verdadincomodadiario.ar\/index.php?rest_route=%2Fwp%2Fv2%2Ftags&post=8502"}],"curies":[{"name":"wp","href":"https:\/\/api.w.org\/{rel}","templated":true}]}}