{"id":8496,"date":"2025-06-21T19:32:17","date_gmt":"2025-06-21T19:32:17","guid":{"rendered":"https:\/\/verdadincomodadiario.ar\/?p=8496"},"modified":"2025-06-21T19:32:17","modified_gmt":"2025-06-21T19:32:17","slug":"transformaran-dos-aviones-en-suites-para-un-hotel-en-oncativo","status":"publish","type":"post","link":"https:\/\/verdadincomodadiario.ar\/?p=8496","title":{"rendered":"Transformar\u00e1n dos aviones en suites para un hotel en Oncativo"},"content":{"rendered":"<p><strong>Oscar Scorza<\/strong>, empresario cordob\u00e9s incorporar\u00e1 dos aviones a su emprendimiento tur\u00edstico en la zona rural de Oncativo, en el departamento R\u00edo Segundo, <a href=\"https:\/\/derechadiario.com.ar\/sociedad\/cordoba-municipio-busca-aprobar-julio-nuevo-marco-para-transporte-urbano\" title=\"C\u00f3rdoba: el municipio busca aprobar en julio el nuevo marco para el transporte urbano\">C\u00f3rdoba<\/a>. <strong>Las aeronaves est\u00e1n terminando de ser reacondicionadas y convertidas en ocho habitaciones cada una, con servicios personalizados y detalles de alta gama.<\/strong><\/p>\n<p>\u201cLos vamos a acondicionar y a convertir en ocho habitaciones VIP en cada uno\u201d, hab\u00eda explicado\u00a0<a href=\"https:\/\/derechadiario.com.ar\/sociedad\/cordoba-posta-impira-celebro-dia-escarapela-con-orgullo-patrio\" title=\"C\u00f3rdoba: la Posta de Impira celebr\u00f3 el D\u00eda de la Escarapela con orgullo patrio\">Oscar Scorza<\/a>, titular del complejo. <strong>Las suites estar\u00e1n equipadas con jacuzzi en el balc\u00f3n, espejos e inodoros inteligentes.<\/strong> Adem\u00e1s, contar\u00e1n con mangas de acceso como las que se utilizan en los aeropuertos, incluyendo una sala de espera interna.<\/p>\n<div class=\"inter_image image_horizontal\">\n<picture><source class=\"img-responsive\" type=\"image\/webp\" data-srcset=\"https:\/\/filesedc.com\/uploads\/image\/post\/2025\/06\/captura-de-pantalla-2025-06-21-143033_300_200.webp 300w, https:\/\/filesedc.com\/uploads\/image\/post\/2025\/06\/captura-de-pantalla-2025-06-21-143033_630_420.webp 630w, https:\/\/filesedc.com\/uploads\/image\/post\/2025\/06\/captura-de-pantalla-2025-06-21-143033_760_507.webp 760w, https:\/\/filesedc.com\/uploads\/image\/post\/2025\/06\/captura-de-pantalla-2025-06-21-143033_1200_800.webp 1200w, https:\/\/filesedc.com\/uploads\/image\/post\/2025\/06\/captura-de-pantalla-2025-06-21-143033_1600_1067.webp 1600w, \"><img decoding=\"async\" src=\"https:\/\/derechadiario.com.ar\/filesedc\/uploads\/image\/post\/2025\/06\/captura-de-pantalla-2025-06-21-143033_1200_800.webp\" class=\"img-responsive lazyload\" alt=\"Hombre de cabello canoso y barba sentado en una mesa sosteniendo un mate en una f\u00e1brica con camiones de fondo\" title=\"Hombre de cabello canoso y barba sentado en una mesa sosteniendo un mate en una f\u00e1brica con camiones de fondo\"><\/picture>\n<div>\n<span class=\"img_footer\">Oscar Scorza, impulsor y due\u00f1o del proyecto <\/span>| <span class=\"img_author\">La Derecha Diario<\/span>\n<\/div>\n<\/div>\n<h2>Una propuesta in\u00e9dita en el pa\u00eds con dise\u00f1o tem\u00e1tico<\/h2>\n<p>Las unidades habitacionales ser\u00e1n parte del <strong>Campo Hotel Nono Luigi<\/strong>, que ya funciona como alojamiento tur\u00edstico en la zona rural de Oncativo, localidad de <a href=\"https:\/\/derechadiario.com.ar\/sociedad\/avanza-juicio-por-crimen-sebastian-villarreal-barrio-yofre-norte\" title=\"Avanza el juicio por el crimen de Sebasti\u00e1n Villarreal en barrio Yofre Norte\">C\u00f3rdoba<\/a>. <strong>\u201cNo existe una propuesta igual en el pa\u00eds, y en el mundo hay muy pocas\u201d, afirm\u00f3 Scorza.<\/strong><\/p>\n<p>El proyecto busca ofrecer una experiencia distinta al visitante: \u201cLa gente podr\u00e1 cumplir la fantas\u00eda de hospedarse en un avi\u00f3n, que ya no vuela\u201d, indic\u00f3. <strong>El acto de inauguraci\u00f3n est\u00e1 previsto para el 9 de julio a las 18 horas, en el predio del hotel.<\/strong><\/p>\n<aside class=\"are-you-interested-container-photo\"><\/aside>\n<p>El desarrollo se suma a una tendencia global de reconversi\u00f3n de medios de transporte en espacios tur\u00edsticos. <strong>El dise\u00f1o interior se adaptar\u00e1 para mantener elementos originales del avi\u00f3n combinados con comodidades actuales<\/strong>.<\/p>\n<aside class=\"whatsappChannelText\"><a href=\"https:\/\/whatsapp.com\/channel\/0029VagEjILGE56eKjedWF2U\" rel=\"nofollow\" title=\"WhatsApp Link\"><img alt=\"Logo de WhatsApp\" class=\"lazyload\" data-src=\"https:\/\/derechadiario.com.ar\/filesedc\/uploads\/other\/whatsapp_icon_mid_article.png\" width=\"32\" height=\"32\"><\/a> <a href=\"https:\/\/whatsapp.com\/channel\/0029VagEjILGE56eKjedWF2U\" rel=\"nofollow\" title=\"WhatsApp Link\"><strong>NO SE PIERDAN NINGUNA NOTICIA<\/strong>: Click aqu\u00ed para sumarte <strong>GRATIS<\/strong> al canal de noticias de <strong>La Derecha Diario en WhatsApp.<\/strong><\/a><\/aside>\n<figure><img decoding=\"async\" src=\"https:\/\/derechadiario.com.ar\/filesedc\/uploads\/image\/post\/2025\/06\/be60347f-698c-4fab-b4f8-8207de6cf4b3_1200_1600.webp\" class=\"img-responsive lazyload\" alt=\"Afiche promocional de la inauguraci\u00f3n del primer hotel tem\u00e1tico en aviones en Argentina, con ilustraci\u00f3n de dos aviones y una torre de control, e informaci\u00f3n del evento en Campo Hotel Nono Luigi el 9 de julio a las 18 horas en Oncativo\" title=\"Afiche promocional de la inauguraci\u00f3n del primer hotel tem\u00e1tico en aviones en Argentina, con ilustraci\u00f3n de dos aviones y una torre de control, e informaci\u00f3n del evento en Campo Hotel Nono Luigi el 9 de julio a las 18 horas en Oncativo\"><\/figure>\n<h2>Otro avi\u00f3n ya funciona como discoteca en el predio<\/h2>\n<p><strong>En diciembre de 2022, el empresario instal\u00f3 un boliche bailable dentro de una aeronave en el mismo predio de Oncativo.<\/strong>\u00a0 La experiencia implic\u00f3 desaf\u00edos log\u00edsticos durante el traslado desde el Aeropuerto C\u00f3rdoba, cuando el avi\u00f3n qued\u00f3 atascado en un puente de avenida Circunvalaci\u00f3n.<\/p>\n<p>\u201cEl avi\u00f3n se qued\u00f3 trabado en un puente de la avenida Circunvalaci\u00f3n, llamando la atenci\u00f3n de los conductores que circulaban por la zona y ocasionando un caos en el tr\u00e1nsito\u201d, record\u00f3.<\/p>\n<p>\u201cAhora la log\u00edstica fue distinta y no tuvimos problemas\u201d, a\u00f1adi\u00f3 Oscar Scorza. <strong>El empresario tambi\u00e9n est\u00e1 al frente de Econovo<\/strong>, una firma dedicada a la fabricaci\u00f3n de maquinaria para higiene urbana, con planta industrial en Oncativo.<\/p>\n","protected":false},"excerpt":{"rendered":"<p>Oscar Scorza, empresario cordob\u00e9s incorporar\u00e1 dos aviones a su emprendimiento tur\u00edstico en la zona rural de Oncativo, en el departamento R\u00edo Segundo, C\u00f3rdoba. Las aeronaves est\u00e1n terminando de ser reacondicionadas y convertidas en ocho habitaciones cada una, con servicios personalizados y detalles de alta gama. \u201cLos vamos a acondicionar y a convertir en ocho habitaciones [&hellip;]<\/p>\n","protected":false},"author":2,"featured_media":8497,"comment_status":"open","ping_status":"open","sticky":false,"template":"","format":"standard","meta":{"_et_pb_use_builder":"","_et_pb_old_content":"","_et_gb_content_width":"","footnotes":""},"categories":[84],"tags":[],"class_list":["post-8496","post","type-post","status-publish","format-standard","has-post-thumbnail","hentry","category-ultimomomento"],"_links":{"self":[{"href":"https:\/\/verdadincomodadiario.ar\/index.php?rest_route=\/wp\/v2\/posts\/8496","targetHints":{"allow":["GET"]}}],"collection":[{"href":"https:\/\/verdadincomodadiario.ar\/index.php?rest_route=\/wp\/v2\/posts"}],"about":[{"href":"https:\/\/verdadincomodadiario.ar\/index.php?rest_route=\/wp\/v2\/types\/post"}],"author":[{"embeddable":true,"href":"https:\/\/verdadincomodadiario.ar\/index.php?rest_route=\/wp\/v2\/users\/2"}],"replies":[{"embeddable":true,"href":"https:\/\/verdadincomodadiario.ar\/index.php?rest_route=%2Fwp%2Fv2%2Fcomments&post=8496"}],"version-history":[{"count":0,"href":"https:\/\/verdadincomodadiario.ar\/index.php?rest_route=\/wp\/v2\/posts\/8496\/revisions"}],"wp:featuredmedia":[{"embeddable":true,"href":"https:\/\/verdadincomodadiario.ar\/index.php?rest_route=\/wp\/v2\/media\/8497"}],"wp:attachment":[{"href":"https:\/\/verdadincomodadiario.ar\/index.php?rest_route=%2Fwp%2Fv2%2Fmedia&parent=8496"}],"wp:term":[{"taxonomy":"category","embeddable":true,"href":"https:\/\/verdadincomodadiario.ar\/index.php?rest_route=%2Fwp%2Fv2%2Fcategories&post=8496"},{"taxonomy":"post_tag","embeddable":true,"href":"https:\/\/verdadincomodadiario.ar\/index.php?rest_route=%2Fwp%2Fv2%2Ftags&post=8496"}],"curies":[{"name":"wp","href":"https:\/\/api.w.org\/{rel}","templated":true}]}}