{"id":8494,"date":"2025-06-21T19:32:18","date_gmt":"2025-06-21T19:32:18","guid":{"rendered":"https:\/\/verdadincomodadiario.ar\/?p=8494"},"modified":"2025-06-21T19:32:18","modified_gmt":"2025-06-21T19:32:18","slug":"el-invierno-en-cordoba-permite-una-vision-privilegiada-del-centro-de-la-via-lactea","status":"publish","type":"post","link":"https:\/\/verdadincomodadiario.ar\/?p=8494","title":{"rendered":"El invierno en C\u00f3rdoba permite una visi\u00f3n privilegiada del centro de la V\u00eda L\u00e1ctea"},"content":{"rendered":"<p>En <a href=\"https:\/\/derechadiario.com.ar\/negocios-finanzas\/cordoba-pyme-industrial-gano-por-primera-vez-premio-nacional-calidad\" title=\"C\u00f3rdoba: una pyme industrial gan\u00f3 por primera vez el Premio Nacional a la Calidad\">C\u00f3rdoba<\/a>, los cielos despejados y las bajas temperaturas del invierno brindan un entorno \u00f3ptimo para <strong>observar con claridad la V\u00eda L\u00e1ctea<\/strong>. Durante este per\u00edodo, el centro gal\u00e1ctico es m\u00e1s visible desde distintos puntos de la provincia.<\/p>\n<p>Seg\u00fan explic\u00f3 el astr\u00f3nomo <strong>Rom\u00e1n Rodrigo Vena<\/strong>, \u201clo que podemos ver en el cielo tiene que ver principalmente con nuestra posici\u00f3n en la Tierra y con la inclinaci\u00f3n del eje de la Tierra y c\u00f3mo est\u00e1 orientada la V\u00eda L\u00e1ctea en el cielo a lo largo del a\u00f1o\u201d.<\/p>\n<div class=\"inter_image image_horizontal\">\n<picture><source class=\"img-responsive\" type=\"image\/webp\" data-srcset=\"https:\/\/filesedc.com\/uploads\/image\/post\/2025\/06\/captura-de-pantalla-2025-06-21-150412_300_200.webp 300w, https:\/\/filesedc.com\/uploads\/image\/post\/2025\/06\/captura-de-pantalla-2025-06-21-150412_630_420.webp 630w, https:\/\/filesedc.com\/uploads\/image\/post\/2025\/06\/captura-de-pantalla-2025-06-21-150412_760_507.webp 760w, https:\/\/filesedc.com\/uploads\/image\/post\/2025\/06\/captura-de-pantalla-2025-06-21-150412_1200_800.webp 1200w, https:\/\/filesedc.com\/uploads\/image\/post\/2025\/06\/captura-de-pantalla-2025-06-21-150412_1600_1067.webp 1600w, \"><img decoding=\"async\" src=\"https:\/\/derechadiario.com.ar\/filesedc\/uploads\/image\/post\/2025\/06\/captura-de-pantalla-2025-06-21-150412_1200_800.webp\" class=\"img-responsive lazyload\" alt=\"Cielo nocturno estrellado con silueta de colina en primer plano\" title=\"Cielo nocturno estrellado con silueta de colina en primer plano\"><\/picture>\n<div>\n<span class=\"img_footer\">La V\u00eda L\u00e1ctea desde Copina <\/span>| <span class=\"img_author\">La Derecha Diario<\/span>\n<\/div>\n<\/div>\n<h2>Visibilidad del centro gal\u00e1ctico entre junio y agosto<\/h2>\n<p>Durante el invierno austral, las constelaciones de Sagitario y Escorpio, que contienen el n\u00facleo de la V\u00eda L\u00e1ctea, alcanzan su punto m\u00e1s alto en el cielo nocturno. <strong>Esto incrementa su visibilidad a simple vista<\/strong>.<\/p>\n<p>\u201cY justamente la parte central de nuestra galaxia, el bulbo, est\u00e1 ubicado entre las constelaciones de Sagitario y Escorpio. Y esas son constelaciones que se ven bastante en invierno, en estos meses junio, julio y un poco de agosto\u201d, se\u00f1al\u00f3 Vena.<\/p>\n<aside class=\"are-you-interested-container-photo\"><\/aside>\n<p><strong>Esta posici\u00f3n permite identificar con mayor facilidad el sector m\u00e1s denso y luminoso de la galaxia<\/strong>. Esto se puede observar\u00a0especialmente en zonas rurales o alejadas de la contaminaci\u00f3n lum\u00ednica.<\/p>\n<figure><img decoding=\"async\" src=\"https:\/\/derechadiario.com.ar\/filesedc\/uploads\/image\/post\/2025\/06\/captura-de-pantalla-2025-06-21-150721_1200_800.webp\" class=\"img-responsive lazyload\" alt=\"Cielo nocturno con la V\u00eda L\u00e1ctea visible entre nubes y un resplandor en el horizonte\" title=\"Cielo nocturno con la V\u00eda L\u00e1ctea visible entre nubes y un resplandor en el horizonte\"><\/figure>\n<h2>Factores astron\u00f3micos que influyen en el fen\u00f3meno<\/h2>\n<p>Vena detall\u00f3 que <strong>el movimiento de traslaci\u00f3n de la Tierra influye en la percepci\u00f3n estacional del cielo estrellado.<\/strong> \u201cSi pensamos en la traslaci\u00f3n de la Tierra alrededor del Sol a lo largo del a\u00f1o, el Sol se mueve respecto de las estrellas que est\u00e1n de fondo, va pasando por diferentes constelaciones, pero bueno, no podemos verlas porque justamente por estar el Sol ser\u00eda de d\u00eda\u201d.<\/p>\n<aside class=\"whatsappChannelText\"><a href=\"https:\/\/whatsapp.com\/channel\/0029VagEjILGE56eKjedWF2U\" rel=\"nofollow\" title=\"WhatsApp Link\"><img alt=\"Logo de WhatsApp\" class=\"lazyload\" data-src=\"https:\/\/derechadiario.com.ar\/filesedc\/uploads\/other\/whatsapp_icon_mid_article.png\" width=\"32\" height=\"32\"><\/a> <a href=\"https:\/\/whatsapp.com\/channel\/0029VagEjILGE56eKjedWF2U\" rel=\"nofollow\" title=\"WhatsApp Link\"><strong>NO SE PIERDAN NINGUNA NOTICIA<\/strong>: Click aqu\u00ed para sumarte <strong>GRATIS<\/strong> al canal de noticias de <strong>La Derecha Diario en WhatsApp.<\/strong><\/a><\/aside>\n<p>El astr\u00f3nomo a\u00f1adi\u00f3: \u201cPor eso vemos estrellas diferentes en invierno o en verano\u201d. Adem\u00e1s, aclar\u00f3 que <strong>el fen\u00f3meno no implica un cambio en la V\u00eda L\u00e1ctea en s\u00ed, sino en su orientaci\u00f3n relativa respecto a la Tierra.<\/strong><\/p>\n<p>\u201cPor eso es que decimos que en estos meses se puede ver mucho mejor la V\u00eda L\u00e1ctea. En realidad lo que estamos viendo es el centro de la <a href=\"https:\/\/derechadiario.com.ar\/sociedad\/foto-argentina-elegida-las-mejores-via-lactea-2025\" title=\"Una foto de una argentina fue elegida entre las mejores de la V\u00eda L\u00e1ctea de 2025\">V\u00eda L\u00e1ctea<\/a>, mucho m\u00e1s alto en el cielo durante estos meses de invierno\u201d, concluy\u00f3.<\/p>\n","protected":false},"excerpt":{"rendered":"<p>En C\u00f3rdoba, los cielos despejados y las bajas temperaturas del invierno brindan un entorno \u00f3ptimo para observar con claridad la V\u00eda L\u00e1ctea. Durante este per\u00edodo, el centro gal\u00e1ctico es m\u00e1s visible desde distintos puntos de la provincia. Seg\u00fan explic\u00f3 el astr\u00f3nomo Rom\u00e1n Rodrigo Vena, \u201clo que podemos ver en el cielo tiene que ver principalmente [&hellip;]<\/p>\n","protected":false},"author":2,"featured_media":8495,"comment_status":"open","ping_status":"open","sticky":false,"template":"","format":"standard","meta":{"_et_pb_use_builder":"","_et_pb_old_content":"","_et_gb_content_width":"","footnotes":""},"categories":[84],"tags":[],"class_list":["post-8494","post","type-post","status-publish","format-standard","has-post-thumbnail","hentry","category-ultimomomento"],"_links":{"self":[{"href":"https:\/\/verdadincomodadiario.ar\/index.php?rest_route=\/wp\/v2\/posts\/8494","targetHints":{"allow":["GET"]}}],"collection":[{"href":"https:\/\/verdadincomodadiario.ar\/index.php?rest_route=\/wp\/v2\/posts"}],"about":[{"href":"https:\/\/verdadincomodadiario.ar\/index.php?rest_route=\/wp\/v2\/types\/post"}],"author":[{"embeddable":true,"href":"https:\/\/verdadincomodadiario.ar\/index.php?rest_route=\/wp\/v2\/users\/2"}],"replies":[{"embeddable":true,"href":"https:\/\/verdadincomodadiario.ar\/index.php?rest_route=%2Fwp%2Fv2%2Fcomments&post=8494"}],"version-history":[{"count":0,"href":"https:\/\/verdadincomodadiario.ar\/index.php?rest_route=\/wp\/v2\/posts\/8494\/revisions"}],"wp:featuredmedia":[{"embeddable":true,"href":"https:\/\/verdadincomodadiario.ar\/index.php?rest_route=\/wp\/v2\/media\/8495"}],"wp:attachment":[{"href":"https:\/\/verdadincomodadiario.ar\/index.php?rest_route=%2Fwp%2Fv2%2Fmedia&parent=8494"}],"wp:term":[{"taxonomy":"category","embeddable":true,"href":"https:\/\/verdadincomodadiario.ar\/index.php?rest_route=%2Fwp%2Fv2%2Fcategories&post=8494"},{"taxonomy":"post_tag","embeddable":true,"href":"https:\/\/verdadincomodadiario.ar\/index.php?rest_route=%2Fwp%2Fv2%2Ftags&post=8494"}],"curies":[{"name":"wp","href":"https:\/\/api.w.org\/{rel}","templated":true}]}}