{"id":8492,"date":"2025-06-21T19:32:19","date_gmt":"2025-06-21T19:32:19","guid":{"rendered":"https:\/\/verdadincomodadiario.ar\/?p=8492"},"modified":"2025-06-21T19:32:19","modified_gmt":"2025-06-21T19:32:19","slug":"tres-personas-heridas-tras-incendios-en-una-vivienda-y-un-taller-en-cordoba","status":"publish","type":"post","link":"https:\/\/verdadincomodadiario.ar\/?p=8492","title":{"rendered":"Tres personas heridas tras incendios en una vivienda y un taller en C\u00f3rdoba"},"content":{"rendered":"<p>Tres personas resultaron lesionadas luego de que se produjera <strong>un incendio en una vivienda ubicada en barrio Villa La Toma<\/strong> de <a href=\"https:\/\/derechadiario.com.ar\/sociedad\/cordoba-joven-motociclista-murio-tras-choque-barrio-general-paz\" title=\"C\u00f3rdoba: joven motociclista muri\u00f3 tras un choque en barrio General Paz\">C\u00f3rdoba Capital<\/a>.\u00a0El hecho ocurri\u00f3 en una casa de la calle Marciano Ver\u00f3n sin n\u00famero, y habr\u00eda sido causado por un desperfecto el\u00e9ctrico.<\/p>\n<p>Seg\u00fan informaron fuentes policiales, <strong>dos personas debieron ser trasladadas al Hospital Eva Per\u00f3n por inhalaci\u00f3n de mon\u00f3xido de carbono.\u00a0El propietario del inmueble, por otro lado, fue atendido por quemaduras en la espalda.<\/strong><\/p>\n<div class=\"inter_image image_vertical\">\n<picture><source class=\"img-responsive\" type=\"image\/webp\" data-srcset=\"https:\/\/filesedc.com\/uploads\/image\/post\/2025\/06\/captura-de-pantalla-2025-06-21-151837_300_400.webp 300w, https:\/\/filesedc.com\/uploads\/image\/post\/2025\/06\/captura-de-pantalla-2025-06-21-151837_630_840.webp 630w, https:\/\/filesedc.com\/uploads\/image\/post\/2025\/06\/captura-de-pantalla-2025-06-21-151837_760_1013.webp 760w, https:\/\/filesedc.com\/uploads\/image\/post\/2025\/06\/captura-de-pantalla-2025-06-21-151837_1200_1600.webp 1200w, https:\/\/filesedc.com\/uploads\/image\/post\/2025\/06\/captura-de-pantalla-2025-06-21-151837_1600_2133.webp 1600w, \"><img decoding=\"async\" src=\"https:\/\/derechadiario.com.ar\/filesedc\/uploads\/image\/post\/2025\/06\/captura-de-pantalla-2025-06-21-151837_1200_1600.webp\" class=\"img-responsive lazyload\" alt=\"Habitaci\u00f3n con paredes y techo quemados, cama destruida y restos de muebles calcinados tras un incendio\" title=\"Habitaci\u00f3n con paredes y techo quemados, cama destruida y restos de muebles calcinados tras un incendio\"><\/picture>\n<div>\n<span class=\"img_footer\">Da\u00f1os de uno de los incendios en un barrio de C\u00f3rdoba Capital <\/span>| <span class=\"img_author\">La Derecha Diario<\/span>\n<\/div>\n<\/div>\n<aside class=\"whatsappChannelText\"><a href=\"https:\/\/whatsapp.com\/channel\/0029VagEjILGE56eKjedWF2U\" rel=\"nofollow\" title=\"WhatsApp Link\"><img alt=\"Logo de WhatsApp\" class=\"lazyload\" data-src=\"https:\/\/derechadiario.com.ar\/filesedc\/uploads\/other\/whatsapp_icon_mid_article.png\" width=\"32\" height=\"32\"><\/a> <a href=\"https:\/\/whatsapp.com\/channel\/0029VagEjILGE56eKjedWF2U\" rel=\"nofollow\" title=\"WhatsApp Link\"><strong>NO SE PIERDAN NINGUNA NOTICIA<\/strong>: Click aqu\u00ed para sumarte <strong>GRATIS<\/strong> al canal de noticias de <strong>La Derecha Diario en WhatsApp.<\/strong><\/a><\/aside>\n<h2>Otro incendio afect\u00f3 un taller de GNC<\/h2>\n<p><strong>Ese mismo viernes por la tarde, alrededor de las 17, se registr\u00f3 otro incendio en un taller de GNC<\/strong> ubicado en la calle 11 de Septiembre al 2800. Este hecho ocurri\u00f3\u00a0en el barrio Jos\u00e9 Ignacio D\u00edaz Segunda Secci\u00f3n tambi\u00e9n de <a href=\"https:\/\/derechadiario.com.ar\/negocios-finanzas\/cordoba-pyme-industrial-gano-por-primera-vez-premio-nacional-calidad\" title=\"C\u00f3rdoba: una pyme industrial gan\u00f3 por primera vez el Premio Nacional a la Calidad\">C\u00f3rdoba Capital<\/a>.<\/p>\n<p><strong>En ese caso, no hubo personas heridas, aunque un autom\u00f3vil Renault Fluence sufri\u00f3 da\u00f1os materiales.<\/strong> Personal de bomberos trabaj\u00f3 en el lugar y logr\u00f3 extinguir las llamas. En ambos casos se contin\u00faan investigando las causas de los incendios.<\/p>\n<aside class=\"are-you-interested-container-photo\"><\/aside>\n<figure><img decoding=\"async\" src=\"https:\/\/derechadiario.com.ar\/filesedc\/uploads\/image\/post\/2025\/06\/captura-de-pantalla-2025-06-21-151817_1200_800.webp\" class=\"img-responsive lazyload\" alt=\"Auto Renault Fluence cubierto de polvo con la cajuela abierta en un taller mec\u00e1nico\" title=\"Auto Renault Fluence cubierto de polvo con la cajuela abierta en un taller mec\u00e1nico\"><\/figure>\n","protected":false},"excerpt":{"rendered":"<p>Tres personas resultaron lesionadas luego de que se produjera un incendio en una vivienda ubicada en barrio Villa La Toma de C\u00f3rdoba Capital.\u00a0El hecho ocurri\u00f3 en una casa de la calle Marciano Ver\u00f3n sin n\u00famero, y habr\u00eda sido causado por un desperfecto el\u00e9ctrico. Seg\u00fan informaron fuentes policiales, dos personas debieron ser trasladadas al Hospital Eva [&hellip;]<\/p>\n","protected":false},"author":2,"featured_media":8493,"comment_status":"open","ping_status":"open","sticky":false,"template":"","format":"standard","meta":{"_et_pb_use_builder":"","_et_pb_old_content":"","_et_gb_content_width":"","footnotes":""},"categories":[84],"tags":[],"class_list":["post-8492","post","type-post","status-publish","format-standard","has-post-thumbnail","hentry","category-ultimomomento"],"_links":{"self":[{"href":"https:\/\/verdadincomodadiario.ar\/index.php?rest_route=\/wp\/v2\/posts\/8492","targetHints":{"allow":["GET"]}}],"collection":[{"href":"https:\/\/verdadincomodadiario.ar\/index.php?rest_route=\/wp\/v2\/posts"}],"about":[{"href":"https:\/\/verdadincomodadiario.ar\/index.php?rest_route=\/wp\/v2\/types\/post"}],"author":[{"embeddable":true,"href":"https:\/\/verdadincomodadiario.ar\/index.php?rest_route=\/wp\/v2\/users\/2"}],"replies":[{"embeddable":true,"href":"https:\/\/verdadincomodadiario.ar\/index.php?rest_route=%2Fwp%2Fv2%2Fcomments&post=8492"}],"version-history":[{"count":0,"href":"https:\/\/verdadincomodadiario.ar\/index.php?rest_route=\/wp\/v2\/posts\/8492\/revisions"}],"wp:featuredmedia":[{"embeddable":true,"href":"https:\/\/verdadincomodadiario.ar\/index.php?rest_route=\/wp\/v2\/media\/8493"}],"wp:attachment":[{"href":"https:\/\/verdadincomodadiario.ar\/index.php?rest_route=%2Fwp%2Fv2%2Fmedia&parent=8492"}],"wp:term":[{"taxonomy":"category","embeddable":true,"href":"https:\/\/verdadincomodadiario.ar\/index.php?rest_route=%2Fwp%2Fv2%2Fcategories&post=8492"},{"taxonomy":"post_tag","embeddable":true,"href":"https:\/\/verdadincomodadiario.ar\/index.php?rest_route=%2Fwp%2Fv2%2Ftags&post=8492"}],"curies":[{"name":"wp","href":"https:\/\/api.w.org\/{rel}","templated":true}]}}