{"id":849,"date":"2025-03-28T21:30:46","date_gmt":"2025-03-28T21:30:46","guid":{"rendered":"https:\/\/verdadincomodadiario.ar\/?p=849"},"modified":"2025-03-28T21:30:46","modified_gmt":"2025-03-28T21:30:46","slug":"gracias-a-javier-milei-la-pobreza-en-caba-tambien-cayo-y-cerro-el-ano-2024-en-242","status":"publish","type":"post","link":"https:\/\/verdadincomodadiario.ar\/?p=849","title":{"rendered":"Gracias a Javier Milei, la pobreza en CABA tambi\u00e9n cay\u00f3 y cerr\u00f3 el a\u00f1o 2024 en 24,2%"},"content":{"rendered":"<p>En un <a href=\"https:\/\/derechadiario.com.ar\/economia\/inversion-real-argentina-aumento-293-anual-mes-febrero\" target=\"_blank\" title=\"La inversi\u00f3n real en Argentina aument\u00f3 un 29,3% anual en el mes de febrero\">informe reciente<\/a> publicado por el <strong>Instituto de Estad\u00edstica y Censos de la Ciudad de Buenos Aires<\/strong>, se revel\u00f3 una <strong>enorme reducci\u00f3n<\/strong> de los <strong>niveles de pobreza<\/strong> e <strong>indigencia<\/strong> en la capital argentina durante el <strong>cuarto trimestre de 2024<\/strong>.<\/p>\n<p>Estos datos reflejan un avance notable en las condiciones de vida de los porte\u00f1os, lo que refleja el \u00e9xito de\u00a0las pol\u00edticas econ\u00f3micas implementadas por el Gobierno de <a href=\"https:\/\/derechadiario.com.ar\/economia\/los-salarios-crecieron-29-enero-y-le-volvieron-ganar-inflacion\" target=\"_blank\" title=\"Los salarios crecieron un 2,9% en enero y le volvieron a ganar a la inflaci\u00f3n\"><strong>Javier Milei<\/strong><\/a>, cuya gesti\u00f3n logr\u00f3 una impresionante\u00a0<strong>recuperaci\u00f3n econ\u00f3mica<\/strong>.<\/p>\n<p>Seg\u00fan el reporte, la pobreza cay\u00f3 y afecta al <strong>19,3% de los hogares<\/strong> (260.000 hogares) y al <strong>24,2% de las personas<\/strong> (746.000 personas) en la ciudad.<\/p>\n<p>Estas cifras representan una disminuci\u00f3n sustancial en comparaci\u00f3n con el <strong>primer cuatrimestre<\/strong> del mismo a\u00f1o, en medio de la <strong>crisis econ\u00f3mica heredada del kirchnerismo<\/strong>,\u00a0cuando el <strong>30,4% de los hogares<\/strong> (411.000) y el <strong>35,1% de las personas<\/strong> (1.083.000) se encontraban en situaci\u00f3n de pobreza.<\/p>\n<aside class=\"are-you-interested-container-photo\"><\/aside>\n<div class=\"inter_image image_horizontal\">\n<picture><source class=\"img-responsive\" type=\"image\/webp\" data-srcset=\"\/filesedc\/uploads\/image\/post\/imagen-de-whatsapp-2025-03-28-a-las-170936-37ea8433_300_200.webp 300w, \n\/filesedc\/uploads\/image\/post\/imagen-de-whatsapp-2025-03-28-a-las-170936-37ea8433_630_420.webp 630w,\n                                \/filesedc\/uploads\/image\/post\/imagen-de-whatsapp-2025-03-28-a-las-170936-37ea8433_760_507.webp 760w,\n                                \/filesedc\/uploads\/image\/post\/imagen-de-whatsapp-2025-03-28-a-las-170936-37ea8433_1200_800.webp 1200w,\n                                \/filesedc\/uploads\/image\/post\/imagen-de-whatsapp-2025-03-28-a-las-170936-37ea8433_1600_1067.webp 1600w\"><img decoding=\"async\" src=\"https:\/\/derechadiario.com.ar\/filesedc\/uploads\/image\/post\/imagen-de-whatsapp-2025-03-28-a-las-170936-37ea8433_1200_800.webp\" class=\"img-responsive lazyload\" alt=\"Condiciones de vida en el cuarto trimestre de 2024: 19,3% de los hogares en pobreza y 4,5% en indigencia; 24,2% de la poblaci\u00f3n en pobreza y 6,5% en indigencia.\" title=\"Condiciones de vida en el cuarto trimestre de 2024: 19,3% de los hogares en pobreza y 4,5% en indigencia; 24,2% de la poblaci\u00f3n en pobreza y 6,5% en indigencia.\"><\/picture>\n<div>\n<span class=\"img_footer\">La pobreza en CABA. <\/span>| <span class=\"img_author\">La Derecha Diario<\/span>\n<\/div>\n<\/div>\n<p>Asimismo, la <strong>indigencia<\/strong>\u00a0experiment\u00f3 una <strong>reducci\u00f3n a\u00fan m\u00e1s pronunciada<\/strong>, pasando del <strong>10,8% de los hogares<\/strong> (146.000) al <strong>4,5%<\/strong> (60.000 hogares), y del <strong>15,3%<\/strong> de las personas (471.000) al <strong>6,5%<\/strong> (200.000 personas). Estos n\u00fameros evidencian una tendencia positiva que pone de manifiesto la efectividad de las medidas econ\u00f3micas impulsadas por el Gobierno de Milei.<\/p>\n<p>Al mismo tiempo, la reducci\u00f3n de la pobreza y la indigencia no ocurri\u00f3 solo en CABA, sino tambi\u00e9n a <strong>nivel nacional<\/strong>, con un porcentaje de pobres cercano al <strong>30%<\/strong>, luego de haber llegado a <strong>m\u00e1s de 50% por culpa del kirchnerismo<\/strong>.<\/p>\n<figure><img decoding=\"async\" src=\"https:\/\/derechadiario.com.ar\/filesedc\/uploads\/image\/post\/54341w850h566cjpg_1200_800.webp\" class=\"img-responsive lazyload\" alt=\"Una persona de pie en un escenario con traje oscuro y corbata, frente a un micr\u00f3fono.\" title=\"Una persona de pie en un escenario con traje oscuro y corbata, frente a un micr\u00f3fono.\"><\/figure>\n<h2>A nivel nacional<\/h2>\n<p>Al igual que en CABA, el informe m\u00e1s reciente del\u00a0nowcast de pobreza\u00a0elaborado por la\u00a0<strong>Universidad Torcuato Di Tella<\/strong>\u00a0(UTDT)\u00a0revela una\u00a0nueva\u00a0ca\u00edda\u00a0en los\u00a0\u00edndices de pobreza\u00a0en Argentina.<\/p>\n<p>Este informe, basado en datos actualizados de la\u00a0Encuesta Permanente de Hogares\u00a0(EPH) del INDEC, estima que la tasa de pobreza a nivel nacional para el\u00a0cuarto trimestre\u00a0de 2024 se sit\u00faa en el\u00a0<strong>35%<\/strong>, mientras que\u00a0para el bimestre enero-febrero\u00a0de 2025 <strong>baj\u00f3 al\u00a033,6%<\/strong>.<\/p>\n<figure><img decoding=\"async\" src=\"https:\/\/derechadiario.com.ar\/filesedc\/uploads\/image\/post\/ba-obelisco-0_1200_800.webp\" class=\"img-responsive lazyload\" alt=\"Letras verdes gigantes \" ba hechas de plantas frente al obelisco en una plaza urbana con edificios alrededor. title=\"Letras verdes gigantes \"><\/figure>\n<p>Sin embargo, una noticia impresionante es que, para el semestre de septiembre de 2024 y febrero de 2025, la pobreza cay\u00f3 al\u00a0<strong>34,9%<\/strong>, el\u00a0<strong>dato m\u00e1s bajo desde 2019<\/strong>.<\/p>\n<p>Adem\u00e1s, seg\u00fan el estudio, la\u00a0tasa de pobreza\u00a0fue del\u00a0<strong>38,8%<\/strong>\u00a0para el\u00a0<strong>tercer trimestre\u00a0de 2024<\/strong>, del\u00a0<strong>35%\u00a0para el\u00a0cuarto trimestre<\/strong>, y del\u00a0<strong>33,6%<\/strong>\u00a0para el bimestre de\u00a0enero-febrero\u00a0de 2025, una ca\u00edda que\u00a0no se ve\u00eda desde hace muchos a\u00f1os.<\/p>\n<aside class=\"whatsappChannelText\"><a href=\"https:\/\/whatsapp.com\/channel\/0029VagEjILGE56eKjedWF2U\" rel=\"nofollow\" title=\"WhatsApp Link\"><img alt=\"Logo de WhatsApp\" class=\"lazyload\" data-src=\"https:\/\/derechadiario.com.ar\/filesedc\/uploads\/other\/whatsapp_icon_mid_article.png\" width=\"32\" height=\"32\"><\/a> <a href=\"https:\/\/whatsapp.com\/channel\/0029VagEjILGE56eKjedWF2U\" rel=\"nofollow\" title=\"WhatsApp Link\"><strong>NO SE PIERDAN NINGUNA NOTICIA<\/strong>: Click aqu\u00ed para sumarte <strong>GRATIS<\/strong> al canal de noticias de <strong>La Derecha Diario en WhatsApp.<\/strong><\/a><\/aside>\n<p>En cantidad de personas, las proyecciones indican que <strong>10\u00a0millones de argentinos\u00a0salieron de la pobreza\u00a0respecto a comienzos del a\u00f1o pasado<\/strong>.<\/p>\n","protected":false},"excerpt":{"rendered":"<p>En un informe reciente publicado por el Instituto de Estad\u00edstica y Censos de la Ciudad de Buenos Aires, se revel\u00f3 una enorme reducci\u00f3n de los niveles de pobreza e indigencia en la capital argentina durante el cuarto trimestre de 2024. Estos datos reflejan un avance notable en las condiciones de vida de los porte\u00f1os, lo [&hellip;]<\/p>\n","protected":false},"author":2,"featured_media":850,"comment_status":"open","ping_status":"open","sticky":false,"template":"","format":"standard","meta":{"_et_pb_use_builder":"","_et_pb_old_content":"","_et_gb_content_width":"","footnotes":""},"categories":[80],"tags":[],"class_list":["post-849","post","type-post","status-publish","format-standard","has-post-thumbnail","hentry","category-economia-2"],"_links":{"self":[{"href":"https:\/\/verdadincomodadiario.ar\/index.php?rest_route=\/wp\/v2\/posts\/849","targetHints":{"allow":["GET"]}}],"collection":[{"href":"https:\/\/verdadincomodadiario.ar\/index.php?rest_route=\/wp\/v2\/posts"}],"about":[{"href":"https:\/\/verdadincomodadiario.ar\/index.php?rest_route=\/wp\/v2\/types\/post"}],"author":[{"embeddable":true,"href":"https:\/\/verdadincomodadiario.ar\/index.php?rest_route=\/wp\/v2\/users\/2"}],"replies":[{"embeddable":true,"href":"https:\/\/verdadincomodadiario.ar\/index.php?rest_route=%2Fwp%2Fv2%2Fcomments&post=849"}],"version-history":[{"count":0,"href":"https:\/\/verdadincomodadiario.ar\/index.php?rest_route=\/wp\/v2\/posts\/849\/revisions"}],"wp:featuredmedia":[{"embeddable":true,"href":"https:\/\/verdadincomodadiario.ar\/index.php?rest_route=\/wp\/v2\/media\/850"}],"wp:attachment":[{"href":"https:\/\/verdadincomodadiario.ar\/index.php?rest_route=%2Fwp%2Fv2%2Fmedia&parent=849"}],"wp:term":[{"taxonomy":"category","embeddable":true,"href":"https:\/\/verdadincomodadiario.ar\/index.php?rest_route=%2Fwp%2Fv2%2Fcategories&post=849"},{"taxonomy":"post_tag","embeddable":true,"href":"https:\/\/verdadincomodadiario.ar\/index.php?rest_route=%2Fwp%2Fv2%2Ftags&post=849"}],"curies":[{"name":"wp","href":"https:\/\/api.w.org\/{rel}","templated":true}]}}