{"id":8482,"date":"2025-06-21T17:39:47","date_gmt":"2025-06-21T17:39:47","guid":{"rendered":"https:\/\/verdadincomodadiario.ar\/?p=8482"},"modified":"2025-06-21T17:39:47","modified_gmt":"2025-06-21T17:39:47","slug":"uno-menos-delincuente-muere-en-rivera","status":"publish","type":"post","link":"https:\/\/verdadincomodadiario.ar\/?p=8482","title":{"rendered":"Uno menos: Delincuente muere en Rivera"},"content":{"rendered":"<p>En la madrugada de este s\u00e1bado, la ciudad de Rivera fue escenario de un accidente de tr\u00e1nsito que termin\u00f3 con la muerte de un hombre. <strong>El sujeto, quien minutos antes hab\u00eda robado una motocicleta en Santana do Livramento, Brasil<\/strong>, seg\u00fan inform\u00f3 <em>Hora Uno<\/em>, encontr\u00f3 su fin en la intersecci\u00f3n de las calles Paysand\u00fa y Jos\u00e9 Mar\u00eda Damboriarena.<\/p>\n<p><strong>Las c\u00e1maras de videovigilancia captaron el momento en que este delincuente, lanzado a toda velocidad en la moto robada, se estrell\u00f3 de forma violenta contra una camioneta<\/strong> que circulaba por la zona. Sin respetar la preferencia de paso, el conductor de la moto sell\u00f3 su destino con un impacto tan brutal que no tuvo chance de seguir causando problemas. <strong>La camioneta, imperturbable, sigui\u00f3 su camino, mientras el ladr\u00f3n qued\u00f3 tendido sin vida en el asfalto.<\/strong><\/p>\n<p><em>Quiz\u00e1s tambi\u00e9n te interese<\/em>: <a href=\"https:\/\/derechadiario.com.ar\/uruguay\/politica\/mujica-delato-sus-companeros-y-colaboro-con-los-militares-1972\">El sorprendente rol de Mujica durante los a\u00f1os 70<\/a>, una cr\u00f3nica de las contradicciones pol\u00edticas en la historia reciente.<\/p>\n<p><strong>La polic\u00eda y las autoridades trabajaron en el lugar para recoger los restos de esta historia de crimen y castigo.<\/strong> Este caso deja claro que las conductas delictivas y la imprudencia al volante tienen un precio, y este sujeto lo pag\u00f3 con creces. <strong>Mientras las investigaciones contin\u00faan, Rivera respira un poco m\u00e1s aliviada sabiendo que hay un ladr\u00f3n menos en las calles.<\/strong><\/p>\n<p><em>Quiz\u00e1s tambi\u00e9n te interese<\/em>: <a href=\"https:\/\/derechadiario.com.ar\/uruguay\/opinion\/asi-luce-socialdemocracia\">As\u00ed luce la socialdemocracia<\/a>, una reflexi\u00f3n cr\u00edtica sobre modelos pol\u00edticos actuales en Europa.<\/p>\n","protected":false},"excerpt":{"rendered":"<p>En la madrugada de este s\u00e1bado, la ciudad de Rivera fue escenario de un accidente de tr\u00e1nsito que termin\u00f3 con la muerte de un hombre. El sujeto, quien minutos antes hab\u00eda robado una motocicleta en Santana do Livramento, Brasil, seg\u00fan inform\u00f3 Hora Uno, encontr\u00f3 su fin en la intersecci\u00f3n de las calles Paysand\u00fa y Jos\u00e9 [&hellip;]<\/p>\n","protected":false},"author":2,"featured_media":8483,"comment_status":"open","ping_status":"open","sticky":false,"template":"","format":"standard","meta":{"_et_pb_use_builder":"","_et_pb_old_content":"","_et_gb_content_width":"","footnotes":""},"categories":[84],"tags":[],"class_list":["post-8482","post","type-post","status-publish","format-standard","has-post-thumbnail","hentry","category-ultimomomento"],"_links":{"self":[{"href":"https:\/\/verdadincomodadiario.ar\/index.php?rest_route=\/wp\/v2\/posts\/8482","targetHints":{"allow":["GET"]}}],"collection":[{"href":"https:\/\/verdadincomodadiario.ar\/index.php?rest_route=\/wp\/v2\/posts"}],"about":[{"href":"https:\/\/verdadincomodadiario.ar\/index.php?rest_route=\/wp\/v2\/types\/post"}],"author":[{"embeddable":true,"href":"https:\/\/verdadincomodadiario.ar\/index.php?rest_route=\/wp\/v2\/users\/2"}],"replies":[{"embeddable":true,"href":"https:\/\/verdadincomodadiario.ar\/index.php?rest_route=%2Fwp%2Fv2%2Fcomments&post=8482"}],"version-history":[{"count":0,"href":"https:\/\/verdadincomodadiario.ar\/index.php?rest_route=\/wp\/v2\/posts\/8482\/revisions"}],"wp:featuredmedia":[{"embeddable":true,"href":"https:\/\/verdadincomodadiario.ar\/index.php?rest_route=\/wp\/v2\/media\/8483"}],"wp:attachment":[{"href":"https:\/\/verdadincomodadiario.ar\/index.php?rest_route=%2Fwp%2Fv2%2Fmedia&parent=8482"}],"wp:term":[{"taxonomy":"category","embeddable":true,"href":"https:\/\/verdadincomodadiario.ar\/index.php?rest_route=%2Fwp%2Fv2%2Fcategories&post=8482"},{"taxonomy":"post_tag","embeddable":true,"href":"https:\/\/verdadincomodadiario.ar\/index.php?rest_route=%2Fwp%2Fv2%2Ftags&post=8482"}],"curies":[{"name":"wp","href":"https:\/\/api.w.org\/{rel}","templated":true}]}}