{"id":8462,"date":"2025-06-20T23:27:08","date_gmt":"2025-06-20T23:27:08","guid":{"rendered":"https:\/\/verdadincomodadiario.ar\/?p=8462"},"modified":"2025-06-20T23:27:08","modified_gmt":"2025-06-20T23:27:08","slug":"si-cfk-vuelve-a-alterar-la-paz-del-barrio-la-justicia-podria-revocar-su-domiciliaria","status":"publish","type":"post","link":"https:\/\/verdadincomodadiario.ar\/?p=8462","title":{"rendered":"Si CFK vuelve a alterar la paz del barrio, la Justicia podr\u00eda revocar su domiciliaria"},"content":{"rendered":"<p>La <a href=\"https:\/\/derechadiario.com.ar\/politica\/cristina-echo-su-militancia-frente-su-domicilio-y-lo-mando-parque-lezama\" title=\"Cristina ech\u00f3 a la militancia frente a su domicilio y lo mand\u00f3 a Parque Lezama\">expresidente\u00a0<\/a><strong>condenada<\/strong> cumple <strong>prisi\u00f3n domiciliaria<\/strong> en el coraz\u00f3n de una de las zonas m\u00e1s <strong>inseguras<\/strong>\u00a0 de la <strong>Ciudad<\/strong>. El barrio fue <strong>invadido por militantes, actos pol\u00edticos y pintadas kirchneristas<\/strong>, en un clima que roza el descontrol. La Justicia ya advirti\u00f3 que si se altera la paz, <strong>Cristina podr\u00eda perder el privilegio del arresto en su casa<\/strong>. La Polic\u00eda Federal tuvo que intervenir para frenar lo que el Gobierno porte\u00f1o no quiso ni mirar.<\/p>\n<p>El martes pasado, la <strong>Corte Suprema de Justicia de la Naci\u00f3n confirm\u00f3 la condena contra Cristina Fern\u00e1ndez de Kirchner en la causa Vialidad<\/strong>, fijando una <strong>pena de seis a\u00f1os de prisi\u00f3n e inhabilitaci\u00f3n perpetua para ejercer cargos p\u00fablicos<\/strong>. Desde entonces, la exmandataria cumple <strong>arresto domiciliario<\/strong> en su <strong>departamento<\/strong>\u00a0 de <strong>San Jos\u00e9 1111<\/strong>, en el barrio de <strong>Constituci\u00f3n<\/strong>. Pero lejos de tratarse de un cumplimiento silencioso de la pena, su presencia gener\u00f3 un desborde pol\u00edtico, log\u00edstico y social que <strong>alter\u00f3 por completo la vida del barrio<\/strong>.<\/p>\n<div class=\"inter_image image_horizontal\">\n<picture><source class=\"img-responsive\" type=\"image\/webp\" data-srcset=\"https:\/\/filesedc.com\/uploads\/image\/post\/2025\/06\/captura-de-pantalla-2025-06-20-200715_300_200.webp 300w, https:\/\/filesedc.com\/uploads\/image\/post\/2025\/06\/captura-de-pantalla-2025-06-20-200715_630_420.webp 630w, https:\/\/filesedc.com\/uploads\/image\/post\/2025\/06\/captura-de-pantalla-2025-06-20-200715_760_507.webp 760w, https:\/\/filesedc.com\/uploads\/image\/post\/2025\/06\/captura-de-pantalla-2025-06-20-200715_1200_800.webp 1200w, https:\/\/filesedc.com\/uploads\/image\/post\/2025\/06\/captura-de-pantalla-2025-06-20-200715_1600_1067.webp 1600w, \"><img decoding=\"async\" src=\"https:\/\/derechadiario.com.ar\/filesedc\/uploads\/image\/post\/2025\/06\/captura-de-pantalla-2025-06-20-200715_1200_800.webp\" class=\"img-responsive lazyload\" alt=\"Vista a\u00e9rea de un barrio urbano con murales grandes de rostros en la fachada de un edificio blanco\" title=\"Vista a\u00e9rea de un barrio urbano con murales grandes de rostros en la fachada de un edificio blanco\"><\/picture>\n<div>\n<span class=\"img_footer\">Manifestaci\u00f3n kirchnerista. <\/span>| <span class=\"img_author\">La Derecha Diario<\/span>\n<\/div>\n<\/div>\n<p>Desde el primer d\u00eda, <strong>militantes kirchneristas<\/strong> acamparon frente al edificio, con bombos, gazebos, puestos de comida y actos partidarios que ocuparon el espacio p\u00fablico durante horas. La escena se repite sin pausa;\u00a0<strong>cantan<\/strong>, mientras <strong>pintan su rostro en el asfalto, instalan generadores, organizan &#8220;culturazos&#8221; y esperan, a cualquier hora, que la condenada aparezca en el balc\u00f3n.<\/strong><\/p>\n<p>Sin embargo, la propia <strong>Justicia fij\u00f3 l\u00edmites estrictos<\/strong>: <strong>Cristina Kirchner debe abstenerse de alterar la tranquilidad del vecindario.<\/strong>\u00a0 No se necesita una orden judicial para actuar: \u00a0<strong>la autorizaci\u00f3n para su prisi\u00f3n domiciliaria est\u00e1 supeditada al respeto del entorno.<\/strong> Es un beneficio condicional, no un derecho adquirido.<\/p>\n<p>Y tan claro es ese l\u00edmite, que la expresidente\u00a0ya evit\u00f3 volver al balc\u00f3n, despu\u00e9s de que la Justicia lo advirtiera: \u00a0<strong>ni ella se atreve ahora a \u201calterar la tranquilidad\u201d del barrio<\/strong>, como hicieron sus militantes durante los primeros d\u00edas. El ritual de los saludos y arengas desde su ventana se suspendi\u00f3. Fue un mensaje claro: <strong>cualquier reincidencia puede terminar con su traslado a una c\u00e1rcel com\u00fan.<\/strong><\/p>\n<figure><img decoding=\"async\" src=\"https:\/\/derechadiario.com.ar\/filesedc\/uploads\/image\/post\/2025\/06\/captura-de-pantalla-2025-06-20-200702_1200_1600.webp\" class=\"img-responsive lazyload\" alt=\"Mapa de una zona afectada en Buenos Aires que muestra la ubicaci\u00f3n de varios lugares destacados como un bar, una peluquer\u00eda, un monasterio, una facultad y un canal de televisi\u00f3n, junto con una foto de un edificio identificado como el departamento de Cristina y descripciones de los efectos recientes en cada sitio\" title=\"Mapa de una zona afectada en Buenos Aires que muestra la ubicaci\u00f3n de varios lugares destacados como un bar, una peluquer\u00eda, un monasterio, una facultad y un canal de televisi\u00f3n, junto con una foto de un edificio identificado como el departamento de Cristina y descripciones de los efectos recientes en cada sitio\"><\/figure>\n<p>Ante el caos generado por el despliegue kirchnerista, la <strong>Polic\u00eda Federal Argentina<\/strong> (PFA) <strong>debi\u00f3 intervenir para contener una situaci\u00f3n que se desbordaba.<\/strong> Su presencia fue <strong>clave<\/strong> para evitar la consolidaci\u00f3n de una \u00a0<strong>\u201czona liberada\u201d<\/strong>\u00a0 a manos de <strong>La C\u00e1mpora<\/strong> y sus agrupaciones aliadas. <strong>Gracias al despliegue federal<\/strong>, se logr\u00f3 contener la transformaci\u00f3n del barrio en una unidad b\u00e1sica peronista a cielo abierto.<\/p>\n<p><strong>\u201cEl martes no pod\u00edamos salir ni entrar. Los manifestantes copaban las veredas, hab\u00eda bombos todo el d\u00eda. Esto ya no es una protesta, es una invasi\u00f3n\u201d<\/strong>, cont\u00f3 un vecino que prefiri\u00f3 mantener el anonimato. Otro relat\u00f3 que debi\u00f3 pedir tranquilizantes a su m\u00e9dico y que ni siquiera pod\u00eda ver televisi\u00f3n por el ruido permanente. <strong>La PFA fue decisiva<\/strong>: impuso el orden que <strong>el Gobierno de la Ciudad<\/strong>, inexplicablemente, <strong>decidi\u00f3 no asumir.<\/strong><\/p>\n<aside class=\"whatsappChannelText\"><a href=\"https:\/\/whatsapp.com\/channel\/0029VagEjILGE56eKjedWF2U\" rel=\"nofollow\" title=\"WhatsApp Link\"><img alt=\"Logo de WhatsApp\" class=\"lazyload\" data-src=\"https:\/\/derechadiario.com.ar\/filesedc\/uploads\/other\/whatsapp_icon_mid_article.png\" width=\"32\" height=\"32\"><\/a> <a href=\"https:\/\/whatsapp.com\/channel\/0029VagEjILGE56eKjedWF2U\" rel=\"nofollow\" title=\"WhatsApp Link\"><strong>NO SE PIERDAN NINGUNA NOTICIA<\/strong>: Click aqu\u00ed para sumarte <strong>GRATIS<\/strong> al canal de noticias de <strong>La Derecha Diario en WhatsApp.<\/strong><\/a><\/aside>\n<p>En un contexto donde la inseguridad campea en <strong>Constituci\u00f3n<\/strong>, con <strong>un delito cada dos d\u00edas<\/strong> solo en esa manzana. Y a eso ahora se suman las <strong>pintadas, los gritos, los actos pol\u00edticos y la instalaci\u00f3n de carpas con merchandising de la l\u00edder condenada por corrupci\u00f3n.<\/strong><\/p>\n<p>En las \u00faltimas horas, el hartazgo escal\u00f3: otro vecino, denunci\u00f3 en medios que su derecho al descanso fue suprimido. \u00a0<strong>\u201c\u00bfD\u00f3nde qued\u00f3 nuestro derecho al descanso, a la seguridad, a la movilidad? \u00bfEl privilegio judicial de la expresidente\u00a0vale m\u00e1s que nuestra integridad?\u201d<\/strong>, se pregunt\u00f3. Mientras tanto, la <strong>Facultad de Ciencias Sociales de la UBA<\/strong>, a una cuadra, <strong>fue tomada por militantes que organizan cortes, vigilias, clases p\u00fablicas y ruidazos.<\/strong><\/p>\n<aside class=\"low-arrow-links automatic-low-arrow-links-end-body\"><\/aside>\n","protected":false},"excerpt":{"rendered":"<p>La expresidente\u00a0condenada cumple prisi\u00f3n domiciliaria en el coraz\u00f3n de una de las zonas m\u00e1s inseguras\u00a0 de la Ciudad. El barrio fue invadido por militantes, actos pol\u00edticos y pintadas kirchneristas, en un clima que roza el descontrol. La Justicia ya advirti\u00f3 que si se altera la paz, Cristina podr\u00eda perder el privilegio del arresto en su [&hellip;]<\/p>\n","protected":false},"author":2,"featured_media":8463,"comment_status":"open","ping_status":"open","sticky":false,"template":"","format":"standard","meta":{"_et_pb_use_builder":"","_et_pb_old_content":"","_et_gb_content_width":"","footnotes":""},"categories":[84],"tags":[],"class_list":["post-8462","post","type-post","status-publish","format-standard","has-post-thumbnail","hentry","category-ultimomomento"],"_links":{"self":[{"href":"https:\/\/verdadincomodadiario.ar\/index.php?rest_route=\/wp\/v2\/posts\/8462","targetHints":{"allow":["GET"]}}],"collection":[{"href":"https:\/\/verdadincomodadiario.ar\/index.php?rest_route=\/wp\/v2\/posts"}],"about":[{"href":"https:\/\/verdadincomodadiario.ar\/index.php?rest_route=\/wp\/v2\/types\/post"}],"author":[{"embeddable":true,"href":"https:\/\/verdadincomodadiario.ar\/index.php?rest_route=\/wp\/v2\/users\/2"}],"replies":[{"embeddable":true,"href":"https:\/\/verdadincomodadiario.ar\/index.php?rest_route=%2Fwp%2Fv2%2Fcomments&post=8462"}],"version-history":[{"count":0,"href":"https:\/\/verdadincomodadiario.ar\/index.php?rest_route=\/wp\/v2\/posts\/8462\/revisions"}],"wp:featuredmedia":[{"embeddable":true,"href":"https:\/\/verdadincomodadiario.ar\/index.php?rest_route=\/wp\/v2\/media\/8463"}],"wp:attachment":[{"href":"https:\/\/verdadincomodadiario.ar\/index.php?rest_route=%2Fwp%2Fv2%2Fmedia&parent=8462"}],"wp:term":[{"taxonomy":"category","embeddable":true,"href":"https:\/\/verdadincomodadiario.ar\/index.php?rest_route=%2Fwp%2Fv2%2Fcategories&post=8462"},{"taxonomy":"post_tag","embeddable":true,"href":"https:\/\/verdadincomodadiario.ar\/index.php?rest_route=%2Fwp%2Fv2%2Ftags&post=8462"}],"curies":[{"name":"wp","href":"https:\/\/api.w.org\/{rel}","templated":true}]}}