{"id":8458,"date":"2025-06-20T22:24:59","date_gmt":"2025-06-20T22:24:59","guid":{"rendered":"https:\/\/verdadincomodadiario.ar\/?p=8458"},"modified":"2025-06-20T22:24:59","modified_gmt":"2025-06-20T22:24:59","slug":"avanza-el-juicio-por-el-crimen-de-sebastian-villarreal-en-barrio-yofre-norte","status":"publish","type":"post","link":"https:\/\/verdadincomodadiario.ar\/?p=8458","title":{"rendered":"Avanza el juicio por el crimen de Sebasti\u00e1n Villarreal en barrio Yofre Norte"},"content":{"rendered":"<h2>La causa ser\u00e1 juzgada por la C\u00e1mara 3\u00aa del Crimen<\/h2>\n<p>El Juzgado de Control y Faltas N\u00b0 5 resolvi\u00f3 elevar a juicio la causa por el <strong>crimen de Sebasti\u00e1n Villarreal<\/strong>. El hecho ocurri\u00f3 el 29 de febrero de 2024 en barrio Yofre Norte, ciudad de <a href=\"https:\/\/derechadiario.com.ar\/sociedad\/cordoba-ya-son-39-los-detenidos-por-estafas-apross\" title=\"C\u00f3rdoba: ya son 39 los detenidos por estafas a Apross\">C\u00f3rdoba<\/a>. La calificaci\u00f3n legal fue modificada: los acusados enfrentar\u00e1n cargos por homicidio en ocasi\u00f3n de robo.<\/p>\n<p>La acusaci\u00f3n fue sostenida por el fiscal Andr\u00e9s Godoy, quien vincul\u00f3 a cinco personas. <strong>Cuatro est\u00e1n formalmente imputadas<\/strong>: Axel Escada (20), Luciano Busto (19), H\u00e9ctor Herrera (25) y J. M. M. (17). El quinto involucrado ten\u00eda 14 a\u00f1os al momento del hecho y fue considerado inimputable.<\/p>\n<p><strong>La causa se acumular\u00e1 con otras investigaciones que involucran principalmente a Busto y Escada<\/strong>. Ambos ya enfrentaban imputaciones por robos calificados cometidos bajo una modalidad similar: en moto, de madrugada y con armas de fuego.<\/p>\n<div class=\"inter_image image_horizontal\">\n<picture><source class=\"img-responsive\" type=\"image\/webp\" data-srcset=\"https:\/\/filesedc.com\/uploads\/image\/post\/2025\/06\/captura-de-pantalla-2025-06-20-145948_300_200.webp 300w, https:\/\/filesedc.com\/uploads\/image\/post\/2025\/06\/captura-de-pantalla-2025-06-20-145948_630_420.webp 630w, https:\/\/filesedc.com\/uploads\/image\/post\/2025\/06\/captura-de-pantalla-2025-06-20-145948_760_507.webp 760w, https:\/\/filesedc.com\/uploads\/image\/post\/2025\/06\/captura-de-pantalla-2025-06-20-145948_1200_800.webp 1200w, https:\/\/filesedc.com\/uploads\/image\/post\/2025\/06\/captura-de-pantalla-2025-06-20-145948_1600_1067.webp 1600w, \"><img decoding=\"async\" src=\"https:\/\/derechadiario.com.ar\/filesedc\/uploads\/image\/post\/2025\/06\/captura-de-pantalla-2025-06-20-145948_1200_800.webp\" class=\"img-responsive lazyload\" alt=\"Un grupo de personas participa en una manifestaci\u00f3n, dos mujeres se abrazan emocionadas mientras otra sostiene un cartel y el ambiente transmite sentimientos de apoyo y solidaridad.\" title=\"Un grupo de personas participa en una manifestaci\u00f3n, dos mujeres se abrazan emocionadas mientras otra sostiene un cartel y el ambiente transmite sentimientos de apoyo y solidaridad.\"><\/picture>\n<div>\n<span class=\"img_footer\">Marcha en el centro de C\u00f3rdoba por Sebasti\u00e1n Villarreal <\/span>| <span class=\"img_author\">La Derecha Diario<\/span>\n<\/div>\n<\/div>\n<h2>C\u00f3mo ocurri\u00f3 el ataque contra Sebasti\u00e1n Villarreal<\/h2>\n<p><strong>La v\u00edctima fue interceptada frente a su casa, en calle Montemayor al 2300. Eran cerca de las 6.20 cuando Sebasti\u00e1n sal\u00eda para ir a trabajar y fue abordado por dos j\u00f3venes en moto. Uno de ellos portaba un arma de fuego y le exigi\u00f3 que entregara su veh\u00edculo.<\/strong><\/p>\n<aside class=\"are-you-interested-container-photo\"><\/aside>\n<p>Seg\u00fan la reconstrucci\u00f3n fiscal, <strong>la v\u00edctima suplic\u00f3 diciendo \u201ctengo hijos\u201d y trat\u00f3 de escapar hacia la esquina<\/strong>. <strong>El agresor le dispar\u00f3 dos veces.<\/strong> Uno de los proyectiles impact\u00f3 en el pecho y le provoc\u00f3 la muerte inmediata.<\/p>\n<p><strong>Tras el crimen, los agresores se fugaron en dos motos<\/strong>:\u00a0la Honda XR190 de la v\u00edctima y\u00a0una Falcon 400 roja con negro. Esta \u00faltima fue ocultada luego en un descampado de barrio Ciudad Evita, con ayuda de otro de los imputados.<\/p>\n<figure><img decoding=\"async\" src=\"https:\/\/derechadiario.com.ar\/filesedc\/uploads\/image\/post\/2025\/06\/captura-de-pantalla-2025-06-20-150118_1200_800.webp\" class=\"img-responsive lazyload\" alt=\"Persona sostiene un cartel que dice justicia por Sebasti\u00e1n basta de inseguridad mientras otra persona sostiene una vela encendida\" title=\"Persona sostiene un cartel que dice justicia por Sebasti\u00e1n basta de inseguridad mientras otra persona sostiene una vela encendida\"><\/figure>\n<h2>Los roles asignados a cada uno de los acusados<\/h2>\n<p><strong>Axel Escada fue imputado por haber facilitado la motocicleta Falcon usada en el asalto.<\/strong> El rodado estaba bajo su disposici\u00f3n habitual y era utilizado por distintos miembros de la banda. En su casa secuestraron una Falcon similar y registros telef\u00f3nicos con conversaciones sobre veh\u00edculos robados.<\/p>\n<p><strong>Luciano Busto fue acusado de haber provisto los proyectiles calibre .380 usados en el ataque.<\/strong> Aunque neg\u00f3 relaci\u00f3n con el resto de los implicados, las pruebas lo ubican como proveedor de municiones y vinculado a redes delictivas. Su testimonio fue desestimado por contradicciones.<\/p>\n<p><strong>J. M. M., de 17 a\u00f1os, fue se\u00f1alado como el autor material de los disparos.<\/strong> Est\u00e1 imputado por homicidio en ocasi\u00f3n de robo agravado por el uso de arma de fuego. El menor de 14 a\u00f1os habr\u00eda manejado la Falcon durante el asalto. Herrera, en tanto, fue acusado de encubrimiento por haber ocultado una de las motos.<\/p>\n<figure><img decoding=\"async\" src=\"https:\/\/derechadiario.com.ar\/filesedc\/uploads\/image\/post\/2025\/06\/captura-de-pantalla-2025-06-20-150251_1200_800.webp\" class=\"img-responsive lazyload\" alt=\"Una multitud de personas marcha por la calle detr\u00e1s de un auto de polic\u00eda con luces encendidas mientras una oficial observa la manifestaci\u00f3n.\" title=\"Una multitud de personas marcha por la calle detr\u00e1s de un auto de polic\u00eda con luces encendidas mientras una oficial observa la manifestaci\u00f3n.\"><\/figure>\n<h2>Pruebas y elementos incorporados al expediente<\/h2>\n<p>El expediente re\u00fane testimonios de familiares y testigos, junto con peritajes t\u00e9cnicos y registros audiovisuales. <strong>El hijo de la v\u00edctima presenci\u00f3 el hecho y brind\u00f3 detalles clave.<\/strong> Tambi\u00e9n declararon la hija de Villarreal y un testigo presencial.<\/p>\n<p>Las c\u00e1maras de seguridad permitieron trazar la fuga de los agresores. Adem\u00e1s, se cotejaron informes bal\u00edsticos y de autopsia con los rastros hallados en la escena. <strong>Las im\u00e1genes fueron clave para ubicar a los implicados con los veh\u00edculos utilizados en el hecho.<\/strong><\/p>\n<p><strong>Peritajes a celulares y redes sociales tambi\u00e9n fueron incorporados a la causa.<\/strong> En ellos se detectaron conversaciones y fotograf\u00edas de los acusados posando con motocicletas similares. Allanamientos realizados en Ciudad Evita permitieron secuestrar municiones y partes de motos.<\/p>\n<aside class=\"whatsappChannelText\"><a href=\"https:\/\/whatsapp.com\/channel\/0029VagEjILGE56eKjedWF2U\" rel=\"nofollow\" title=\"WhatsApp Link\"><img alt=\"Logo de WhatsApp\" class=\"lazyload\" data-src=\"https:\/\/derechadiario.com.ar\/filesedc\/uploads\/other\/whatsapp_icon_mid_article.png\" width=\"32\" height=\"32\"><\/a> <a href=\"https:\/\/whatsapp.com\/channel\/0029VagEjILGE56eKjedWF2U\" rel=\"nofollow\" title=\"WhatsApp Link\"><strong>NO SE PIERDAN NINGUNA NOTICIA<\/strong>: Click aqu\u00ed para sumarte <strong>GRATIS<\/strong> al canal de noticias de <strong>La Derecha Diario en WhatsApp.<\/strong><\/a><\/aside>\n<figure><img decoding=\"async\" src=\"https:\/\/derechadiario.com.ar\/filesedc\/uploads\/image\/post\/2025\/06\/captura-de-pantalla-2025-06-20-150527_1200_800.webp\" class=\"img-responsive lazyload\" alt=\"Hombre de barba y cabello oscuro sonriendo dentro de una piscina al aire libre con vegetaci\u00f3n de fondo\" title=\"Hombre de barba y cabello oscuro sonriendo dentro de una piscina al aire libre con vegetaci\u00f3n de fondo\"><\/figure>\n<h2>Una banda se\u00f1alada por robos de motos en Ciudad Evita<\/h2>\n<p><strong>La investigaci\u00f3n revel\u00f3 la existencia de una presunta banda delictiva dedicada al <a href=\"https:\/\/derechadiario.com.ar\/sociedad\/cordoba-familiares-hombre-asesinado-por-menor-piden-al-estado-que-actue\" title=\"C\u00f3rdoba: familiares de hombre asesinado por un menor piden al Estado que act\u00fae\">robo de motocicletas<\/a>.<\/strong> Seg\u00fan los datos del expediente, el grupo estaba integrado por j\u00f3venes de entre 17 y 25 a\u00f1os y operaba principalmente en Ciudad Evita.<\/p>\n<p><strong>Los veh\u00edculos sustra\u00eddos eran usados por los miembros de la banda o comercializados de forma ilegal.<\/strong> Escada fue identificado como usuario frecuente de la Falcon utilizada en el crimen. Busto fue vinculado con la provisi\u00f3n de armas y municiones.<\/p>\n<p>La fiscal\u00eda destac\u00f3 la dificultad del caso por la falta inicial de c\u00e1maras o testigos. <strong>Un transe\u00fante aport\u00f3 una descripci\u00f3n clave que permiti\u00f3 avanzar.<\/strong> La Brigada de Robos y Hurtos de la Polic\u00eda desarroll\u00f3 el trabajo de campo que permiti\u00f3 identificar a los implicados y sostener las imputaciones.<\/p>\n","protected":false},"excerpt":{"rendered":"<p>La causa ser\u00e1 juzgada por la C\u00e1mara 3\u00aa del Crimen El Juzgado de Control y Faltas N\u00b0 5 resolvi\u00f3 elevar a juicio la causa por el crimen de Sebasti\u00e1n Villarreal. El hecho ocurri\u00f3 el 29 de febrero de 2024 en barrio Yofre Norte, ciudad de C\u00f3rdoba. La calificaci\u00f3n legal fue modificada: los acusados enfrentar\u00e1n cargos [&hellip;]<\/p>\n","protected":false},"author":2,"featured_media":8459,"comment_status":"open","ping_status":"open","sticky":false,"template":"","format":"standard","meta":{"_et_pb_use_builder":"","_et_pb_old_content":"","_et_gb_content_width":"","footnotes":""},"categories":[84],"tags":[],"class_list":["post-8458","post","type-post","status-publish","format-standard","has-post-thumbnail","hentry","category-ultimomomento"],"_links":{"self":[{"href":"https:\/\/verdadincomodadiario.ar\/index.php?rest_route=\/wp\/v2\/posts\/8458","targetHints":{"allow":["GET"]}}],"collection":[{"href":"https:\/\/verdadincomodadiario.ar\/index.php?rest_route=\/wp\/v2\/posts"}],"about":[{"href":"https:\/\/verdadincomodadiario.ar\/index.php?rest_route=\/wp\/v2\/types\/post"}],"author":[{"embeddable":true,"href":"https:\/\/verdadincomodadiario.ar\/index.php?rest_route=\/wp\/v2\/users\/2"}],"replies":[{"embeddable":true,"href":"https:\/\/verdadincomodadiario.ar\/index.php?rest_route=%2Fwp%2Fv2%2Fcomments&post=8458"}],"version-history":[{"count":0,"href":"https:\/\/verdadincomodadiario.ar\/index.php?rest_route=\/wp\/v2\/posts\/8458\/revisions"}],"wp:featuredmedia":[{"embeddable":true,"href":"https:\/\/verdadincomodadiario.ar\/index.php?rest_route=\/wp\/v2\/media\/8459"}],"wp:attachment":[{"href":"https:\/\/verdadincomodadiario.ar\/index.php?rest_route=%2Fwp%2Fv2%2Fmedia&parent=8458"}],"wp:term":[{"taxonomy":"category","embeddable":true,"href":"https:\/\/verdadincomodadiario.ar\/index.php?rest_route=%2Fwp%2Fv2%2Fcategories&post=8458"},{"taxonomy":"post_tag","embeddable":true,"href":"https:\/\/verdadincomodadiario.ar\/index.php?rest_route=%2Fwp%2Fv2%2Ftags&post=8458"}],"curies":[{"name":"wp","href":"https:\/\/api.w.org\/{rel}","templated":true}]}}