{"id":8456,"date":"2025-06-20T22:25:00","date_gmt":"2025-06-20T22:25:00","guid":{"rendered":"https:\/\/verdadincomodadiario.ar\/?p=8456"},"modified":"2025-06-20T22:25:00","modified_gmt":"2025-06-20T22:25:00","slug":"oscar-andrade-contrato-a-gonzalo-fernandez-uno-de-los-abogados-mas-caros-de-uruguay","status":"publish","type":"post","link":"https:\/\/verdadincomodadiario.ar\/?p=8456","title":{"rendered":"\u00d3scar Andrade contrato a Gonzalo Fern\u00e1ndez, uno de los abogados m\u00e1s caros de Uruguay"},"content":{"rendered":"<p>El fiscal <strong>penal<\/strong> Gilberto Rodr\u00edguez est\u00e1 investigando la mega estafa en el Sunca por 1.200 millones de d\u00f3lares perpetrada por sindicalistas del Partido Comunista (PCU).<\/p>\n<p>Algunos de los condenados penalmente se\u00f1alaron que el dinero <strong>robado<\/strong> del sindicato de la construcci\u00f3n se destin\u00f3 al PCU lista 1001.<\/p>\n<p>B\u00e1sicamente a <strong>financiar<\/strong> sus campa\u00f1as electorales de 2024 y de 2025, y a financiar la <strong>campa\u00f1a<\/strong> electoral del plebiscito de la seguridad social del PIT-CNT celebrado en octubre de 2024.<\/p>\n<p>En los \u00faltimos d\u00edas trascendi\u00f3 que <strong>\u00d3scar<\/strong>\u00a0<strong>Andrade<\/strong> y <strong>Daniel<\/strong>\u00a0<strong>Diverio<\/strong>, ambos legisladores del PCU, fueron se\u00f1alados como responsables de las mega <strong>estafa<\/strong> por quienes ya declararon en fiscal\u00eda.<\/p>\n<div class=\"inter_image image_horizontal\">\n<picture><source class=\"img-responsive\" type=\"image\/webp\" data-srcset=\"https:\/\/filesedc.com\/uploads\/image\/post\/2025\/06\/descarga-1750454223570_300_200.webp 300w, https:\/\/filesedc.com\/uploads\/image\/post\/2025\/06\/descarga-1750454223570_630_420.webp 630w, https:\/\/filesedc.com\/uploads\/image\/post\/2025\/06\/descarga-1750454223570_760_507.webp 760w, https:\/\/filesedc.com\/uploads\/image\/post\/2025\/06\/descarga-1750454223570_1200_800.webp 1200w, https:\/\/filesedc.com\/uploads\/image\/post\/2025\/06\/descarga-1750454223570_1600_1067.webp 1600w, \"><img decoding=\"async\" src=\"https:\/\/derechadiario.com.ar\/filesedc\/uploads\/image\/post\/2025\/06\/descarga-1750454223570_1200_800.webp\" class=\"img-responsive lazyload\" alt=\"Hombre calvo con gafas y corbata amarilla con rayas, sonriendo frente a un fondo con logotipos de Fiscal\u00eda\" title=\"Hombre calvo con gafas y corbata amarilla con rayas, sonriendo frente a un fondo con logotipos de Fiscal\u00eda\"><\/picture>\n<div>\n<span class=\"img_footer\">Fiscal Gilberto Rodr\u00edguez  <\/span>| <span class=\"img_author\">La Derecha Diario<\/span>\n<\/div>\n<\/div>\n<p>Ambos contrataron al abogado Gonzalo Fern\u00e1ndez, quien fuera mano derecha de <strong>Tabar\u00e9<\/strong>\u00a0<strong>V\u00e1zquez<\/strong> durante much\u00edsimos a\u00f1os.\u00a0<\/p>\n<h2>\u00bfQui\u00e9n es Gonzalo Fern\u00e1ndez?<\/h2>\n<p>Gonzalo Daniel Fern\u00e1ndez Dom\u00ednguez, nacido el 21 de marzo de 1952 en Montevideo, es un <strong>abogado<\/strong> penalista, fue profesor y pol\u00edtico del Frente Amplio, si bien hace algunos a\u00f1os que no ocupa cargos de gobierno.\u00a0<\/p>\n<p>Es <strong>catedr\u00e1tico<\/strong> de Grado 5 en Derecho Penal en la Universidad de la Rep\u00fablica, donde tambi\u00e9n es director de la Revista de Ciencias Penales.<\/p>\n<p>Ha escrito varios <strong>libros<\/strong>, como Derecho penal de las sociedades an\u00f3nimas (1983), Derecho penal y derechos humanos (1988), Manual de Derecho Penal (1989), entre otros.<\/p>\n<p>Adem\u00e1s, imparti\u00f3 cursos en universidades de Argentina, Chile y Per\u00fa.<\/p>\n<p>Ocup\u00f3 varios cargos pol\u00edticos en los gobiernos <strong>frenteamplistas<\/strong>.\u00a0<\/p>\n<figure><img decoding=\"async\" src=\"https:\/\/derechadiario.com.ar\/filesedc\/uploads\/image\/post\/2025\/06\/images-1-1750454312757_1200_800.webp\" class=\"img-responsive lazyload\" alt=\"Bandera roja con el logo y la palabra SUNCA en amarillo ondeando frente a un edificio\" title=\"Bandera roja con el logo y la palabra SUNCA en amarillo ondeando frente a un edificio\"><\/figure>\n<p>Durante el primer gobierno de V\u00e1zquez (2005-2010), ocup\u00f3 <strong>cargos<\/strong> clave:<br \/><strong>secretario<\/strong> de la Presidencia (2005-2008), <strong>ministro<\/strong> de Relaciones Exteriores (2008-2009) y <strong>ministro<\/strong> de Defensa (2009-2010).<\/p>\n<p>Fue considerado la mano derecha de V\u00e1zquez durante largo tiempo.<\/p>\n<p>Es miembro del\u00a0<strong>Partido<\/strong>\u00a0<strong>Socialista<\/strong>\u00a0(desde 1985, aunque dej\u00f3 el Comit\u00e9 en 2003 tras cr\u00edticas por defender al banquero Jorge Peirano Basso).<\/p>\n<p>En 2010, fue denunciado por una supuesta &#8220;conspiraci\u00f3n&#8221; relacionada con la derogaci\u00f3n de un art\u00edculo de la Ley 2.230, que benefici\u00f3 a los hermanos Peirano Basso en un caso de fraude bancario (Banco de Montevideo).\u00a0<\/p>\n<p>La denuncia fue archivada en 2013.<\/p>\n<h2>\u00bfQui\u00e9n le paga los honorarios a Fern\u00e1ndez?<\/h2>\n<p>Es uno de los mejores abogados especializados en Derecho Penal que hay en Uruguay, y como corresponde a un <strong>profesional<\/strong> de su talla, cobra <strong>altos<\/strong> honorarios que no son para cualquiera.<\/p>\n<p><strong>\u00d3scar<\/strong>\u00a0<strong>Andrade<\/strong> lo acaba de contratar para que lo patrocine en la investigaci\u00f3n que est\u00e1 llevando adelante el fiscal Rodr\u00edguez.<\/p>\n<p>Cualquier persona involucrada en una investigaci\u00f3n penal puede contratar al abogado que considere pertinente.\u00a0<\/p>\n<p>Lo llamativo es que hace pocos a\u00f1os <strong>Andrade<\/strong> dec\u00eda p\u00fablicamente que, aunque era senador, no ten\u00eda para pagar la <strong>contribuci\u00f3n<\/strong>\u00a0<strong>inmobiliaria<\/strong> de su chalet en el balneario San Luis.<\/p>\n<p>Tambi\u00e9n dec\u00eda que el plano del <strong>chalet<\/strong> lo hizo \u00e9l mismo porque tampoco le pod\u00eda pagar a un arquitecto.<\/p>\n<p>Seg\u00fan sus palabras era tan pobre que tampoco le pag\u00f3 los <strong>aportes<\/strong> al <strong>BPS<\/strong>.<\/p>\n<p>Sin embargo ahora parece que s\u00ed tiene dinero y contrat\u00f3 a uno de los abogados m\u00e1s costosos del pa\u00eds.<\/p>\n<p>\u00bfDe d\u00f3nde saca el <strong>dinero<\/strong>?, \u00bfqui\u00e9n le est\u00e1 pagando los honorarios a Fern\u00e1ndez?.\u00a0<\/p>\n<p>Al parecer cobrando un <strong>sueldo<\/strong> de senador no le pod\u00eda pagar la contribuci\u00f3n inmobiliaria a la intendencia de Canelones, ni pod\u00eda pagar los aportes obreros al <strong>BPS<\/strong>, pero si puede pagar altos honorarios a un profesional.\u00a0<\/p>\n<h2>Gilberto Rodr\u00edguez ayudante de Fern\u00e1ndez<\/h2>\n<p>El <strong>fiscal<\/strong> Gilberto Rodr\u00edguez, que est\u00e1 investigando la corrupci\u00f3n del Sunca y del PCU fue durante varios a\u00f1os <strong>ayudante<\/strong> en la c\u00e1tedra de Derecho Penal de la Facultad de Derecho de la Universidad de la Rep\u00fablica del propio Gonzalo Fern\u00e1ndez.<\/p>\n<p>De alguna forma Rodr\u00edguez fue subordinado de Fern\u00e1ndez, ya que este \u00faltimo era el profesor <strong>titular<\/strong> y Rodr\u00edguez el ayudante.\u00a0<\/p>\n<h2>Mas dudas<\/h2>\n<p>S\u00ed \u00d3scar Andrade y Daniel Diverio son completamente inocentes como afirman, \u00bfpor qu\u00e9 <strong>contrataron<\/strong> a un abogado grado 5 en Derecho Penal para que los asista?.<\/p>\n<p>Bastar\u00eda con declarar en fiscal\u00eda con un abogado no tan conocido y que cobre honorarios m\u00e1s modestos.\u00a0<\/p>\n<figure><img decoding=\"async\" src=\"https:\/\/derechadiario.com.ar\/filesedc\/uploads\/image\/post\/2025\/06\/images-1750454390743_1200_800.webp\" class=\"img-responsive lazyload\" alt=\"Hombre de cabello canoso y barba mirando hacia arriba con expresi\u00f3n seria y fondo azul desenfocado\" title=\"Hombre de cabello canoso y barba mirando hacia arriba con expresi\u00f3n seria y fondo azul desenfocado\"><\/figure>\n<p>Si tuvo que llamar a un penalista grado 5 seguramente tiene algo que <strong>esconder<\/strong>, algo turbio y oscuro que no quiere que la fiscal\u00eda sepa.\u00a0<\/p>\n<p>Las explicaciones de Andrade y Diverio no cierran por ning\u00fan lado.<\/p>\n<p>La <strong>corrupci\u00f3n<\/strong> en el PCU y en el Sunca debe investigarse a fondo y deben condenarse a todos los responsables, aunque sean legisladores.<\/p>\n","protected":false},"excerpt":{"rendered":"<p>El fiscal penal Gilberto Rodr\u00edguez est\u00e1 investigando la mega estafa en el Sunca por 1.200 millones de d\u00f3lares perpetrada por sindicalistas del Partido Comunista (PCU). Algunos de los condenados penalmente se\u00f1alaron que el dinero robado del sindicato de la construcci\u00f3n se destin\u00f3 al PCU lista 1001. B\u00e1sicamente a financiar sus campa\u00f1as electorales de 2024 y [&hellip;]<\/p>\n","protected":false},"author":2,"featured_media":8457,"comment_status":"open","ping_status":"open","sticky":false,"template":"","format":"standard","meta":{"_et_pb_use_builder":"","_et_pb_old_content":"","_et_gb_content_width":"","footnotes":""},"categories":[84],"tags":[],"class_list":["post-8456","post","type-post","status-publish","format-standard","has-post-thumbnail","hentry","category-ultimomomento"],"_links":{"self":[{"href":"https:\/\/verdadincomodadiario.ar\/index.php?rest_route=\/wp\/v2\/posts\/8456","targetHints":{"allow":["GET"]}}],"collection":[{"href":"https:\/\/verdadincomodadiario.ar\/index.php?rest_route=\/wp\/v2\/posts"}],"about":[{"href":"https:\/\/verdadincomodadiario.ar\/index.php?rest_route=\/wp\/v2\/types\/post"}],"author":[{"embeddable":true,"href":"https:\/\/verdadincomodadiario.ar\/index.php?rest_route=\/wp\/v2\/users\/2"}],"replies":[{"embeddable":true,"href":"https:\/\/verdadincomodadiario.ar\/index.php?rest_route=%2Fwp%2Fv2%2Fcomments&post=8456"}],"version-history":[{"count":0,"href":"https:\/\/verdadincomodadiario.ar\/index.php?rest_route=\/wp\/v2\/posts\/8456\/revisions"}],"wp:featuredmedia":[{"embeddable":true,"href":"https:\/\/verdadincomodadiario.ar\/index.php?rest_route=\/wp\/v2\/media\/8457"}],"wp:attachment":[{"href":"https:\/\/verdadincomodadiario.ar\/index.php?rest_route=%2Fwp%2Fv2%2Fmedia&parent=8456"}],"wp:term":[{"taxonomy":"category","embeddable":true,"href":"https:\/\/verdadincomodadiario.ar\/index.php?rest_route=%2Fwp%2Fv2%2Fcategories&post=8456"},{"taxonomy":"post_tag","embeddable":true,"href":"https:\/\/verdadincomodadiario.ar\/index.php?rest_route=%2Fwp%2Fv2%2Ftags&post=8456"}],"curies":[{"name":"wp","href":"https:\/\/api.w.org\/{rel}","templated":true}]}}