{"id":8446,"date":"2025-06-20T20:30:10","date_gmt":"2025-06-20T20:30:10","guid":{"rendered":"https:\/\/verdadincomodadiario.ar\/?p=8446"},"modified":"2025-06-20T20:30:10","modified_gmt":"2025-06-20T20:30:10","slug":"cordoba-joven-motociclista-murio-tras-un-choque-en-barrio-general-paz","status":"publish","type":"post","link":"https:\/\/verdadincomodadiario.ar\/?p=8446","title":{"rendered":"C\u00f3rdoba: joven motociclista muri\u00f3 tras un choque en barrio General Paz"},"content":{"rendered":"<p>Un joven de 27 a\u00f1os falleci\u00f3 este viernes por la ma\u00f1ana tras protagonizar un <strong>choque entre una motocicleta y un autom\u00f3vil<\/strong> en barrio General Paz, ciudad de <a href=\"https:\/\/derechadiario.com.ar\/sociedad\/cordoba-ya-son-39-los-detenidos-por-estafas-apross\" title=\"C\u00f3rdoba: ya son 39 los detenidos por estafas a Apross\">C\u00f3rdoba<\/a>.<\/p>\n<p>El hecho ocurri\u00f3 cerca de las 7, en la intersecci\u00f3n de avenida 24 de Septiembre y calle Viamonte. Seg\u00fan fuentes policiales, <strong>en el accidente estuvieron involucrados un Fiat Cronos y una motocicleta<\/strong> que transportaba a dos personas.<\/p>\n<p>En el veh\u00edculo circulaban una cabo de la <a href=\"https:\/\/derechadiario.com.ar\/sociedad\/inseguridad-cordoba-policia-tackleo-motochorro-y-quedo-todo-grabado\" title=\"Inseguridad en C\u00f3rdoba: polic\u00eda tackle\u00f3 a motochorro y qued\u00f3 todo grabado\">Polic\u00eda de C\u00f3rdoba<\/a> y su acompa\u00f1ante. <strong>El conductor de la moto muri\u00f3 en el lugar y su acompa\u00f1ante fue trasladada en estado cr\u00edtico a un hospital.<\/strong><\/p>\n<aside class=\"whatsappChannelText\"><a href=\"https:\/\/whatsapp.com\/channel\/0029VagEjILGE56eKjedWF2U\" rel=\"nofollow\" title=\"WhatsApp Link\"><img alt=\"Logo de WhatsApp\" class=\"lazyload\" data-src=\"https:\/\/derechadiario.com.ar\/filesedc\/uploads\/other\/whatsapp_icon_mid_article.png\" width=\"32\" height=\"32\"><\/a> <a href=\"https:\/\/whatsapp.com\/channel\/0029VagEjILGE56eKjedWF2U\" rel=\"nofollow\" title=\"WhatsApp Link\"><strong>NO SE PIERDAN NINGUNA NOTICIA<\/strong>: Click aqu\u00ed para sumarte <strong>GRATIS<\/strong> al canal de noticias de <strong>La Derecha Diario en WhatsApp.<\/strong><\/a><\/aside>\n<div class=\"inter_image image_horizontal\">\n<picture><source class=\"img-responsive\" type=\"image\/webp\" data-srcset=\"https:\/\/filesedc.com\/uploads\/image\/post\/2025\/06\/captura-de-pantalla-2025-06-20-160203_300_200.webp 300w, https:\/\/filesedc.com\/uploads\/image\/post\/2025\/06\/captura-de-pantalla-2025-06-20-160203_630_420.webp 630w, https:\/\/filesedc.com\/uploads\/image\/post\/2025\/06\/captura-de-pantalla-2025-06-20-160203_760_507.webp 760w, https:\/\/filesedc.com\/uploads\/image\/post\/2025\/06\/captura-de-pantalla-2025-06-20-160203_1200_800.webp 1200w, https:\/\/filesedc.com\/uploads\/image\/post\/2025\/06\/captura-de-pantalla-2025-06-20-160203_1600_1067.webp 1600w, \"><img decoding=\"async\" src=\"https:\/\/derechadiario.com.ar\/filesedc\/uploads\/image\/post\/2025\/06\/captura-de-pantalla-2025-06-20-160203_1200_800.webp\" class=\"img-responsive lazyload\" alt=\"Un polic\u00eda de C\u00f3rdoba de espaldas junto a un patrullero estacionado\" title=\"Un polic\u00eda de C\u00f3rdoba de espaldas junto a un patrullero estacionado\"><\/picture>\n<div>\n<span class=\"img_footer\">En el veh\u00edculo circulaban una cabo de la Polic\u00eda de C\u00f3rdoba y su acompa\u00f1ante. <\/span>| <span class=\"img_author\">La Derecha Diario<\/span>\n<\/div>\n<\/div>\n<h2>Investigaci\u00f3n y primeras hip\u00f3tesis<\/h2>\n<p><strong>Una unidad de emergencias constat\u00f3 el deceso del motociclista en la escena<\/strong>. La joven que lo acompa\u00f1aba fue derivada con pron\u00f3stico reservado.\u00a0Mientras tanto, los dos ocupantes del auto fueron atendidos en la Cl\u00ednica V\u00e9lez S\u00e1rsfield por heridas leves.<\/p>\n<aside class=\"are-you-interested-container-photo\"><\/aside>\n<p>Testigos presenciales indicaron que <strong>el conductor de la moto habr\u00eda cruzado con el sem\u00e1foro en rojo y que habr\u00eda consumido alcohol antes del impacto.<\/strong> Sin embargo, estas versiones a\u00fan no fueron confirmadas oficialmente y forman parte de la investigaci\u00f3n en curso.<\/p>\n","protected":false},"excerpt":{"rendered":"<p>Un joven de 27 a\u00f1os falleci\u00f3 este viernes por la ma\u00f1ana tras protagonizar un choque entre una motocicleta y un autom\u00f3vil en barrio General Paz, ciudad de C\u00f3rdoba. El hecho ocurri\u00f3 cerca de las 7, en la intersecci\u00f3n de avenida 24 de Septiembre y calle Viamonte. Seg\u00fan fuentes policiales, en el accidente estuvieron involucrados un [&hellip;]<\/p>\n","protected":false},"author":2,"featured_media":8447,"comment_status":"open","ping_status":"open","sticky":false,"template":"","format":"standard","meta":{"_et_pb_use_builder":"","_et_pb_old_content":"","_et_gb_content_width":"","footnotes":""},"categories":[84],"tags":[],"class_list":["post-8446","post","type-post","status-publish","format-standard","has-post-thumbnail","hentry","category-ultimomomento"],"_links":{"self":[{"href":"https:\/\/verdadincomodadiario.ar\/index.php?rest_route=\/wp\/v2\/posts\/8446","targetHints":{"allow":["GET"]}}],"collection":[{"href":"https:\/\/verdadincomodadiario.ar\/index.php?rest_route=\/wp\/v2\/posts"}],"about":[{"href":"https:\/\/verdadincomodadiario.ar\/index.php?rest_route=\/wp\/v2\/types\/post"}],"author":[{"embeddable":true,"href":"https:\/\/verdadincomodadiario.ar\/index.php?rest_route=\/wp\/v2\/users\/2"}],"replies":[{"embeddable":true,"href":"https:\/\/verdadincomodadiario.ar\/index.php?rest_route=%2Fwp%2Fv2%2Fcomments&post=8446"}],"version-history":[{"count":0,"href":"https:\/\/verdadincomodadiario.ar\/index.php?rest_route=\/wp\/v2\/posts\/8446\/revisions"}],"wp:featuredmedia":[{"embeddable":true,"href":"https:\/\/verdadincomodadiario.ar\/index.php?rest_route=\/wp\/v2\/media\/8447"}],"wp:attachment":[{"href":"https:\/\/verdadincomodadiario.ar\/index.php?rest_route=%2Fwp%2Fv2%2Fmedia&parent=8446"}],"wp:term":[{"taxonomy":"category","embeddable":true,"href":"https:\/\/verdadincomodadiario.ar\/index.php?rest_route=%2Fwp%2Fv2%2Fcategories&post=8446"},{"taxonomy":"post_tag","embeddable":true,"href":"https:\/\/verdadincomodadiario.ar\/index.php?rest_route=%2Fwp%2Fv2%2Ftags&post=8446"}],"curies":[{"name":"wp","href":"https:\/\/api.w.org\/{rel}","templated":true}]}}