{"id":8432,"date":"2025-06-20T19:29:41","date_gmt":"2025-06-20T19:29:41","guid":{"rendered":"https:\/\/verdadincomodadiario.ar\/?p=8432"},"modified":"2025-06-20T19:29:41","modified_gmt":"2025-06-20T19:29:41","slug":"mafia-judicial-audio-involucra-al-fiscal-general-pero-mariaca-descarto-su-renuncia","status":"publish","type":"post","link":"https:\/\/verdadincomodadiario.ar\/?p=8432","title":{"rendered":"Mafia judicial: Audio involucra al Fiscal General, pero Mariaca descart\u00f3 su renuncia"},"content":{"rendered":"<p>El fiscal general del Estado, Roger Mariaca, fue mencionado en el <a href=\"https:\/\/derechadiario.com.ar\/bolivia\/politica\/caso-consorcio-audio-evidencio-red-corrupcion-que-manipula-justicia\" title=\"Caso consorcio: Un audio evidenci\u00f3 a la red de corrupci\u00f3n que manipula la Justicia\">audio que evidenci\u00f3 la corrupci\u00f3n institucionalizada en el poder judicial<\/a>. La grabaci\u00f3n revela una\u00a0<strong>coordinaci\u00f3n entre autoridades para suspender a una magistrada del TSJ<\/strong>. Pese a ello, Mariaca neg\u00f3 cualquier relaci\u00f3n con el caso y descart\u00f3 su renuncia.<\/p>\n<p>La autoridad masista, reafirm\u00f3 su inocencia durante una conferencia en Santa Cruz. Seg\u00fan \u00e9l, pese al audio,\u00a0no existe v\u00ednculo alguno con la red investigada.<\/p>\n<p>El caso, denominado \u00a0<strong>Consorcio, expuso el modus operandi\u00a0de manipulaci\u00f3n judicial<\/strong>. El objetivo habr\u00eda sido inhabilitar a Fanny Coaquira, magistrada del Tribunal Supremo de Justicia. Su lugar ser\u00eda ocupado por su suplente Iv\u00e1n Campero.<\/p>\n<p>En el audio, se escucha al exministro C\u00e9sar Siles hablar con el juez Fernando Lea Plaza. La conversaci\u00f3n apunta a una acci\u00f3n coordinada desde altas esferas.<\/p>\n<p>Mariaca insisti\u00f3 en que su nombre fue usado sin fundamento alguno. Asegur\u00f3 que los fiscales que investigan tienen su plena confianza. <strong>\u201cNo tengo por qu\u00e9 renunciar\u201d<\/strong>, declar\u00f3 molesto ante la consulta de la prensa.<\/p>\n<h2>La autoridad se muestra preocupada<\/h2>\n<div class=\"inter_image image_horizontal\">\n<picture><source class=\"img-responsive\" type=\"image\/webp\" data-srcset=\"https:\/\/filesedc.com\/uploads\/image\/post\/2025\/06\/d35f1aea-a9dc-4bf4-8da1-dc2fe76341ae_300_200.webp 300w, https:\/\/filesedc.com\/uploads\/image\/post\/2025\/06\/d35f1aea-a9dc-4bf4-8da1-dc2fe76341ae_630_420.webp 630w, https:\/\/filesedc.com\/uploads\/image\/post\/2025\/06\/d35f1aea-a9dc-4bf4-8da1-dc2fe76341ae_760_507.webp 760w, https:\/\/filesedc.com\/uploads\/image\/post\/2025\/06\/d35f1aea-a9dc-4bf4-8da1-dc2fe76341ae_1200_800.webp 1200w, https:\/\/filesedc.com\/uploads\/image\/post\/2025\/06\/d35f1aea-a9dc-4bf4-8da1-dc2fe76341ae_1600_1067.webp 1600w, \"><img decoding=\"async\" src=\"https:\/\/derechadiario.com.ar\/filesedc\/uploads\/image\/post\/2025\/06\/d35f1aea-a9dc-4bf4-8da1-dc2fe76341ae_1200_800.webp\" class=\"img-responsive lazyload\" alt=\"Hombre con gafas y saco oscuro hablando en una conferencia de prensa con micr\u00f3fonos y banderas oficiales al fondo\" title=\"Hombre con gafas y saco oscuro hablando en una conferencia de prensa con micr\u00f3fonos y banderas oficiales al fondo\"><\/picture>\n<div>\n<span class=\"img_footer\">Descart\u00f3 su renuncia <\/span>| <span class=\"img_author\">La Derecha Diario<\/span>\n<\/div>\n<\/div>\n<p>Acus\u00f3 a los medios de comunicaci\u00f3n de tergiversar su rol. Pidi\u00f3 que se deje actuar a la justicia sin presiones externas.<\/p>\n<p>El juez Lea Plaza fue enviado a prisi\u00f3n preventiva por seis meses. La exvocal Claudia Castro tambi\u00e9n fue recluida en el COF de Obrajes. Ambos son se\u00f1alados como operadores clave de la red.<\/p>\n<p>Adem\u00e1s, la Fiscal\u00eda emiti\u00f3 orden de aprehensi\u00f3n contra Siles. El caso fue declarado en reserva por diez d\u00edas.<\/p>\n<p>En sus declaraciones, Lea Plaza afirm\u00f3 <strong>haber sido presionado para actuar contra Coaquira<\/strong>. Mencion\u00f3 <strong>reuniones con autoridades judiciales y del Ejecutivo<\/strong>. Dijo que ya estaba decidido que Campero asumir\u00eda el cargo.<\/p>\n<p>Entre los nombres que dio est\u00e1n Siles, Castro y Campero. Estas versiones alimentan las sospechas sobre una estructura m\u00e1s grande.<\/p>\n<h2>Mariaca es mencionado en el audio<\/h2>\n<figure><img decoding=\"async\" src=\"https:\/\/derechadiario.com.ar\/filesedc\/uploads\/image\/post\/2025\/06\/images-1-1750440284324_1200_800.webp\" class=\"img-responsive lazyload\" alt=\"Mujer de cabello canoso y gafas hablando en un podio con micr\u00f3fono y banderas de fondo\" title=\"Mujer de cabello canoso y gafas hablando en un podio con micr\u00f3fono y banderas de fondo\"><\/figure>\n<p>Mariaca no figura como parte de las \u00f3rdenes de aprehensi\u00f3n hasta la fecha. Aun as\u00ed, <strong>su nombre aparece mencionado en el audio filtrado<\/strong>. Ante esta situaci\u00f3n, la senadora Silvia Salame pidi\u00f3 que solicite licencia.<\/p>\n<p>Lo mismo exigi\u00f3 para Baptista y Torrez, tambi\u00e9n citados. Seg\u00fan Salame, <strong>debe evitarse cualquier conflicto de inter\u00e9s<\/strong>.<\/p>\n<p>La legisladora se\u00f1al\u00f3 que el presidente del Consejo de la Magistratura tambi\u00e9n debe apartarse. Justific\u00f3 su pedido en la gravedad de los hechos revelados.<\/p>\n<p>Salame Manifest\u00f3 que no importa si los audios son ciertos o no. Mientras se investiga, <strong>deben dar un paso al costado<\/strong>. La prioridad, afirm\u00f3, es recuperar la credibilidad institucional.<\/p>\n<p>Por su parte, Mariaca defendi\u00f3 su permanencia en el cargo. Dijo que no est\u00e1 obligado a renunciar sin pruebas.<\/p>\n<p>En su criterio, ser\u00eda una concesi\u00f3n innecesaria. Afirm\u00f3 que salir ser\u00eda perjudicar la investigaci\u00f3n. Reiter\u00f3 que no tiene nada que ocultar.<\/p>\n<h2>Mafia institucionalizada<\/h2>\n<figure><img decoding=\"async\" src=\"https:\/\/derechadiario.com.ar\/filesedc\/uploads\/image\/post\/2025\/06\/3-101-12247577-20250618124627_1200_800.webp\" class=\"img-responsive lazyload\" alt=\"Hombre de cabello corto y barba canosa usando camisa blanca mientras habla y gesticula en un ambiente interior con plantas al fondo\" title=\"Hombre de cabello corto y barba canosa usando camisa blanca mientras habla y gesticula en un ambiente interior con plantas al fondo\"><\/figure>\n<p>Zvonko Matkovi\u0107, asamble\u00edsta de Creemos, advirti\u00f3 sobre un plan mayor. Seg\u00fan \u00e9l, <strong>se quiere asegurar impunidad futura para algunos actores<\/strong>. Acus\u00f3 a Siles de no actuar solo en este caso.<\/p>\n<p>Asegur\u00f3 que la red beneficiaba a otros m\u00e1s poderosos. Dijo que los jueces elegidos garantizar\u00edan protecci\u00f3n.<\/p>\n<p>Para Matkovi\u0107, el esc\u00e1ndalo expone un intento de capturar la justicia. La idea ser\u00eda <strong>colocar operadores en lugares estrat\u00e9gicos<\/strong>. Desde all\u00ed podr\u00edan blindar actos de corrupci\u00f3n.<\/p>\n<p>Afirm\u00f3 que <strong>el audio menciona a Mariaca con claridad<\/strong>. Exigi\u00f3 una investigaci\u00f3n sin privilegios.<\/p>\n<p>El fiscal general respondi\u00f3 se\u00f1alando que <strong>el audio no prueba su culpa<\/strong>. Dijo que las menciones no implican participaci\u00f3n. Pidi\u00f3 prudencia y respeto al debido proceso.<\/p>\n<p>Insisti\u00f3 en que est\u00e1 colaborando con la investigaci\u00f3n. Ratific\u00f3 su confianza en el equipo fiscal.<\/p>\n<h2>La investigaci\u00f3n contin\u00faa<\/h2>\n<figure><img decoding=\"async\" src=\"https:\/\/derechadiario.com.ar\/filesedc\/uploads\/image\/post\/2025\/06\/2024102223040227320_1200_800.webp\" class=\"img-responsive lazyload\" alt=\"Dos hombres de traje posan juntos sosteniendo un documento en un evento formal con banderas de fondo\" title=\"Dos hombres de traje posan juntos sosteniendo un documento en un evento formal con banderas de fondo\"><\/figure>\n<p>El Ministerio P\u00fablico confirm\u00f3 que hay otros implicados bajo indagaci\u00f3n. Entre ellos se encuentran C\u00f3rdova y Uriarte.<\/p>\n<p>Tambi\u00e9n se confirm\u00f3 la renuncia de Siles como ministro. La salida de Castro y C\u00f3rdova fue aceptada. <strong>La red tendr\u00eda m\u00faltiples ramificaciones<\/strong>.<\/p>\n<p>La denuncia inicial fue presentada por la Unidad de Transparencia del TSJ. La misma surgi\u00f3 tras conocerse el pol\u00e9mico audio.<\/p>\n<p>La fiscal\u00eda asegura que la investigaci\u00f3n se ha ampliado. No se limitar\u00e1 a grabaciones, sino que incluye testimonios. Se espera m\u00e1s informaci\u00f3n tras el periodo de reserva.<\/p>\n<p>Mariaca <strong>se mostr\u00f3 nervioso ante\u00a0los medios, pero reiter\u00f3 que no dejar\u00e1 su puesto sin motivo legal<\/strong>. Pidi\u00f3 a la poblaci\u00f3n no caer en especulaciones.<\/p>\n<p>Finalmente, la autoridad agradeci\u00f3 el respaldo de algunos sectores judiciales. Prometi\u00f3 que la verdad se impondr\u00e1 al esc\u00e1ndalo.<\/p>\n","protected":false},"excerpt":{"rendered":"<p>El fiscal general del Estado, Roger Mariaca, fue mencionado en el audio que evidenci\u00f3 la corrupci\u00f3n institucionalizada en el poder judicial. La grabaci\u00f3n revela una\u00a0coordinaci\u00f3n entre autoridades para suspender a una magistrada del TSJ. Pese a ello, Mariaca neg\u00f3 cualquier relaci\u00f3n con el caso y descart\u00f3 su renuncia. La autoridad masista, reafirm\u00f3 su inocencia durante [&hellip;]<\/p>\n","protected":false},"author":2,"featured_media":8433,"comment_status":"open","ping_status":"open","sticky":false,"template":"","format":"standard","meta":{"_et_pb_use_builder":"","_et_pb_old_content":"","_et_gb_content_width":"","footnotes":""},"categories":[84],"tags":[],"class_list":["post-8432","post","type-post","status-publish","format-standard","has-post-thumbnail","hentry","category-ultimomomento"],"_links":{"self":[{"href":"https:\/\/verdadincomodadiario.ar\/index.php?rest_route=\/wp\/v2\/posts\/8432","targetHints":{"allow":["GET"]}}],"collection":[{"href":"https:\/\/verdadincomodadiario.ar\/index.php?rest_route=\/wp\/v2\/posts"}],"about":[{"href":"https:\/\/verdadincomodadiario.ar\/index.php?rest_route=\/wp\/v2\/types\/post"}],"author":[{"embeddable":true,"href":"https:\/\/verdadincomodadiario.ar\/index.php?rest_route=\/wp\/v2\/users\/2"}],"replies":[{"embeddable":true,"href":"https:\/\/verdadincomodadiario.ar\/index.php?rest_route=%2Fwp%2Fv2%2Fcomments&post=8432"}],"version-history":[{"count":0,"href":"https:\/\/verdadincomodadiario.ar\/index.php?rest_route=\/wp\/v2\/posts\/8432\/revisions"}],"wp:featuredmedia":[{"embeddable":true,"href":"https:\/\/verdadincomodadiario.ar\/index.php?rest_route=\/wp\/v2\/media\/8433"}],"wp:attachment":[{"href":"https:\/\/verdadincomodadiario.ar\/index.php?rest_route=%2Fwp%2Fv2%2Fmedia&parent=8432"}],"wp:term":[{"taxonomy":"category","embeddable":true,"href":"https:\/\/verdadincomodadiario.ar\/index.php?rest_route=%2Fwp%2Fv2%2Fcategories&post=8432"},{"taxonomy":"post_tag","embeddable":true,"href":"https:\/\/verdadincomodadiario.ar\/index.php?rest_route=%2Fwp%2Fv2%2Ftags&post=8432"}],"curies":[{"name":"wp","href":"https:\/\/api.w.org\/{rel}","templated":true}]}}