{"id":8430,"date":"2025-06-20T19:29:42","date_gmt":"2025-06-20T19:29:42","guid":{"rendered":"https:\/\/verdadincomodadiario.ar\/?p=8430"},"modified":"2025-06-20T19:29:42","modified_gmt":"2025-06-20T19:29:42","slug":"cordoba-el-municipio-busca-aprobar-en-julio-el-nuevo-marco-para-el-transporte-urbano","status":"publish","type":"post","link":"https:\/\/verdadincomodadiario.ar\/?p=8430","title":{"rendered":"C\u00f3rdoba: el municipio busca aprobar en julio el nuevo marco para el transporte urbano"},"content":{"rendered":"<p>El oficialismo municipal espera que el Concejo Deliberante de la ciudad de\u00a0<a href=\"https:\/\/derechadiario.com.ar\/negocios-finanzas\/cordoba-pyme-industrial-gano-por-primera-vez-premio-nacional-calidad\" title=\"C\u00f3rdoba: una pyme industrial gan\u00f3 por primera vez el Premio Nacional a la Calidad\">C\u00f3rdoba<\/a> apruebe en julio el <strong>nuevo marco regulatorio para el transporte urbano<\/strong>. El proyecto ya fue enviado al cuerpo legislativo y su an\u00e1lisis avanza en las comisiones respectivas. De cumplirse los tiempos, la ordenanza ser\u00eda sancionada despu\u00e9s del receso invernal.<\/p>\n<p>El nuevo r\u00e9gimen ser\u00e1 la base legal para definir la licitaci\u00f3n que se prev\u00e9 lanzar entre agosto y septiembre. <strong>El objetivo es adjudicar las nuevas concesiones en octubre y comenzar a operar en marzo de 2026<\/strong>. La ordenanza establece contratos de diez a\u00f1os por licitaci\u00f3n p\u00fablica nacional e internacional.<\/p>\n<p>Desde el Ejecutivo aseguran que el marco normativo incluye mejoras t\u00e9cnicas y organizativas. <strong>Se redefinen recorridos, condiciones de las unidades y derechos del usuario. Tambi\u00e9n se incorpora una f\u00f3rmula tarifaria, exigencias contractuales y nuevos mecanismos de fiscalizaci\u00f3n.<\/strong><\/p>\n<div class=\"inter_image image_horizontal\">\n<picture><source class=\"img-responsive\" type=\"image\/webp\" data-srcset=\"https:\/\/filesedc.com\/uploads\/image\/post\/2025\/06\/captura-de-pantalla-2025-06-20-143306_300_200.webp 300w, https:\/\/filesedc.com\/uploads\/image\/post\/2025\/06\/captura-de-pantalla-2025-06-20-143306_630_420.webp 630w, https:\/\/filesedc.com\/uploads\/image\/post\/2025\/06\/captura-de-pantalla-2025-06-20-143306_760_507.webp 760w, https:\/\/filesedc.com\/uploads\/image\/post\/2025\/06\/captura-de-pantalla-2025-06-20-143306_1200_800.webp 1200w, https:\/\/filesedc.com\/uploads\/image\/post\/2025\/06\/captura-de-pantalla-2025-06-20-143306_1600_1067.webp 1600w, \"><img decoding=\"async\" src=\"https:\/\/derechadiario.com.ar\/filesedc\/uploads\/image\/post\/2025\/06\/captura-de-pantalla-2025-06-20-143306_1200_800.webp\" class=\"img-responsive lazyload\" alt=\"Fachada moderna del edificio del Concejo Deliberante de C\u00f3rdoba con grandes ventanales y estructura met\u00e1lica\" title=\"Fachada moderna del edificio del Concejo Deliberante de C\u00f3rdoba con grandes ventanales y estructura met\u00e1lica\"><\/picture>\n<div>\n<span class=\"img_footer\"> Concejo Deliberante de C\u00f3rdoba <\/span>| <span class=\"img_author\">La Derecha Diario<\/span>\n<\/div>\n<\/div>\n<h2>FAM, en observaci\u00f3n por su bajo rendimiento operativo<\/h2>\n<p><strong>La empresa FAM atraviesa una situaci\u00f3n delicada<\/strong>, con demoras en la incorporaci\u00f3n de unidades. Hasta ahora sum\u00f3 111 colectivos usados, por debajo del m\u00ednimo proyectado. <strong>Desde el municipio se\u00f1alan que deber\u00edan haber agregado al menos 150 unidades para cumplir lo pactado<\/strong>.<\/p>\n<aside class=\"are-you-interested-container-photo\"><\/aside>\n<p><strong>El plan operativo presentado por la empresa no se cumple de forma satisfactoria<\/strong>. Aunque mejor\u00f3 algunos indicadores, sigue sin alcanzar el nivel exigido. \u201cNo se trata de coches nuevos, sino de usados similares a los que ya circulaban\u201d, explicaron desde la Municipalidad.<\/p>\n<p>En este contexto, <strong>es cuestionable que una empresa con bajo rendimiento mantenga privilegios contractuales<\/strong>. La l\u00f3gica de la eficiencia deber\u00eda primar por sobre los acuerdos pol\u00edticos con <a href=\"https:\/\/derechadiario.com.ar\/politica\/passerini-lanza-otra-reforma-inutil-mientras-cordoba-sigue-sucia-rota-y-sin-control\" title=\"Passerini lanza otra reforma in\u00fatil mientras C\u00f3rdoba sigue sucia, rota y sin control\">Daniel Passerini<\/a>. Si una prestataria (como FAM)\u00a0no cumple con lo que se demanda, se debe dar lugar a oferentes con mayores capacidades.<\/p>\n<aside class=\"whatsappChannelText\"><a href=\"https:\/\/whatsapp.com\/channel\/0029VagEjILGE56eKjedWF2U\" rel=\"nofollow\" title=\"WhatsApp Link\"><img alt=\"Logo de WhatsApp\" class=\"lazyload\" data-src=\"https:\/\/derechadiario.com.ar\/filesedc\/uploads\/other\/whatsapp_icon_mid_article.png\" width=\"32\" height=\"32\"><\/a> <a href=\"https:\/\/whatsapp.com\/channel\/0029VagEjILGE56eKjedWF2U\" rel=\"nofollow\" title=\"WhatsApp Link\"><strong>NO SE PIERDAN NINGUNA NOTICIA<\/strong>: Click aqu\u00ed para sumarte <strong>GRATIS<\/strong> al canal de noticias de <strong>La Derecha Diario en WhatsApp.<\/strong><\/a><\/aside>\n<figure><img decoding=\"async\" src=\"https:\/\/derechadiario.com.ar\/filesedc\/uploads\/image\/post\/2025\/06\/captura-de-pantalla-2025-06-20-143022_1200_800.webp\" class=\"img-responsive lazyload\" alt=\"Un autob\u00fas blanco con el letrero Grupo FAM en la parte frontal est\u00e1 detenido mientras una persona con uniforme camina cerca de la puerta abierta.\" title=\"Un autob\u00fas blanco con el letrero Grupo FAM en la parte frontal est\u00e1 detenido mientras una persona con uniforme camina cerca de la puerta abierta.\"><\/figure>\n<h2>D\u00e9ficit de flota y trabas del mercado de colectivos<\/h2>\n<p><strong>Otra dificultad es la disponibilidad de unidades para renovar la flota del sistema.<\/strong> Aunque hay fondos disponibles y acuerdos firmados, conseguir colectivos resulta complejo. \u201cNo es un tema de plata,\u00a0es un cuello de botella del mercado\u201d, declar\u00f3 un funcionario que participa de las negociaciones.<\/p>\n<p><strong>La mayor\u00eda de los veh\u00edculos disponibles son usados y con limitaciones legales.<\/strong> Mientras tanto, empresas como Sibus a\u00fan no pueden prestar los servicios asignados. Esto obstaculiza cualquier intento de reconfiguraci\u00f3n eficiente del esquema actual.<\/p>\n<p>No obstante, <strong>depender del Estado municipal como proveedor de soluciones sin exigir resultados concretos genera estancamiento<\/strong>. La falta de veh\u00edculos no puede justificar la inacci\u00f3n. El sistema requiere dinamismo, apertura y reglas exigentes para todos, en vez de laxitud para beneficiar a empresas amigas.<\/p>\n","protected":false},"excerpt":{"rendered":"<p>El oficialismo municipal espera que el Concejo Deliberante de la ciudad de\u00a0C\u00f3rdoba apruebe en julio el nuevo marco regulatorio para el transporte urbano. El proyecto ya fue enviado al cuerpo legislativo y su an\u00e1lisis avanza en las comisiones respectivas. De cumplirse los tiempos, la ordenanza ser\u00eda sancionada despu\u00e9s del receso invernal. El nuevo r\u00e9gimen ser\u00e1 [&hellip;]<\/p>\n","protected":false},"author":2,"featured_media":8431,"comment_status":"open","ping_status":"open","sticky":false,"template":"","format":"standard","meta":{"_et_pb_use_builder":"","_et_pb_old_content":"","_et_gb_content_width":"","footnotes":""},"categories":[84],"tags":[],"class_list":["post-8430","post","type-post","status-publish","format-standard","has-post-thumbnail","hentry","category-ultimomomento"],"_links":{"self":[{"href":"https:\/\/verdadincomodadiario.ar\/index.php?rest_route=\/wp\/v2\/posts\/8430","targetHints":{"allow":["GET"]}}],"collection":[{"href":"https:\/\/verdadincomodadiario.ar\/index.php?rest_route=\/wp\/v2\/posts"}],"about":[{"href":"https:\/\/verdadincomodadiario.ar\/index.php?rest_route=\/wp\/v2\/types\/post"}],"author":[{"embeddable":true,"href":"https:\/\/verdadincomodadiario.ar\/index.php?rest_route=\/wp\/v2\/users\/2"}],"replies":[{"embeddable":true,"href":"https:\/\/verdadincomodadiario.ar\/index.php?rest_route=%2Fwp%2Fv2%2Fcomments&post=8430"}],"version-history":[{"count":0,"href":"https:\/\/verdadincomodadiario.ar\/index.php?rest_route=\/wp\/v2\/posts\/8430\/revisions"}],"wp:featuredmedia":[{"embeddable":true,"href":"https:\/\/verdadincomodadiario.ar\/index.php?rest_route=\/wp\/v2\/media\/8431"}],"wp:attachment":[{"href":"https:\/\/verdadincomodadiario.ar\/index.php?rest_route=%2Fwp%2Fv2%2Fmedia&parent=8430"}],"wp:term":[{"taxonomy":"category","embeddable":true,"href":"https:\/\/verdadincomodadiario.ar\/index.php?rest_route=%2Fwp%2Fv2%2Fcategories&post=8430"},{"taxonomy":"post_tag","embeddable":true,"href":"https:\/\/verdadincomodadiario.ar\/index.php?rest_route=%2Fwp%2Fv2%2Ftags&post=8430"}],"curies":[{"name":"wp","href":"https:\/\/api.w.org\/{rel}","templated":true}]}}