{"id":8420,"date":"2025-06-20T17:33:57","date_gmt":"2025-06-20T17:33:57","guid":{"rendered":"https:\/\/verdadincomodadiario.ar\/?p=8420"},"modified":"2025-06-20T17:33:57","modified_gmt":"2025-06-20T17:33:57","slug":"ecuador-impulsa-la-produccion-y-el-turismo-como-motores-del-desarrollo-nacional","status":"publish","type":"post","link":"https:\/\/verdadincomodadiario.ar\/?p=8420","title":{"rendered":"Ecuador impulsa la producci\u00f3n y el turismo como motores del desarrollo nacional"},"content":{"rendered":"<p>En el marco de su estrategia de desarrollo integral, el Gobierno Nacional reafirma su compromiso con el fortalecimiento de la producci\u00f3n y el turismo como pilares fundamentales del crecimiento econ\u00f3mico. Bajo la consigna de<a href=\"https:\/\/derechadiario.com.ar\/ecuador\/politica\/presidente-daniel-noboa-renovo-gobernaciones-tres-provincias-clave\" title=\"El presidente Daniel Noboa renov\u00f3 gobernaciones en tres provincias clave\"> <strong>#ElNuevoEcuador<\/strong> <\/a>y el lema <strong>#NadaNosDetiene<\/strong>, se implementan pol\u00edticas p\u00fablicas que priorizan recursos, acciones y marcos normativos para dinamizar estos sectores estrat\u00e9gicos y ampliar su impacto a nivel nacional.<\/p>\n<p>La producci\u00f3n nacional ha sido identificada como el coraz\u00f3n de la econom\u00eda ecuatoriana. Desde la agricultura, pesca y ganader\u00eda, hasta la industria manufacturera y la tecnolog\u00eda, el <strong>Ejecutivo trabaja en impulsar la capacidad productiva<\/strong> del pa\u00eds mediante incentivos tributarios, acceso a financiamiento, capacitaci\u00f3n t\u00e9cnica y mejora de infraestructura log\u00edstica. Adem\u00e1s, se fortalece el encadenamiento productivo entre regiones, con el objetivo de descentralizar el desarrollo y reducir brechas. <em>&#8220;Apoyar al productor ecuatoriano es apoyar el empleo, la innovaci\u00f3n y la soberan\u00eda econ\u00f3mica&#8221;<\/em>, destac\u00f3 un vocero del Ministerio de Producci\u00f3n. Tambi\u00e9n se est\u00e1n promoviendo ferias comerciales, ruedas de negocios y plataformas digitales que faciliten la conexi\u00f3n entre productores y mercados locales e internacionales.<\/p>\n<p>Paralelamente, se fortalece el turismo sostenible como fuente de ingresos, generador de empleo y promotor de identidad cultural. <strong>Ecuador proyecta su riqueza natural, cultural y patrimonial al mundo<\/strong>, promoviendo destinos con enfoque responsable, inclusivo y resiliente.<\/p>\n<div class=\"inter_image image_horizontal\">\n<picture><source class=\"img-responsive\" type=\"image\/webp\" data-srcset=\"https:\/\/filesedc.com\/uploads\/image\/post\/2025\/06\/foto-ecuador_300_200.webp 300w, https:\/\/filesedc.com\/uploads\/image\/post\/2025\/06\/foto-ecuador_630_420.webp 630w, https:\/\/filesedc.com\/uploads\/image\/post\/2025\/06\/foto-ecuador_760_507.webp 760w, https:\/\/filesedc.com\/uploads\/image\/post\/2025\/06\/foto-ecuador_1200_800.webp 1200w, https:\/\/filesedc.com\/uploads\/image\/post\/2025\/06\/foto-ecuador_1600_1067.webp 1600w, \"><img decoding=\"async\" src=\"https:\/\/derechadiario.com.ar\/filesedc\/uploads\/image\/post\/2025\/06\/foto-ecuador_1200_800.webp\" class=\"img-responsive lazyload\" alt=\"Tres escenas representativas de Ecuador, incluyendo una plaza colonial en Quito, jinetes saludando junto a un tren antiguo y un paisaje amaz\u00f3nico con caba\u00f1as y una canoa en el agua\" title=\"Tres escenas representativas de Ecuador, incluyendo una plaza colonial en Quito, jinetes saludando junto a un tren antiguo y un paisaje amaz\u00f3nico con caba\u00f1as y una canoa en el agua\"><\/picture>\n<div>\n<span class=\"img_footer\">Ecuador impulsa el turismo <\/span>| <span class=\"img_author\">La Derecha Diario<\/span>\n<\/div>\n<\/div>\n<p>Esta visi\u00f3n busca dinamizar las econom\u00edas locales, especialmente en zonas rurales y comunidades hist\u00f3ricamente marginadas, fomentando una redistribuci\u00f3n m\u00e1s equitativa de los beneficios del sector. El desarrollo de circuitos tur\u00edsticos comunitarios, la capacitaci\u00f3n a gu\u00edas y operadores locales, y el fortalecimiento de la seguridad en los destinos son parte de esta estrategia integral.<\/p>\n<p>A trav\u00e9s de campa\u00f1as de promoci\u00f3n internacional, alianzas con el sector privado, inversi\u00f3n en infraestructura tur\u00edstica y digitalizaci\u00f3n de la oferta, el Gobierno <strong>apunta a convertir al pa\u00eds en un referente regional en turismo regenerativo<\/strong>. <em>&#8220;El turismo no solo es belleza, es empleo, cultura viva y desarrollo sostenible&#8221;<\/em>, subray\u00f3 la ministra de Turismo. Tambi\u00e9n destac\u00f3 que la llegada de visitantes internacionales se ha incrementado en el \u00faltimo trimestre, generando impacto directo en la hoteler\u00eda, gastronom\u00eda, artesan\u00eda y transporte.<\/p>\n<p>El binomio producci\u00f3n-turismo se posiciona como el eje de una econom\u00eda moderna, resiliente y centrada en las personas. Esta sinergia entre lo productivo y lo cultural permite construir un Ecuador m\u00e1s competitivo, justo y sostenible. Ecuador avanza con paso firme, demostrando que el futuro se construye con visi\u00f3n, acci\u00f3n y compromiso. <a href=\"https:\/\/derechadiario.com.ar\/ecuador\/politica\/presidente-noboa-restringio-seguros-privados-y-autos-lujo-sector-publico\" title=\"El presidente Noboa restringi\u00f3 seguros privados y autos de lujo en el sector p\u00fablico\"><strong>#NadaNosDetiene<\/strong><\/a><\/p>\n","protected":false},"excerpt":{"rendered":"<p>En el marco de su estrategia de desarrollo integral, el Gobierno Nacional reafirma su compromiso con el fortalecimiento de la producci\u00f3n y el turismo como pilares fundamentales del crecimiento econ\u00f3mico. Bajo la consigna de #ElNuevoEcuador y el lema #NadaNosDetiene, se implementan pol\u00edticas p\u00fablicas que priorizan recursos, acciones y marcos normativos para dinamizar estos sectores estrat\u00e9gicos [&hellip;]<\/p>\n","protected":false},"author":2,"featured_media":8421,"comment_status":"open","ping_status":"open","sticky":false,"template":"","format":"standard","meta":{"_et_pb_use_builder":"","_et_pb_old_content":"","_et_gb_content_width":"","footnotes":""},"categories":[84],"tags":[],"class_list":["post-8420","post","type-post","status-publish","format-standard","has-post-thumbnail","hentry","category-ultimomomento"],"_links":{"self":[{"href":"https:\/\/verdadincomodadiario.ar\/index.php?rest_route=\/wp\/v2\/posts\/8420","targetHints":{"allow":["GET"]}}],"collection":[{"href":"https:\/\/verdadincomodadiario.ar\/index.php?rest_route=\/wp\/v2\/posts"}],"about":[{"href":"https:\/\/verdadincomodadiario.ar\/index.php?rest_route=\/wp\/v2\/types\/post"}],"author":[{"embeddable":true,"href":"https:\/\/verdadincomodadiario.ar\/index.php?rest_route=\/wp\/v2\/users\/2"}],"replies":[{"embeddable":true,"href":"https:\/\/verdadincomodadiario.ar\/index.php?rest_route=%2Fwp%2Fv2%2Fcomments&post=8420"}],"version-history":[{"count":0,"href":"https:\/\/verdadincomodadiario.ar\/index.php?rest_route=\/wp\/v2\/posts\/8420\/revisions"}],"wp:featuredmedia":[{"embeddable":true,"href":"https:\/\/verdadincomodadiario.ar\/index.php?rest_route=\/wp\/v2\/media\/8421"}],"wp:attachment":[{"href":"https:\/\/verdadincomodadiario.ar\/index.php?rest_route=%2Fwp%2Fv2%2Fmedia&parent=8420"}],"wp:term":[{"taxonomy":"category","embeddable":true,"href":"https:\/\/verdadincomodadiario.ar\/index.php?rest_route=%2Fwp%2Fv2%2Fcategories&post=8420"},{"taxonomy":"post_tag","embeddable":true,"href":"https:\/\/verdadincomodadiario.ar\/index.php?rest_route=%2Fwp%2Fv2%2Ftags&post=8420"}],"curies":[{"name":"wp","href":"https:\/\/api.w.org\/{rel}","templated":true}]}}