{"id":8418,"date":"2025-06-20T17:33:58","date_gmt":"2025-06-20T17:33:58","guid":{"rendered":"https:\/\/verdadincomodadiario.ar\/?p=8418"},"modified":"2025-06-20T17:33:58","modified_gmt":"2025-06-20T17:33:58","slug":"cordoba-una-pyme-industrial-gano-por-primera-vez-el-premio-nacional-a-la-calidad","status":"publish","type":"post","link":"https:\/\/verdadincomodadiario.ar\/?p=8418","title":{"rendered":"C\u00f3rdoba: una pyme industrial gan\u00f3 por primera vez el Premio Nacional a la Calidad"},"content":{"rendered":"<p>La empresa cordobesa <strong>Descar Argentina<\/strong> fue reconocida con el Premio Nacional a la Calidad Pyme 2024. El fundador, <strong>Lucas De Cecco<\/strong>, recibi\u00f3 la distinci\u00f3n d\u00edas atr\u00e1s en una ceremonia en Buenos Aires. La firma se convirti\u00f3 en la primera pyme del pa\u00eds en alcanzar esta distinci\u00f3n oficial.<\/p>\n<p><strong>El premio es entregado anualmente por el <a href=\"https:\/\/derechadiario.com.ar\/economia\/caputo-anticipa-que-inflacion-caera-mas-rapido-lo-previsto-por-mercado\" title=\"Caputo anticipa que la inflaci\u00f3n caer\u00e1 m\u00e1s r\u00e1pido de lo previsto por el mercado\">Ministerio de Econom\u00eda<\/a> de la Naci\u00f3n<\/strong>. La compa\u00f1\u00eda fue seleccionada tras completar un proceso de certificaci\u00f3n iniciado el a\u00f1o pasado. Los organizadores confirmaron que nunca antes una pyme hab\u00eda logrado este reconocimiento.<\/p>\n<p><strong>Descar se especializa en aplicar tecnolog\u00edas avanzadas a procesos industriales<\/strong>. Adem\u00e1s de automatizaci\u00f3n, incorpora herramientas digitales como gemelos virtuales. Tambi\u00e9n desarrolla software y capacita personal t\u00e9cnico en nuevas tecnolog\u00edas.<\/p>\n<div class=\"inter_image image_horizontal\">\n<picture><source class=\"img-responsive\" type=\"image\/webp\" data-srcset=\"https:\/\/filesedc.com\/uploads\/image\/post\/2025\/06\/captura-de-pantalla-2025-06-20-131355_300_200.webp 300w, https:\/\/filesedc.com\/uploads\/image\/post\/2025\/06\/captura-de-pantalla-2025-06-20-131355_630_420.webp 630w, https:\/\/filesedc.com\/uploads\/image\/post\/2025\/06\/captura-de-pantalla-2025-06-20-131355_760_507.webp 760w, https:\/\/filesedc.com\/uploads\/image\/post\/2025\/06\/captura-de-pantalla-2025-06-20-131355_1200_800.webp 1200w, https:\/\/filesedc.com\/uploads\/image\/post\/2025\/06\/captura-de-pantalla-2025-06-20-131355_1600_1067.webp 1600w, \"><img decoding=\"async\" src=\"https:\/\/derechadiario.com.ar\/filesedc\/uploads\/image\/post\/2025\/06\/captura-de-pantalla-2025-06-20-131355_1200_800.webp\" class=\"img-responsive lazyload\" alt=\"Tres personas posan sonrientes frente a un brazo rob\u00f3tico naranja en un entorno interior iluminado\" title=\"Tres personas posan sonrientes frente a un brazo rob\u00f3tico naranja en un entorno interior iluminado\"><\/picture>\n<div>\n<span class=\"img_footer\">Lucas De Cecco (derecha) fundador de Descar Argentina <\/span>| <span class=\"img_author\">La Derecha Diario<\/span>\n<\/div>\n<\/div>\n<h2>Innovaci\u00f3n, expansi\u00f3n y una escuela tecnol\u00f3gica<\/h2>\n<p><strong>La empresa tiene tres unidades de negocios que crecen en forma sostenida desde hace a\u00f1os<\/strong>. Una de ellas se dedica al desarrollo de software propio y para clientes industriales. Otra apunta a la capacitaci\u00f3n en tecnolog\u00edas de <a href=\"https:\/\/derechadiario.com.ar\/economia\/ypf-aumento-su-produccion-las-exportaciones-y-avanza-proyectos-clave\" title=\"YPF logr\u00f3 un aumento en su producci\u00f3n, las exportaciones y avanza en proyectos clave\">producci\u00f3n<\/a> y digitalizaci\u00f3n.<\/p>\n<aside class=\"are-you-interested-container-photo\"><\/aside>\n<p>\u201cEstamos implementando entrenamiento personalizado para las empresas\u201d, detall\u00f3 De Cecco. La capacitaci\u00f3n incluye temas como software, ingenier\u00eda y eficiencia operativa. <strong>El proyecto comenz\u00f3 durante la pandemia y se formaliz\u00f3 este a\u00f1o como \u00e1rea propia<\/strong>.<\/p>\n<p>El objetivo es cubrir la escasez de talento t\u00e9cnico en el sector productivo. <strong>\u201cHay mucha necesidad de conseguir eficiencia operativa\u201d, agreg\u00f3 el fundador.<\/strong> La propuesta incluye entrenamientos adaptados a las necesidades de cada industria.<\/p>\n<figure><img decoding=\"async\" src=\"https:\/\/derechadiario.com.ar\/filesedc\/uploads\/image\/post\/2025\/06\/captura-de-pantalla-2025-06-20-132104_1200_800.webp\" class=\"img-responsive lazyload\" alt=\"Fachada del edificio del Ministerio de Econom\u00eda de Argentina con columnas de m\u00e1rmol y puertas doradas, personas caminando y tom\u00e1ndose una selfie en la entrada.\" title=\"Fachada del edificio del Ministerio de Econom\u00eda de Argentina con columnas de m\u00e1rmol y puertas doradas, personas caminando y tom\u00e1ndose una selfie en la entrada.\"><\/figure>\n<aside class=\"whatsappChannelText\"><a href=\"https:\/\/whatsapp.com\/channel\/0029VagEjILGE56eKjedWF2U\" rel=\"nofollow\" title=\"WhatsApp Link\"><img alt=\"Logo de WhatsApp\" class=\"lazyload\" data-src=\"https:\/\/derechadiario.com.ar\/filesedc\/uploads\/other\/whatsapp_icon_mid_article.png\" width=\"32\" height=\"32\"><\/a> <a href=\"https:\/\/whatsapp.com\/channel\/0029VagEjILGE56eKjedWF2U\" rel=\"nofollow\" title=\"WhatsApp Link\"><strong>NO SE PIERDAN NINGUNA NOTICIA<\/strong>: Click aqu\u00ed para sumarte <strong>GRATIS<\/strong> al canal de noticias de <strong>La Derecha Diario en WhatsApp.<\/strong><\/a><\/aside>\n<h2>Industria 4.0 y nuevos desaf\u00edos tecnol\u00f3gicos<\/h2>\n<p><strong>Descar trabaja con empresas automotrices, aeroespaciales y agr\u00edcolas.<\/strong> Entre sus clientes se encuentran Metalfor, Agrometal y compa\u00f1\u00edas de EE.UU. Tambi\u00e9n brinda soluciones a fabricantes de insumos para petr\u00f3leo y gas.<\/p>\n<p>De Cecco explic\u00f3 que <strong>\u201ceste a\u00f1o hay mucha demanda de tecnolog\u00edas que permiten a las empresas ser m\u00e1s competitivas\u201d.<\/strong> El nuevo contexto obliga a las industrias a ganar eficiencia frente a productos importados. Adem\u00e1s, buscan ampliar <a href=\"https:\/\/derechadiario.com.ar\/economia\/gobierno-anuncio-que-argentina-gano-acceso-los-mercados-internacionales-deuda\" title=\"El Gobierno anunci\u00f3 que Argentina gan\u00f3 acceso a los mercados internacionales de deuda\">mercados en el exterior<\/a>.<\/p>\n<p><strong>Respecto a la <a href=\"https:\/\/derechadiario.com.ar\/sociedad\/inteligencia-artificial-descifran-textos-antiguos-que-podrian-reescribir-historia\" title=\"Inteligencia Artificial: descifran textos antiguos que  podr\u00edan reescribir la historia\">inteligencia artificial<\/a>, el empresario fue cauteloso.<\/strong> \u201cTodav\u00eda no se entiende bien c\u00f3mo aplicar\u201d, admiti\u00f3. \u201cEl gran salto se va a dar pronto\u201d, anticip\u00f3 sobre el potencial de esta tecnolog\u00eda en procesos industriales.<\/p>\n","protected":false},"excerpt":{"rendered":"<p>La empresa cordobesa Descar Argentina fue reconocida con el Premio Nacional a la Calidad Pyme 2024. El fundador, Lucas De Cecco, recibi\u00f3 la distinci\u00f3n d\u00edas atr\u00e1s en una ceremonia en Buenos Aires. La firma se convirti\u00f3 en la primera pyme del pa\u00eds en alcanzar esta distinci\u00f3n oficial. El premio es entregado anualmente por el Ministerio [&hellip;]<\/p>\n","protected":false},"author":2,"featured_media":8419,"comment_status":"open","ping_status":"open","sticky":false,"template":"","format":"standard","meta":{"_et_pb_use_builder":"","_et_pb_old_content":"","_et_gb_content_width":"","footnotes":""},"categories":[84],"tags":[],"class_list":["post-8418","post","type-post","status-publish","format-standard","has-post-thumbnail","hentry","category-ultimomomento"],"_links":{"self":[{"href":"https:\/\/verdadincomodadiario.ar\/index.php?rest_route=\/wp\/v2\/posts\/8418","targetHints":{"allow":["GET"]}}],"collection":[{"href":"https:\/\/verdadincomodadiario.ar\/index.php?rest_route=\/wp\/v2\/posts"}],"about":[{"href":"https:\/\/verdadincomodadiario.ar\/index.php?rest_route=\/wp\/v2\/types\/post"}],"author":[{"embeddable":true,"href":"https:\/\/verdadincomodadiario.ar\/index.php?rest_route=\/wp\/v2\/users\/2"}],"replies":[{"embeddable":true,"href":"https:\/\/verdadincomodadiario.ar\/index.php?rest_route=%2Fwp%2Fv2%2Fcomments&post=8418"}],"version-history":[{"count":0,"href":"https:\/\/verdadincomodadiario.ar\/index.php?rest_route=\/wp\/v2\/posts\/8418\/revisions"}],"wp:featuredmedia":[{"embeddable":true,"href":"https:\/\/verdadincomodadiario.ar\/index.php?rest_route=\/wp\/v2\/media\/8419"}],"wp:attachment":[{"href":"https:\/\/verdadincomodadiario.ar\/index.php?rest_route=%2Fwp%2Fv2%2Fmedia&parent=8418"}],"wp:term":[{"taxonomy":"category","embeddable":true,"href":"https:\/\/verdadincomodadiario.ar\/index.php?rest_route=%2Fwp%2Fv2%2Fcategories&post=8418"},{"taxonomy":"post_tag","embeddable":true,"href":"https:\/\/verdadincomodadiario.ar\/index.php?rest_route=%2Fwp%2Fv2%2Ftags&post=8418"}],"curies":[{"name":"wp","href":"https:\/\/api.w.org\/{rel}","templated":true}]}}