{"id":8372,"date":"2025-06-19T23:25:01","date_gmt":"2025-06-19T23:25:01","guid":{"rendered":"https:\/\/verdadincomodadiario.ar\/?p=8372"},"modified":"2025-06-19T23:25:01","modified_gmt":"2025-06-19T23:25:01","slug":"complice-luis-arce-reconocio-cinicamente-que-ha-evitado-capturar-a-evo-morales","status":"publish","type":"post","link":"https:\/\/verdadincomodadiario.ar\/?p=8372","title":{"rendered":"C\u00f3mplice: Luis Arce reconoci\u00f3 c\u00ednicamente que ha evitado capturar a Evo Morales"},"content":{"rendered":"<p>Luis Arce confes\u00f3 en una reciente entrevista que <a href=\"https:\/\/derechadiario.com.ar\/bolivia\/politica\/evo-morales-advirtio-que-solo-habilitacion-su-candidatura-frenara-los-asesinatos\" title=\"Evo Morales advirti\u00f3 que solo la habilitaci\u00f3n de su candidatura frenar\u00e1 los asesinatos\">no ejecut\u00f3 la orden de aprehensi\u00f3n contra Evo Morales<\/a>. Justific\u00f3 su inacci\u00f3n con el argumento de<a href=\"https:\/\/derechadiario.com.ar\/bolivia\/politica\/terroristas-evistas-armados-asesinaron-policias-que-intentaban-defender-llallagua\" title=\"Terroristas: Evistas armados asesinaron a polic\u00edas que intentaban defender Llallagua\"> evitar un enfrentamiento<\/a>. Afirm\u00f3 que <strong>Morales posee un \u201cequipo armado\u201d<\/strong> que lo protege en el Tr\u00f3pico de Cochabamba.<\/p>\n<p>Esta revelaci\u00f3n confirma la existencia de un poder paralelo que opera con total impunidad. El presidente se mostr\u00f3 m\u00e1s preocupado por <strong>evitar un \u201cderramamiento de sangre\u201d<\/strong> que por hacer cumplir la ley. Con ello dej\u00f3 claro que \u00a0<strong>la justicia en Bolivia depende de c\u00e1lculos pol\u00edticos<\/strong>\u00a0 y no del Estado de derecho.<\/p>\n<p>Mientras tanto, Morales sigue libre, pese a una acusaci\u00f3n por trata agravada de personas. Est\u00e1 acusado de haber tenido una relaci\u00f3n con una menor y de<a href=\"https:\/\/derechadiario.com.ar\/bolivia\/politica\/evo-morales-ha-embarazado-varias-ninas-del-castillo-aseguro-tener-pruebas\" title=\"Evo Morales 'ha embarazado a varias ni\u00f1as': Del Castillo asegur\u00f3 tener pruebas\"> haber tenido un hijo con ella cuando era jefe de Estado<\/a>. Las autoridades no han actuado, y la v\u00edctima qued\u00f3 en el olvido.<\/p>\n<p>Durante la misma entrevista, Arce insisti\u00f3 en que su gobierno preserv\u00f3 la democracia. Dijo que <strong>resisti\u00f3 \u201cmovilizaciones\u201d impulsadas por Morales<\/strong>, aunque \u00e9stas causaron muertes.<\/p>\n<h2>Impunidad para los asesinos<\/h2>\n<div class=\"inter_image image_horizontal\">\n<picture><source class=\"img-responsive\" type=\"image\/webp\" data-srcset=\"https:\/\/filesedc.com\/uploads\/image\/post\/2025\/06\/u-afines-a-evo-morales-armados-con-palos-y-escudos-f-1738009826_300_200.webp 300w, https:\/\/filesedc.com\/uploads\/image\/post\/2025\/06\/u-afines-a-evo-morales-armados-con-palos-y-escudos-f-1738009826_630_420.webp 630w, https:\/\/filesedc.com\/uploads\/image\/post\/2025\/06\/u-afines-a-evo-morales-armados-con-palos-y-escudos-f-1738009826_760_507.webp 760w, https:\/\/filesedc.com\/uploads\/image\/post\/2025\/06\/u-afines-a-evo-morales-armados-con-palos-y-escudos-f-1738009826_1200_800.webp 1200w, https:\/\/filesedc.com\/uploads\/image\/post\/2025\/06\/u-afines-a-evo-morales-armados-con-palos-y-escudos-f-1738009826_1600_1067.webp 1600w, \"><img decoding=\"async\" src=\"https:\/\/derechadiario.com.ar\/filesedc\/uploads\/image\/post\/2025\/06\/u-afines-a-evo-morales-armados-con-palos-y-escudos-f-1738009826_1200_800.webp\" class=\"img-responsive lazyload\" alt=\"Un grupo numeroso de personas se encuentra reunido al aire libre, varias de ellas portan escudos improvisados hechos de metal y palos, mientras un hombre al frente sostiene un micr\u00f3fono y parece estar hablando al p\u00fablico o a la prensa.\" title=\"Un grupo numeroso de personas se encuentra reunido al aire libre, varias de ellas portan escudos improvisados hechos de metal y palos, mientras un hombre al frente sostiene un micr\u00f3fono y parece estar hablando al p\u00fablico o a la prensa.\"><\/picture>\n<div>\n<span class=\"img_footer\">La guardia sindical de Evo Morales <\/span>| <span class=\"img_author\">La Derecha Diario<\/span>\n<\/div>\n<\/div>\n<p>El reciente <strong>bloqueo de caminos dej\u00f3 seis fallecidos<\/strong>, entre ellos cuatro polic\u00edas. Sin embargo, Arce jam\u00e1s cuestion\u00f3 a Morales por esas v\u00edctimas. Tampoco orden\u00f3 su aprehensi\u00f3n por dirigir esas acciones violentas.<\/p>\n<p>Lejos de defender la ley, Arce se victimiz\u00f3. Asegura haber sido \u201catacado\u201d por Morales desde que asumi\u00f3 el poder. Seg\u00fan \u00e9l, <a href=\"https:\/\/derechadiario.com.ar\/bolivia\/politica\/enfrentamiento-evistas-y-arcistas-se-traslado-los-techos-paz\" title=\"Enfrentamiento entre evistas y arcistas se traslad\u00f3 a los techos de La Paz\">el l\u00edder del Chapare destruy\u00f3 el \u201cinstrumento pol\u00edtico\u201d<\/a> y la \u201crevoluci\u00f3n democr\u00e1tica\u201d.<\/p>\n<p>Aun as\u00ed, en lugar de sancionarlo, lo protegi\u00f3. Ese acto solo puede interpretarse como complicidad.<\/p>\n<p>Luis Arce tambi\u00e9n se refiri\u00f3 a la candidatura de Morales, a quien responsabiliz\u00f3 de dividir al oficialismo. Aleg\u00f3 que <a href=\"https:\/\/derechadiario.com.ar\/bolivia\/politica\/elecciones-tcp-restituyo-sigla-andronico-rodriguez-y-dejo-fuera-evo-morales\" title=\"Elecciones: TCP restituy\u00f3 la sigla de Andr\u00f3nico Rodr\u00edguez y dej\u00f3 fuera a Evo Morales\">no existe proscripci\u00f3n, sino una restricci\u00f3n constitucional<\/a>. Record\u00f3 que el Tribunal Constitucional ya prohibi\u00f3 una nueva reelecci\u00f3n.<\/p>\n<p>Sin embargo, Morales insiste en postularse por encima de la ley. Y Arce, en vez de hacerla respetar, permite la confrontaci\u00f3n.<\/p>\n<h2>Una promesa lejana<\/h2>\n<figure><img decoding=\"async\" src=\"https:\/\/derechadiario.com.ar\/filesedc\/uploads\/image\/post\/2025\/06\/md-1-1750370318336_1200_800.webp\" class=\"img-responsive lazyload\" alt=\"Primer plano de un hombre con gafas y cabello canoso mirando hacia la derecha\" title=\"Primer plano de un hombre con gafas y cabello canoso mirando hacia la derecha\"><\/figure>\n<p>Arce tambi\u00e9n afirm\u00f3 que entregar\u00e1 el poder a quien gane las elecciones de agosto. Dijo que ese ser\u00e1 su legado: un \u201ctr\u00e1nsito democr\u00e1tico\u201d. Pero, la democracia de Arce\u00a0es aquella donde un delincuente pr\u00f3fugo impone condiciones desde su basti\u00f3n armado.<\/p>\n<p>Mientras, Luis Arce habla\u00a0de democracia, tambi\u00e9n\u00a0<strong>evita hacer\u00a0cumplir una orden de aprehensi\u00f3n en contra del ped\u00f3filo<\/strong>.\u00a0Su discurso se contradice con sus actos.<\/p>\n<p>Durante a\u00f1os, Morales se movi\u00f3 con libertad pese a m\u00faltiples denuncias. Fue acusado no solo de corrupci\u00f3n, sino de cr\u00edmenes m\u00e1s graves. Ninguna instituci\u00f3n lo toc\u00f3, y Arce lo dej\u00f3 intacto.<\/p>\n<p>Ahora, <strong>el actual presidente se\u00f1ala que le\u00a0teme a la\u00a0red delincuencial que protege\u00a0Morales<\/strong>. Ese temor ha paralizado al gobierno entero.<\/p>\n<p>La confesi\u00f3n de Arce es grave. Revela que el Estado no tiene control sobre todo el territorio. Deja en evidencia que hay zonas donde impera la fuerza de Morales.<\/p>\n<p>Que un presidente reconozca esto con naturalidad es escandaloso. Y confirma que la impunidad est\u00e1 institucionalizada.<\/p>\n<h2>Temor al delincuente del Chapare<\/h2>\n<figure><img decoding=\"async\" src=\"https:\/\/derechadiario.com.ar\/filesedc\/uploads\/image\/post\/2025\/06\/luis-arce-1750370470911_1200_800.webp\" class=\"img-responsive lazyload\" alt=\"Hombre de cabello oscuro y gafas sentado frente a un cuadro con un retrato difuminado al fondo\" title=\"Hombre de cabello oscuro y gafas sentado frente a un cuadro con un retrato difuminado al fondo\"><\/figure>\n<p>Los grupos armados que protegen a Morales no son una novedad. Diversos informes los han se\u00f1alado en a\u00f1os pasados. Incluso durante los conflictos recientes, se report\u00f3 la presencia de hombres armados.<\/p>\n<p>La Polic\u00eda evit\u00f3 entrar al Tr\u00f3pico por temor. Esa zona <strong>se ha convertido en un refugio fuera de la ley<\/strong>.<\/p>\n<p>El silencio oficial sobre estos hechos fue c\u00f3mplice. Ahora ya no hay silencio, sino justificaci\u00f3n abierta.<\/p>\n<p>Arce no niega la existencia del grupo armado, la confirma. Y en lugar de enfrentarlo, se rinde. De ese modo, Morales sigue operando con total libertad.<\/p>\n<p>El gobierno asegura que quiere evitar un derramamiento de sangre. Pero \u00a0<strong>la impunidad tambi\u00e9n destruye la paz y se cobra vidas de inocentes<\/strong>. Cuando no se cumple la ley, se fortalece el crimen.<\/p>\n<h2>Un delincuente dispuesto a\u00a0todo<\/h2>\n<figure><img decoding=\"async\" src=\"https:\/\/derechadiario.com.ar\/filesedc\/uploads\/image\/post\/2025\/06\/images-1750370953677_1200_800.webp\" class=\"img-responsive lazyload\" alt=\"Hombre de cabello oscuro con guirnalda de flores blancas y rojas levantando un brazo en un evento p\u00fablico\" title=\"Hombre de cabello oscuro con guirnalda de flores blancas y rojas levantando un brazo en un evento p\u00fablico\"><\/figure>\n<p>Morales ya demostr\u00f3 que <strong>est\u00e1 dispuesto a causar muertos para conseguir poder<\/strong>. Y Arce, en lugar de impedirlo, le deja el camino libre. De esta forma, el pa\u00eds es conducido por los caprichos de delincuentes sanguinarios.\u00a0<\/p>\n<p>La justicia nacional\u00a0ha sido burlada una vez m\u00e1s. El Estado no solo <strong>fall\u00f3 en proteger a las v\u00edctimas, sino que protegi\u00f3 al victimario<\/strong>.<\/p>\n<p>Morales sigue dictando \u00f3rdenes desde el Tr\u00f3pico. Y Arce, lejos de capturarlo, lo encubre. Esa es la verdadera tragedia democr\u00e1tica de Bolivia.<\/p>\n<p>El mandatario termina su gesti\u00f3n con promesas de legalidad y democracia. Pero \u00a0<strong>su mayor legado ser\u00e1 la claudicaci\u00f3n ante un delincuente\u00a0acusado de cr\u00edmenes graves<\/strong>.<\/p>\n<p>Arce eligi\u00f3 la sumisi\u00f3n en vez de la justicia. Y con ello perdi\u00f3 el derecho a llamarse presidente democr\u00e1tico. El pa\u00eds, una vez m\u00e1s, qued\u00f3 reh\u00e9n del miedo.<\/p>\n","protected":false},"excerpt":{"rendered":"<p>Luis Arce confes\u00f3 en una reciente entrevista que no ejecut\u00f3 la orden de aprehensi\u00f3n contra Evo Morales. Justific\u00f3 su inacci\u00f3n con el argumento de evitar un enfrentamiento. Afirm\u00f3 que Morales posee un \u201cequipo armado\u201d que lo protege en el Tr\u00f3pico de Cochabamba. Esta revelaci\u00f3n confirma la existencia de un poder paralelo que opera con total [&hellip;]<\/p>\n","protected":false},"author":2,"featured_media":8373,"comment_status":"open","ping_status":"open","sticky":false,"template":"","format":"standard","meta":{"_et_pb_use_builder":"","_et_pb_old_content":"","_et_gb_content_width":"","footnotes":""},"categories":[84],"tags":[],"class_list":["post-8372","post","type-post","status-publish","format-standard","has-post-thumbnail","hentry","category-ultimomomento"],"_links":{"self":[{"href":"https:\/\/verdadincomodadiario.ar\/index.php?rest_route=\/wp\/v2\/posts\/8372","targetHints":{"allow":["GET"]}}],"collection":[{"href":"https:\/\/verdadincomodadiario.ar\/index.php?rest_route=\/wp\/v2\/posts"}],"about":[{"href":"https:\/\/verdadincomodadiario.ar\/index.php?rest_route=\/wp\/v2\/types\/post"}],"author":[{"embeddable":true,"href":"https:\/\/verdadincomodadiario.ar\/index.php?rest_route=\/wp\/v2\/users\/2"}],"replies":[{"embeddable":true,"href":"https:\/\/verdadincomodadiario.ar\/index.php?rest_route=%2Fwp%2Fv2%2Fcomments&post=8372"}],"version-history":[{"count":0,"href":"https:\/\/verdadincomodadiario.ar\/index.php?rest_route=\/wp\/v2\/posts\/8372\/revisions"}],"wp:featuredmedia":[{"embeddable":true,"href":"https:\/\/verdadincomodadiario.ar\/index.php?rest_route=\/wp\/v2\/media\/8373"}],"wp:attachment":[{"href":"https:\/\/verdadincomodadiario.ar\/index.php?rest_route=%2Fwp%2Fv2%2Fmedia&parent=8372"}],"wp:term":[{"taxonomy":"category","embeddable":true,"href":"https:\/\/verdadincomodadiario.ar\/index.php?rest_route=%2Fwp%2Fv2%2Fcategories&post=8372"},{"taxonomy":"post_tag","embeddable":true,"href":"https:\/\/verdadincomodadiario.ar\/index.php?rest_route=%2Fwp%2Fv2%2Ftags&post=8372"}],"curies":[{"name":"wp","href":"https:\/\/api.w.org\/{rel}","templated":true}]}}