{"id":8348,"date":"2025-06-19T20:26:30","date_gmt":"2025-06-19T20:26:30","guid":{"rendered":"https:\/\/verdadincomodadiario.ar\/?p=8348"},"modified":"2025-06-19T20:26:30","modified_gmt":"2025-06-19T20:26:30","slug":"ley-de-integridad-publica-plantea-eliminar-empresas-estatales-con-aval-del-ejecutivo","status":"publish","type":"post","link":"https:\/\/verdadincomodadiario.ar\/?p=8348","title":{"rendered":"Ley de Integridad P\u00fablica plantea eliminar empresas estatales con aval del Ejecutivo"},"content":{"rendered":"<p><b>El presidente de la Rep\u00fablica<\/b> podr\u00e1 eliminar empresas p\u00fablicas creadas por ley, seg\u00fan una pol\u00e9mica disposici\u00f3n incluida en el proyecto de Ley urgente de Integridad P\u00fablica. La Comisi\u00f3n de Desarrollo Econ\u00f3mico afina el informe para el segundo debate en el pleno de la Asamblea Nacional.<\/p>\n<p>La disposici\u00f3n, que ha despertado cuestionamientos, fue incorporada antes del primer informe y contempla reformas a once leyes. Entre ellas, el C\u00f3digo Org\u00e1nico Administrativo (COA), que incluir\u00eda una cl\u00e1usula para permitir que el Ejecutivo elimine entidades p\u00fablicas sin necesidad de otra ley, si se demuestra objeci\u00f3n legislativa o ausencia de dictamen presupuestario.\u00a0Para el legislador Alfredo Serrano, <a href=\"https:\/\/derechadiario.com.ar\/ecuador\/politica\/nueva-ley-inteligencia-redefinio-vigilancia-ecuador\" title=\"La nueva Ley de Inteligencia redefini\u00f3 la vigilancia en Ecuador\">esta disposici\u00f3n rompe el principio jur\u00eddico<\/a> de paralelismo de las formas, donde las leyes solo pueden ser derogadas por otras leyes. \u201c<b>Se est\u00e1 delegando una facultad exclusiva de la Asamblea al Ejecutivo<\/b>\u201d, advirti\u00f3 el asamble\u00edsta socialcristiano.<\/p>\n<p>Adem\u00e1s, la reforma ampl\u00eda su alcance al establecer que los fiscales tambi\u00e9n podr\u00e1n ser sancionados por prevaricato, con inhabilitaci\u00f3n vitalicia, medida que hasta ahora solo aplicaba a jueces y \u00e1rbitros. Esta inclusi\u00f3n refuerza el car\u00e1cter punitivo del texto legal, sin un an\u00e1lisis profundo sobre sus implicaciones institucionales.<\/p>\n<p>Otro cambio sustancial es el art\u00edculo reformado de la Ley de Solidaridad Nacional, que impide otorgar indultos a procesados por delitos contra la administraci\u00f3n p\u00fablica. Esto parece una respuesta pol\u00edtica m\u00e1s que una reforma jur\u00eddica estructural. El legislador Diego Franco, del movimiento oficialista, defendi\u00f3 la ley como una herramienta para eliminar estructuras p\u00fablicas ineficientes. \u201c<b>No se trata de dar m\u00e1s poder al Ejecutivo, sino de <b>combatir la corrupci\u00f3n estructural<\/b> que existe en varias empresas p\u00fablicas<\/b>\u201d, se\u00f1al\u00f3.<\/p>\n<div class=\"inter_image image_horizontal\">\n<picture><source class=\"img-responsive\" type=\"image\/webp\" data-srcset=\"https:\/\/filesedc.com\/uploads\/image\/post\/2025\/06\/screenshot-2025-06-19-at-11-31-13-ahora-con-nuestro-respaldo-el---lenin-rogel-villacis-facebook_300_200.webp 300w, https:\/\/filesedc.com\/uploads\/image\/post\/2025\/06\/screenshot-2025-06-19-at-11-31-13-ahora-con-nuestro-respaldo-el---lenin-rogel-villacis-facebook_630_420.webp 630w, https:\/\/filesedc.com\/uploads\/image\/post\/2025\/06\/screenshot-2025-06-19-at-11-31-13-ahora-con-nuestro-respaldo-el---lenin-rogel-villacis-facebook_760_507.webp 760w, https:\/\/filesedc.com\/uploads\/image\/post\/2025\/06\/screenshot-2025-06-19-at-11-31-13-ahora-con-nuestro-respaldo-el---lenin-rogel-villacis-facebook_1200_800.webp 1200w, https:\/\/filesedc.com\/uploads\/image\/post\/2025\/06\/screenshot-2025-06-19-at-11-31-13-ahora-con-nuestro-respaldo-el---lenin-rogel-villacis-facebook_1600_1067.webp 1600w, \"><img decoding=\"async\" src=\"https:\/\/derechadiario.com.ar\/filesedc\/uploads\/image\/post\/2025\/06\/screenshot-2025-06-19-at-11-31-13-ahora-con-nuestro-respaldo-el---lenin-rogel-villacis-facebook_1200_800.webp\" class=\"img-responsive lazyload\" alt=\"Personas en una sala de sesiones parlamentarias con varias computadoras mostrando la palabra SI en sus pantallas\" title=\"Personas en una sala de sesiones parlamentarias con varias computadoras mostrando la palabra SI en sus pantallas\"><\/picture>\n<div>\n<span class=\"img_footer\">Ley de Integridad P\u00fablica <\/span>| <span class=\"img_author\">La Derecha Diario<\/span>\n<\/div>\n<\/div>\n<p>Franco neg\u00f3 que con esta ley se ponga en riesgo la continuidad de entidades como Petroecuador, el Instituto de Seguridad Social o las universidades. No obstante, reconoci\u00f3 que hay posturas divididas dentro de su bancada y que la reforma ser\u00e1 analizada a fondo antes del segundo debate. Sergio Pe\u00f1a, exaliado de la Revoluci\u00f3n Ciudadana, tambi\u00e9n mostr\u00f3 su respaldo. Argument\u00f3 que muchas empresas estatales operan como \u201c<b>focos de corrupci\u00f3n<\/b>\u201d y deben ser reformadas o suprimidas. En su opini\u00f3n, Petroecuador deber\u00eda funcionar bajo un esquema de licitaci\u00f3n y no ser manejada enteramente por el Estado.<\/p>\n<p>Los sectores m\u00e1s cr\u00edticos se\u00f1alan que esta ley, aunque se presenta como un mecanismo de eficiencia, <b>puede abrir la puerta a decisiones unilaterales y sin control legislativo<\/b>. Incluso entre oficialistas hay dudas sobre si esto representa una concentraci\u00f3n de poder o una modernizaci\u00f3n institucional.<\/p>\n<p>Mientras tanto, la ciudadan\u00eda observa c\u00f3mo se debaten normas <a href=\"https:\/\/derechadiario.com.ar\/ecuador\/politica\/fiscalizacion-contratos-con-progen-desato-pugna-correismo-y-oficialismo\" title=\"La fiscalizaci\u00f3n de contratos con Progen desat\u00f3 pugna entre corre\u00edsmo y el oficialismo\">que pueden afectar<\/a> la estructura del Estado. La discusi\u00f3n gira entre dos visiones: una que busca <b>desburocratizar y mejorar la administraci\u00f3n<\/b> p\u00fablica, y otra que alerta sobre el debilitamiento de los contrapesos democr\u00e1ticos.<\/p>\n<p>El informe final se espera para el viernes, con la posibilidad de un segundo debate la pr\u00f3xima semana. Su aprobaci\u00f3n marcar\u00e1 un precedente legal sobre el equilibrio entre el poder Ejecutivo y la Asamblea.<\/p>\n","protected":false},"excerpt":{"rendered":"<p>El presidente de la Rep\u00fablica podr\u00e1 eliminar empresas p\u00fablicas creadas por ley, seg\u00fan una pol\u00e9mica disposici\u00f3n incluida en el proyecto de Ley urgente de Integridad P\u00fablica. La Comisi\u00f3n de Desarrollo Econ\u00f3mico afina el informe para el segundo debate en el pleno de la Asamblea Nacional. La disposici\u00f3n, que ha despertado cuestionamientos, fue incorporada antes del [&hellip;]<\/p>\n","protected":false},"author":2,"featured_media":8349,"comment_status":"open","ping_status":"open","sticky":false,"template":"","format":"standard","meta":{"_et_pb_use_builder":"","_et_pb_old_content":"","_et_gb_content_width":"","footnotes":""},"categories":[84],"tags":[],"class_list":["post-8348","post","type-post","status-publish","format-standard","has-post-thumbnail","hentry","category-ultimomomento"],"_links":{"self":[{"href":"https:\/\/verdadincomodadiario.ar\/index.php?rest_route=\/wp\/v2\/posts\/8348","targetHints":{"allow":["GET"]}}],"collection":[{"href":"https:\/\/verdadincomodadiario.ar\/index.php?rest_route=\/wp\/v2\/posts"}],"about":[{"href":"https:\/\/verdadincomodadiario.ar\/index.php?rest_route=\/wp\/v2\/types\/post"}],"author":[{"embeddable":true,"href":"https:\/\/verdadincomodadiario.ar\/index.php?rest_route=\/wp\/v2\/users\/2"}],"replies":[{"embeddable":true,"href":"https:\/\/verdadincomodadiario.ar\/index.php?rest_route=%2Fwp%2Fv2%2Fcomments&post=8348"}],"version-history":[{"count":0,"href":"https:\/\/verdadincomodadiario.ar\/index.php?rest_route=\/wp\/v2\/posts\/8348\/revisions"}],"wp:featuredmedia":[{"embeddable":true,"href":"https:\/\/verdadincomodadiario.ar\/index.php?rest_route=\/wp\/v2\/media\/8349"}],"wp:attachment":[{"href":"https:\/\/verdadincomodadiario.ar\/index.php?rest_route=%2Fwp%2Fv2%2Fmedia&parent=8348"}],"wp:term":[{"taxonomy":"category","embeddable":true,"href":"https:\/\/verdadincomodadiario.ar\/index.php?rest_route=%2Fwp%2Fv2%2Fcategories&post=8348"},{"taxonomy":"post_tag","embeddable":true,"href":"https:\/\/verdadincomodadiario.ar\/index.php?rest_route=%2Fwp%2Fv2%2Ftags&post=8348"}],"curies":[{"name":"wp","href":"https:\/\/api.w.org\/{rel}","templated":true}]}}