{"id":8346,"date":"2025-06-19T20:26:31","date_gmt":"2025-06-19T20:26:31","guid":{"rendered":"https:\/\/verdadincomodadiario.ar\/?p=8346"},"modified":"2025-06-19T20:26:31","modified_gmt":"2025-06-19T20:26:31","slug":"el-presidente-noboa-restringio-seguros-privados-y-autos-de-lujo-en-el-sector-publico","status":"publish","type":"post","link":"https:\/\/verdadincomodadiario.ar\/?p=8346","title":{"rendered":"El presidente Noboa restringi\u00f3 seguros privados y autos de lujo en el sector p\u00fablico"},"content":{"rendered":"<p>El presidente <strong>Daniel Noboa<\/strong> firm\u00f3 el Decreto Ejecutivo N.\u00ba 36 para reformar el Reglamento General a la Ley Org\u00e1nica del Servicio P\u00fablico. Las modificaciones establecieron nuevas directrices en la <strong>contrataci\u00f3n de seguros de salud para viajes internacionales<\/strong> y en la <strong>adquisici\u00f3n de veh\u00edculos por parte del Estado<\/strong>.<\/p>\n<p>En cuanto a los seguros, la normativa ahora obliga a que cada instituci\u00f3n p\u00fablica contrate un seguro de salud con cobertura total para los funcionarios que viajen <a href=\"https:\/\/derechadiario.com.ar\/ecuador\/politica\/nueva-ley-inteligencia-redefinio-vigilancia-ecuador\" title=\"La nueva Ley de Inteligencia redefini\u00f3 la vigilancia en Ecuador\">en comisi\u00f3n de servicios al exterior<\/a>. Esta disposici\u00f3n busca garantizar la protecci\u00f3n del personal sin recurrir a recursos extraordinarios o privilegios innecesarios.<\/p>\n<p>Antes, la normativa delegaba esta responsabilidad a los organismos de seguridad social, sin establecer un criterio uniforme. Con esta reforma, el Gobierno estandariza el procedimiento y limita el gasto, <strong>eliminando excesos en el uso de fondos p\u00fablicos<\/strong> durante misiones internacionales.<\/p>\n<p>Respecto a los veh\u00edculos, se mantiene la prohibici\u00f3n de adquirir autom\u00f3viles de alta gama. Se especifican criterios claros para autorizar compras de autos no especializados, siempre sujetos a disponibilidad presupuestaria y aprobaci\u00f3n de la Secretar\u00eda General Administrativa de la Presidencia.<\/p>\n<div class=\"inter_image image_horizontal\">\n<picture><source class=\"img-responsive\" type=\"image\/webp\" data-srcset=\"https:\/\/filesedc.com\/uploads\/image\/post\/2025\/06\/corrupcion-noboa-1024x683_300_200.webp 300w, https:\/\/filesedc.com\/uploads\/image\/post\/2025\/06\/corrupcion-noboa-1024x683_630_420.webp 630w, https:\/\/filesedc.com\/uploads\/image\/post\/2025\/06\/corrupcion-noboa-1024x683_760_507.webp 760w, https:\/\/filesedc.com\/uploads\/image\/post\/2025\/06\/corrupcion-noboa-1024x683_1200_800.webp 1200w, https:\/\/filesedc.com\/uploads\/image\/post\/2025\/06\/corrupcion-noboa-1024x683_1600_1067.webp 1600w, \"><img decoding=\"async\" src=\"https:\/\/derechadiario.com.ar\/filesedc\/uploads\/image\/post\/2025\/06\/corrupcion-noboa-1024x683_1200_800.webp\" class=\"img-responsive lazyload\" alt=\"Hombre con camisa blanca hablando en un micr\u00f3fono durante una reuni\u00f3n con la bandera de Ecuador al fondo\" title=\"Hombre con camisa blanca hablando en un micr\u00f3fono durante una reuni\u00f3n con la bandera de Ecuador al fondo\"><\/picture>\n<div>\n<span class=\"img_footer\">El presidente Nobo <\/span>| <span class=\"img_author\">La Derecha Diario<\/span>\n<\/div>\n<\/div>\n<p>Para los veh\u00edculos especializados como aquellos destinados a tareas de seguridad o funciones diplom\u00e1ticas\u2014 se exigir\u00e1 el cumplimiento de regulaciones espec\u00edficas. La Canciller\u00eda ser\u00e1 la entidad encargada de regular la compra de automotores para el servicio exterior, en l\u00ednea con las necesidades operativas reales.<\/p>\n<p>Estas decisiones refuerzan el compromiso del Gobierno con la eficiencia, al limitar el uso de fondos p\u00fablicos en rubros que han sido foco de abusos en el pasado. <strong><a href=\"https:\/\/derechadiario.com.ar\/ecuador\/politica\/fiscalizacion-contratos-con-progen-desato-pugna-correismo-y-oficialismo\" title=\"La fiscalizaci\u00f3n de contratos con Progen desat\u00f3 pugna entre corre\u00edsmo y el oficialismo\">Se evita el derroche de recurso<\/a>s<\/strong> y se orienta el gasto hacia lo estrictamente necesario para el cumplimiento de funciones.<\/p>\n<p>La medida tambi\u00e9n responde a la necesidad de establecer un <strong>modelo m\u00e1s austero y transparente<\/strong> en el aparato estatal. As\u00ed, se consolida una administraci\u00f3n p\u00fablica enfocada en el servicio y no en privilegios, una visi\u00f3n que busca <strong>recuperar la confianza ciudadana<\/strong>.<\/p>\n<p>Las reformas impulsadas por Noboa modernizan el aparato estatal, eliminan gastos innecesarios y establecen un est\u00e1ndar m\u00e1s responsable en la gesti\u00f3n de recursos p\u00fablicos. Con ello, el Gobierno reafirma su visi\u00f3n de un Ecuador m\u00e1s ordenado y eficiente.<\/p>\n","protected":false},"excerpt":{"rendered":"<p>El presidente Daniel Noboa firm\u00f3 el Decreto Ejecutivo N.\u00ba 36 para reformar el Reglamento General a la Ley Org\u00e1nica del Servicio P\u00fablico. Las modificaciones establecieron nuevas directrices en la contrataci\u00f3n de seguros de salud para viajes internacionales y en la adquisici\u00f3n de veh\u00edculos por parte del Estado. En cuanto a los seguros, la normativa ahora [&hellip;]<\/p>\n","protected":false},"author":2,"featured_media":8347,"comment_status":"open","ping_status":"open","sticky":false,"template":"","format":"standard","meta":{"_et_pb_use_builder":"","_et_pb_old_content":"","_et_gb_content_width":"","footnotes":""},"categories":[84],"tags":[],"class_list":["post-8346","post","type-post","status-publish","format-standard","has-post-thumbnail","hentry","category-ultimomomento"],"_links":{"self":[{"href":"https:\/\/verdadincomodadiario.ar\/index.php?rest_route=\/wp\/v2\/posts\/8346","targetHints":{"allow":["GET"]}}],"collection":[{"href":"https:\/\/verdadincomodadiario.ar\/index.php?rest_route=\/wp\/v2\/posts"}],"about":[{"href":"https:\/\/verdadincomodadiario.ar\/index.php?rest_route=\/wp\/v2\/types\/post"}],"author":[{"embeddable":true,"href":"https:\/\/verdadincomodadiario.ar\/index.php?rest_route=\/wp\/v2\/users\/2"}],"replies":[{"embeddable":true,"href":"https:\/\/verdadincomodadiario.ar\/index.php?rest_route=%2Fwp%2Fv2%2Fcomments&post=8346"}],"version-history":[{"count":0,"href":"https:\/\/verdadincomodadiario.ar\/index.php?rest_route=\/wp\/v2\/posts\/8346\/revisions"}],"wp:featuredmedia":[{"embeddable":true,"href":"https:\/\/verdadincomodadiario.ar\/index.php?rest_route=\/wp\/v2\/media\/8347"}],"wp:attachment":[{"href":"https:\/\/verdadincomodadiario.ar\/index.php?rest_route=%2Fwp%2Fv2%2Fmedia&parent=8346"}],"wp:term":[{"taxonomy":"category","embeddable":true,"href":"https:\/\/verdadincomodadiario.ar\/index.php?rest_route=%2Fwp%2Fv2%2Fcategories&post=8346"},{"taxonomy":"post_tag","embeddable":true,"href":"https:\/\/verdadincomodadiario.ar\/index.php?rest_route=%2Fwp%2Fv2%2Ftags&post=8346"}],"curies":[{"name":"wp","href":"https:\/\/api.w.org\/{rel}","templated":true}]}}