{"id":8344,"date":"2025-06-19T20:26:32","date_gmt":"2025-06-19T20:26:32","guid":{"rendered":"https:\/\/verdadincomodadiario.ar\/?p=8344"},"modified":"2025-06-19T20:26:32","modified_gmt":"2025-06-19T20:26:32","slug":"el-presidente-daniel-noboa-renovo-gobernaciones-en-tres-provincias-clave","status":"publish","type":"post","link":"https:\/\/verdadincomodadiario.ar\/?p=8344","title":{"rendered":"El presidente Daniel Noboa renov\u00f3 gobernaciones en tres provincias clave"},"content":{"rendered":"<p><strong>El presidente Daniel Noboa realiz\u00f3 sus primeros relevos en gobernaciones provinciales durante su nuevo mandato.<\/strong> Lo hizo el mi\u00e9rcoles 18 de junio mediante tres decretos ejecutivos que fortalecen su presencia territorial en Los R\u00edos, Santa Elena e Imbabura.<\/p>\n<p><strong>En Los R\u00edos, el nuevo gobernador es Edwin Campo Vivanco, mayor del Ej\u00e9rcito en servicio pasivo, quien reemplaz\u00f3 a Javier Buitr\u00f3n.<\/strong> Este <a href=\"https:\/\/derechadiario.com.ar\/ecuador\/politica\/nueva-ley-inteligencia-redefinio-vigilancia-ecuador\" title=\"La nueva Ley de Inteligencia redefini\u00f3 la vigilancia en Ecuador\">\u00faltimo estuvo tres meses en funciones<\/a> y anteriormente lider\u00f3 la gobernaci\u00f3n de Esmeraldas, sin alcanzar resultados destacables en seguridad y articulaci\u00f3n provincial.<\/p>\n<p><strong>En Santa Elena, Xavier Negrete S\u00e1enz fue designado en lugar de Gilberto Pino Herrera, quien tambi\u00e9n solo permaneci\u00f3 tres meses en el cargo.<\/strong> Negrete proviene del sector salud, con experiencia en el Hospital Liborio Panchana, y su nombramiento apunta a mejorar la gesti\u00f3n p\u00fablica en una provincia con alta demanda social.<\/p>\n<p><strong>En Imbabura, el gobierno confi\u00f3 en Leonardo Cabezas Gonz\u00e1lez, exjefe pol\u00edtico del cant\u00f3n Ibarra, quien asumi\u00f3 tras la salida de Juan Echeverr\u00eda.<\/strong><\/p>\n<div class=\"inter_image image_horizontal\">\n<picture><source class=\"img-responsive\" type=\"image\/webp\" data-srcset=\"https:\/\/filesedc.com\/uploads\/image\/post\/2025\/06\/800px-laguna-cuicocha_300_200.webp 300w, https:\/\/filesedc.com\/uploads\/image\/post\/2025\/06\/800px-laguna-cuicocha_630_420.webp 630w, https:\/\/filesedc.com\/uploads\/image\/post\/2025\/06\/800px-laguna-cuicocha_760_507.webp 760w, https:\/\/filesedc.com\/uploads\/image\/post\/2025\/06\/800px-laguna-cuicocha_1200_800.webp 1200w, https:\/\/filesedc.com\/uploads\/image\/post\/2025\/06\/800px-laguna-cuicocha_1600_1067.webp 1600w, \"><img decoding=\"async\" src=\"https:\/\/derechadiario.com.ar\/filesedc\/uploads\/image\/post\/2025\/06\/800px-laguna-cuicocha_1200_800.webp\" class=\"img-responsive lazyload\" alt=\"Vista panor\u00e1mica de una laguna rodeada de monta\u00f1as con vegetaci\u00f3n y un volc\u00e1n nevado al fondo bajo un cielo despejado\" title=\"Vista panor\u00e1mica de una laguna rodeada de monta\u00f1as con vegetaci\u00f3n y un volc\u00e1n nevado al fondo bajo un cielo despejado\"><\/picture>\n<div>\n<span class=\"img_footer\">El presidente Daniel Noboa <\/span>| <span class=\"img_author\">La Derecha Diario<\/span>\n<\/div>\n<\/div>\n<p>Este relevo representa un ascenso institucional y una apuesta por funcionarios con experiencia directa en territorio y conocimiento de la estructura local.<\/p>\n<p><strong>Los gobernadores son figuras clave para ejecutar los planes del Ejecutivo en cada provincia y canalizar la acci\u00f3n estatal.<\/strong> Con estos cambios, el presidente Noboa busca mayor eficiencia operativa y articulaci\u00f3n directa entre el gobierno central y la poblaci\u00f3n.<\/p>\n<p><strong>Estas decisiones refuerzan el compromiso del gobierno con la gobernabilidad y la seguridad provincial.<\/strong> La renovaci\u00f3n del liderazgo local es parte de <a href=\"https:\/\/derechadiario.com.ar\/ecuador\/politica\/fiscalizacion-contratos-con-progen-desato-pugna-correismo-y-oficialismo\" title=\"La fiscalizaci\u00f3n de contratos con Progen desat\u00f3 pugna entre corre\u00edsmo y el oficialismo\">una estrategia m\u00e1s amplia<\/a> para consolidar la presencia del Estado en zonas vulnerables.<\/p>\n<p><strong>Con estos cambios, el presidente Daniel Noboa demuestra capacidad de reacci\u00f3n temprana y voluntad de mejora institucional.<\/strong> Al priorizar perfiles t\u00e9cnicos y con experiencia en territorio, su gobierno refuerza su enfoque pr\u00e1ctico y resolutivo para gobernar de forma m\u00e1s cercana a las necesidades reales de la ciudadan\u00eda.<\/p>\n","protected":false},"excerpt":{"rendered":"<p>El presidente Daniel Noboa realiz\u00f3 sus primeros relevos en gobernaciones provinciales durante su nuevo mandato. Lo hizo el mi\u00e9rcoles 18 de junio mediante tres decretos ejecutivos que fortalecen su presencia territorial en Los R\u00edos, Santa Elena e Imbabura. En Los R\u00edos, el nuevo gobernador es Edwin Campo Vivanco, mayor del Ej\u00e9rcito en servicio pasivo, quien [&hellip;]<\/p>\n","protected":false},"author":2,"featured_media":8345,"comment_status":"open","ping_status":"open","sticky":false,"template":"","format":"standard","meta":{"_et_pb_use_builder":"","_et_pb_old_content":"","_et_gb_content_width":"","footnotes":""},"categories":[84],"tags":[],"class_list":["post-8344","post","type-post","status-publish","format-standard","has-post-thumbnail","hentry","category-ultimomomento"],"_links":{"self":[{"href":"https:\/\/verdadincomodadiario.ar\/index.php?rest_route=\/wp\/v2\/posts\/8344","targetHints":{"allow":["GET"]}}],"collection":[{"href":"https:\/\/verdadincomodadiario.ar\/index.php?rest_route=\/wp\/v2\/posts"}],"about":[{"href":"https:\/\/verdadincomodadiario.ar\/index.php?rest_route=\/wp\/v2\/types\/post"}],"author":[{"embeddable":true,"href":"https:\/\/verdadincomodadiario.ar\/index.php?rest_route=\/wp\/v2\/users\/2"}],"replies":[{"embeddable":true,"href":"https:\/\/verdadincomodadiario.ar\/index.php?rest_route=%2Fwp%2Fv2%2Fcomments&post=8344"}],"version-history":[{"count":0,"href":"https:\/\/verdadincomodadiario.ar\/index.php?rest_route=\/wp\/v2\/posts\/8344\/revisions"}],"wp:featuredmedia":[{"embeddable":true,"href":"https:\/\/verdadincomodadiario.ar\/index.php?rest_route=\/wp\/v2\/media\/8345"}],"wp:attachment":[{"href":"https:\/\/verdadincomodadiario.ar\/index.php?rest_route=%2Fwp%2Fv2%2Fmedia&parent=8344"}],"wp:term":[{"taxonomy":"category","embeddable":true,"href":"https:\/\/verdadincomodadiario.ar\/index.php?rest_route=%2Fwp%2Fv2%2Fcategories&post=8344"},{"taxonomy":"post_tag","embeddable":true,"href":"https:\/\/verdadincomodadiario.ar\/index.php?rest_route=%2Fwp%2Fv2%2Ftags&post=8344"}],"curies":[{"name":"wp","href":"https:\/\/api.w.org\/{rel}","templated":true}]}}