{"id":8342,"date":"2025-06-19T20:26:33","date_gmt":"2025-06-19T20:26:33","guid":{"rendered":"https:\/\/verdadincomodadiario.ar\/?p=8342"},"modified":"2025-06-19T20:26:33","modified_gmt":"2025-06-19T20:26:33","slug":"rio-ceballos-recibe-una-muestra-interactiva-inspirada-en-leonardo-da-vinci","status":"publish","type":"post","link":"https:\/\/verdadincomodadiario.ar\/?p=8342","title":{"rendered":"R\u00edo Ceballos recibe una muestra interactiva inspirada en Leonardo Da Vinci"},"content":{"rendered":"<p>Desde el 16 de junio, la ciudad cordobesa de <strong><a href=\"https:\/\/derechadiario.com.ar\/sociedad\/desarticulan-peligrosa-organizacion-narco-que-operaba-rio-ceballos-y-cordoba\" title=\"Desarticulan una peligrosa organizaci\u00f3n narco que operaba en R\u00edo Ceballos y C\u00f3rdoba\">R\u00edo Ceballos<\/a> alberga una muestra interactiva que revaloriza el legado de Leonardo Da Vinci<\/strong>. Titulada <strong>Futuros Presentes<\/strong>, la exposici\u00f3n se presenta en la explanada municipal (Av\u00a0San Mart\u00edn 4413) y estar\u00e1 abierta al p\u00fablico hasta el 23 de julio. Se trata de un recorrido inmersivo por m\u00e1s de 36 m\u00e1quinas funcionales dise\u00f1adas seg\u00fan los elementos: Tierra, Agua, Aire y Fuego.<\/p>\n<p>La propuesta fue desarrollada por el ingeniero e inventor argentino <strong>Daniel V\u00e1zquez, quien tradujo el esp\u00edritu innovador de Da Vinci a un formato accesible<\/strong>. El objetivo es acercar la ciencia, el arte y la tecnolog\u00eda a p\u00fablicos de todas las edades. La experiencia busca adem\u00e1s fortalecer el v\u00ednculo entre creatividad y conocimiento desde una mirada contempor\u00e1nea.<\/p>\n<p>Las visitas guiadas se realizan todos los d\u00edas en <strong>dos turnos,<\/strong> <strong>de 9 a 13 y de 15 a 19, con recorridos de 45 minutos y cupos limitados a 25 personas<\/strong>. Tambi\u00e9n es posible recorrer la muestra de forma libre, sin gu\u00eda previa. El viernes 20 de junio a las 18 horas ser\u00e1 la inauguraci\u00f3n oficial con la presencia del intendente Ezequiel Lemos y de Daniel V\u00e1zquez.<\/p>\n<div class=\"inter_image image_horizontal\">\n<picture><source class=\"img-responsive\" type=\"image\/webp\" data-srcset=\"https:\/\/filesedc.com\/uploads\/image\/post\/2025\/06\/captura-de-pantalla-2025-06-19-153336_300_200.webp 300w, https:\/\/filesedc.com\/uploads\/image\/post\/2025\/06\/captura-de-pantalla-2025-06-19-153336_630_420.webp 630w, https:\/\/filesedc.com\/uploads\/image\/post\/2025\/06\/captura-de-pantalla-2025-06-19-153336_760_507.webp 760w, https:\/\/filesedc.com\/uploads\/image\/post\/2025\/06\/captura-de-pantalla-2025-06-19-153336_1200_800.webp 1200w, https:\/\/filesedc.com\/uploads\/image\/post\/2025\/06\/captura-de-pantalla-2025-06-19-153336_1600_1067.webp 1600w, \"><img decoding=\"async\" src=\"https:\/\/derechadiario.com.ar\/filesedc\/uploads\/image\/post\/2025\/06\/captura-de-pantalla-2025-06-19-153336_1200_800.webp\" class=\"img-responsive lazyload\" alt=\"Una gu\u00eda explica una exposici\u00f3n de inventos de Da Vinci a un grupo de personas dentro de una carpa iluminada por la luz del d\u00eda.\" title=\"Una gu\u00eda explica una exposici\u00f3n de inventos de Da Vinci a un grupo de personas dentro de una carpa iluminada por la luz del d\u00eda.\"><\/picture>\n<div>\n<span class=\"img_footer\">El objetivo es acercar la ciencia, el arte y la tecnolog\u00eda a p\u00fablicos de todas las edades <\/span>| <span class=\"img_author\">La Derecha Diario<\/span>\n<\/div>\n<\/div>\n<h4>Un recorrido nacional que llega a R\u00edo Ceballos<\/h4>\n<p><strong>Futuros Presentes ya pas\u00f3 por otros espacios culturales relevantes<\/strong> como el Museo de Ciencias Naturales de <a href=\"https:\/\/derechadiario.com.ar\/politica\/insignificante-movilizacion-campora-cordobesa-apoyo-cfk\" title=\"Insignificante movilizaci\u00f3n de La C\u00e1mpora cordobesa en apoyo a CFK\">C\u00f3rdoba<\/a> y la feria Tecn\u00f3polis. Tambi\u00e9n fue exhibida en la Municipalidad de R\u00edo Cuarto y en el Centro Cultural del Bicentenario de Santiago del Estero. Ahora, la muestra suma a R\u00edo Ceballos como nueva sede de este recorrido cultural.<\/p>\n<aside class=\"whatsappChannelText\"><a href=\"https:\/\/whatsapp.com\/channel\/0029VagEjILGE56eKjedWF2U\" rel=\"nofollow\" title=\"WhatsApp Link\"><img alt=\"Logo de WhatsApp\" class=\"lazyload\" data-src=\"https:\/\/derechadiario.com.ar\/filesedc\/uploads\/other\/whatsapp_icon_mid_article.png\" width=\"32\" height=\"32\"><\/a> <a href=\"https:\/\/whatsapp.com\/channel\/0029VagEjILGE56eKjedWF2U\" rel=\"nofollow\" title=\"WhatsApp Link\"><strong>NO SE PIERDAN NINGUNA NOTICIA<\/strong>: Click aqu\u00ed para sumarte <strong>GRATIS<\/strong> al canal de noticias de <strong>La Derecha Diario en WhatsApp.<\/strong><\/a><\/aside>\n<aside class=\"are-you-interested-container-photo\"><\/aside>\n<p>Adem\u00e1s del acto inaugural, <strong>V\u00e1zquez brindar\u00e1 una gu\u00eda especial durante la apertura para los asistentes<\/strong>. La muestra invita a vecinos y turistas a disfrutar de esta iniciativa pensada para todas las edades. La propuesta contempla tambi\u00e9n visibilizar a innovadores locales y fomentar el pensamiento cr\u00edtico desde el arte y la ciencia.<\/p>\n","protected":false},"excerpt":{"rendered":"<p>Desde el 16 de junio, la ciudad cordobesa de R\u00edo Ceballos alberga una muestra interactiva que revaloriza el legado de Leonardo Da Vinci. Titulada Futuros Presentes, la exposici\u00f3n se presenta en la explanada municipal (Av\u00a0San Mart\u00edn 4413) y estar\u00e1 abierta al p\u00fablico hasta el 23 de julio. Se trata de un recorrido inmersivo por m\u00e1s [&hellip;]<\/p>\n","protected":false},"author":2,"featured_media":8343,"comment_status":"open","ping_status":"open","sticky":false,"template":"","format":"standard","meta":{"_et_pb_use_builder":"","_et_pb_old_content":"","_et_gb_content_width":"","footnotes":""},"categories":[84],"tags":[],"class_list":["post-8342","post","type-post","status-publish","format-standard","has-post-thumbnail","hentry","category-ultimomomento"],"_links":{"self":[{"href":"https:\/\/verdadincomodadiario.ar\/index.php?rest_route=\/wp\/v2\/posts\/8342","targetHints":{"allow":["GET"]}}],"collection":[{"href":"https:\/\/verdadincomodadiario.ar\/index.php?rest_route=\/wp\/v2\/posts"}],"about":[{"href":"https:\/\/verdadincomodadiario.ar\/index.php?rest_route=\/wp\/v2\/types\/post"}],"author":[{"embeddable":true,"href":"https:\/\/verdadincomodadiario.ar\/index.php?rest_route=\/wp\/v2\/users\/2"}],"replies":[{"embeddable":true,"href":"https:\/\/verdadincomodadiario.ar\/index.php?rest_route=%2Fwp%2Fv2%2Fcomments&post=8342"}],"version-history":[{"count":0,"href":"https:\/\/verdadincomodadiario.ar\/index.php?rest_route=\/wp\/v2\/posts\/8342\/revisions"}],"wp:featuredmedia":[{"embeddable":true,"href":"https:\/\/verdadincomodadiario.ar\/index.php?rest_route=\/wp\/v2\/media\/8343"}],"wp:attachment":[{"href":"https:\/\/verdadincomodadiario.ar\/index.php?rest_route=%2Fwp%2Fv2%2Fmedia&parent=8342"}],"wp:term":[{"taxonomy":"category","embeddable":true,"href":"https:\/\/verdadincomodadiario.ar\/index.php?rest_route=%2Fwp%2Fv2%2Fcategories&post=8342"},{"taxonomy":"post_tag","embeddable":true,"href":"https:\/\/verdadincomodadiario.ar\/index.php?rest_route=%2Fwp%2Fv2%2Ftags&post=8342"}],"curies":[{"name":"wp","href":"https:\/\/api.w.org\/{rel}","templated":true}]}}