{"id":8340,"date":"2025-06-19T20:26:34","date_gmt":"2025-06-19T20:26:34","guid":{"rendered":"https:\/\/verdadincomodadiario.ar\/?p=8340"},"modified":"2025-06-19T20:26:34","modified_gmt":"2025-06-19T20:26:34","slug":"cordoba-detienen-a-una-madre-por-usar-a-sus-hijas-para-vender-droga","status":"publish","type":"post","link":"https:\/\/verdadincomodadiario.ar\/?p=8340","title":{"rendered":"C\u00f3rdoba: detienen a una madre por usar a sus hijas para vender droga"},"content":{"rendered":"<p>Una <strong>mujer fue detenida<\/strong> en <a href=\"https:\/\/derechadiario.com.ar\/sociedad\/desbaratan-banda-narco-familiar-villa-nueva-mas-12-kilos-cocaina-incautados\" title=\"Desbaratan banda narco familiar en Villa Nueva: m\u00e1s de 12 kilos de coca\u00edna incautados\">Villa Nueva<\/a> <strong>acusada de <a href=\"https:\/\/derechadiario.com.ar\/sociedad\/cordoba-desbaratan-banda-narco-familiar-con-madre-hija-y-yerno-detenidos\" title=\"C\u00f3rdoba: desbaratan banda narco familiar con madre, hija y yerno detenidos\">involucrar a su hija menor de edad en la venta de estupefacientes<\/a>.<\/strong> La investigaci\u00f3n fue realizada por la Fuerza Policial Antinarcotr\u00e1fico (FPA) con intervenci\u00f3n del Ministerio P\u00fablico Fiscal. Junto a la madre tambi\u00e9n fueron arrestadas sus otras dos hijas, ambas mayores de edad y presuntamente c\u00f3mplices.<\/p>\n<p>Los allanamientos se realizaron en dos viviendas del barrio Centro de esa localidad del departamento General San Mart\u00edn. All\u00ed se <strong>encontraron dosis fraccionadas de coca\u00edna y marihuana, listas para su comercializaci\u00f3n.<\/strong> Tambi\u00e9n se incaut\u00f3 dinero en efectivo y otros elementos de corte y embalaje.<\/p>\n<p>La <strong>menor de edad participaba activamente en la log\u00edstica de distribuci\u00f3n<\/strong>, seg\u00fan confirmaron fuentes oficiales. <strong>Su rol fue clave para agravar la imputaci\u00f3n contra la madre y acelerar el accionar judicial.<\/strong> La situaci\u00f3n expone una modalidad cada vez m\u00e1s frecuente: <a href=\"https:\/\/derechadiario.com.ar\/sociedad\/cordoba-desbaratan-millonaria-banda-narco-familiar-con-venta-por-delivery\" title=\"C\u00f3rdoba: desbaratan millonaria banda narco familiar con venta por delivery\">el uso de menores en redes de narcomenudeo.<\/a><\/p>\n<div class=\"inter_image image_horizontal\">\n<picture><source class=\"img-responsive\" type=\"image\/webp\" data-srcset=\"https:\/\/filesedc.com\/uploads\/image\/post\/2025\/06\/137_300_200.webp 300w, https:\/\/filesedc.com\/uploads\/image\/post\/2025\/06\/137_630_420.webp 630w, https:\/\/filesedc.com\/uploads\/image\/post\/2025\/06\/137_760_507.webp 760w, https:\/\/filesedc.com\/uploads\/image\/post\/2025\/06\/137_1200_800.webp 1200w, https:\/\/filesedc.com\/uploads\/image\/post\/2025\/06\/137_1600_1067.webp 1600w, \"><img decoding=\"async\" src=\"https:\/\/derechadiario.com.ar\/filesedc\/uploads\/image\/post\/2025\/06\/137_1200_800.webp\" class=\"img-responsive lazyload\" alt=\"Elementos policiales fuertemente armados detienen a una persona que cubre su rostro con una prenda dentro de una vivienda iluminada.\" title=\"Elementos policiales fuertemente armados detienen a una persona que cubre su rostro con una prenda dentro de una vivienda iluminada.\"><\/picture>\n<div>\n<span class=\"img_footer\">La menor de edad participaba activamente en la log\u00edstica de distribuci\u00f3n <\/span>| <span class=\"img_author\">La Derecha Diario<\/span>\n<\/div>\n<\/div>\n<h2>Una investigaci\u00f3n de cuatro meses<\/h2>\n<p>El operativo fue el resultado de una <strong>investigaci\u00f3n que se extendi\u00f3 durante cuatro meses, seg\u00fan fuentes de la FPA.<\/strong> Durante ese tiempo se documentaron movimientos compatibles con la venta de drogas desde las viviendas intervenidas. Las tareas de inteligencia permitieron identificar a las tres mujeres como parte de un mismo grupo familiar.<\/p>\n<aside class=\"are-you-interested-container-photo\"><\/aside>\n<p>El Ministerio P\u00fablico Fiscal de C\u00f3rdoba dispuso los allanamientos tras reunir elementos probatorios suficientes. En ambos puntos de venta <strong>se detectaron v\u00ednculos entre las acusadas y clientes del circuito ilegal.<\/strong> Adem\u00e1s, se analizar\u00e1n los tel\u00e9fonos celulares secuestrados para ampliar la red de responsables.<\/p>\n<aside class=\"whatsappChannelText\"><a href=\"https:\/\/whatsapp.com\/channel\/0029VagEjILGE56eKjedWF2U\" rel=\"nofollow\" title=\"WhatsApp Link\"><img alt=\"Logo de WhatsApp\" class=\"lazyload\" data-src=\"https:\/\/derechadiario.com.ar\/filesedc\/uploads\/other\/whatsapp_icon_mid_article.png\" width=\"32\" height=\"32\"><\/a> <a href=\"https:\/\/whatsapp.com\/channel\/0029VagEjILGE56eKjedWF2U\" rel=\"nofollow\" title=\"WhatsApp Link\"><strong>NO SE PIERDAN NINGUNA NOTICIA<\/strong>: Click aqu\u00ed para sumarte <strong>GRATIS<\/strong> al canal de noticias de <strong>La Derecha Diario en WhatsApp.<\/strong><\/a><\/aside>\n<p>La causa qued\u00f3 a cargo de la Fiscal\u00eda de Lucha contra el Narcotr\u00e1fico de Villa Mar\u00eda, que orden\u00f3 las detenciones. Las tres mujeres fueron imputadas por infracci\u00f3n a la Ley Nacional de Estupefacientes N.\u00ba 23.737. El <strong>uso de una menor podr\u00eda derivar en cargos adicionales por corrupci\u00f3n de menores o facilitaci\u00f3n de delito.<\/strong><\/p>\n<figure><img decoding=\"async\" src=\"https:\/\/derechadiario.com.ar\/filesedc\/uploads\/image\/post\/2025\/06\/138_1200_1600.webp\" class=\"img-responsive lazyload\" alt=\"Un agente de polic\u00eda fuertemente armado con uniforme t\u00e1ctico y casco sostiene un arma dentro de una casa\" title=\"Un agente de polic\u00eda fuertemente armado con uniforme t\u00e1ctico y casco sostiene un arma dentro de una casa\"><\/figure>\n<h2>Menores en el narcomenudeo<\/h2>\n<p>Desde la FPA se\u00f1alaron que en lo que va del a\u00f1o ya se han detectado varios casos similares en el interior provincial. El uso de menores no solo vulnera sus derechos, sino que <strong>agrava las penas para quienes los involucran.<\/strong> Se trata de una modalidad cobarde y funcional al delito, que busca evitar controles apelando a la apariencia de inocencia.<\/p>\n<p>Fuentes judiciales <strong>no descartan<\/strong> que haya <strong>m\u00e1s allanamientos y detenciones vinculadas a este<a href=\"https:\/\/derechadiario.com.ar\/sociedad\/desarticularon-banda-narco-familiar-calera-tres-detenidos\" title=\"Desarticularon una banda narco familiar en La Calera: tres detenidos\"> grupo delictivo.<\/a><\/strong><a href=\"https:\/\/derechadiario.com.ar\/sociedad\/desarticularon-banda-narco-familiar-calera-tres-detenidos\" title=\"Desarticularon una banda narco familiar en La Calera: tres detenidos\"> <\/a>En los pr\u00f3ximos d\u00edas se espera la declaraci\u00f3n de testigos y vecinos, adem\u00e1s del an\u00e1lisis de pruebas digitales. La menor qued\u00f3 a resguardo de la Secretar\u00eda de Ni\u00f1ez, Adolescencia y Familia (SeNAF), que intervino tras el operativo.<\/p>\n","protected":false},"excerpt":{"rendered":"<p>Una mujer fue detenida en Villa Nueva acusada de involucrar a su hija menor de edad en la venta de estupefacientes. La investigaci\u00f3n fue realizada por la Fuerza Policial Antinarcotr\u00e1fico (FPA) con intervenci\u00f3n del Ministerio P\u00fablico Fiscal. Junto a la madre tambi\u00e9n fueron arrestadas sus otras dos hijas, ambas mayores de edad y presuntamente c\u00f3mplices. [&hellip;]<\/p>\n","protected":false},"author":2,"featured_media":8341,"comment_status":"open","ping_status":"open","sticky":false,"template":"","format":"standard","meta":{"_et_pb_use_builder":"","_et_pb_old_content":"","_et_gb_content_width":"","footnotes":""},"categories":[84],"tags":[],"class_list":["post-8340","post","type-post","status-publish","format-standard","has-post-thumbnail","hentry","category-ultimomomento"],"_links":{"self":[{"href":"https:\/\/verdadincomodadiario.ar\/index.php?rest_route=\/wp\/v2\/posts\/8340","targetHints":{"allow":["GET"]}}],"collection":[{"href":"https:\/\/verdadincomodadiario.ar\/index.php?rest_route=\/wp\/v2\/posts"}],"about":[{"href":"https:\/\/verdadincomodadiario.ar\/index.php?rest_route=\/wp\/v2\/types\/post"}],"author":[{"embeddable":true,"href":"https:\/\/verdadincomodadiario.ar\/index.php?rest_route=\/wp\/v2\/users\/2"}],"replies":[{"embeddable":true,"href":"https:\/\/verdadincomodadiario.ar\/index.php?rest_route=%2Fwp%2Fv2%2Fcomments&post=8340"}],"version-history":[{"count":0,"href":"https:\/\/verdadincomodadiario.ar\/index.php?rest_route=\/wp\/v2\/posts\/8340\/revisions"}],"wp:featuredmedia":[{"embeddable":true,"href":"https:\/\/verdadincomodadiario.ar\/index.php?rest_route=\/wp\/v2\/media\/8341"}],"wp:attachment":[{"href":"https:\/\/verdadincomodadiario.ar\/index.php?rest_route=%2Fwp%2Fv2%2Fmedia&parent=8340"}],"wp:term":[{"taxonomy":"category","embeddable":true,"href":"https:\/\/verdadincomodadiario.ar\/index.php?rest_route=%2Fwp%2Fv2%2Fcategories&post=8340"},{"taxonomy":"post_tag","embeddable":true,"href":"https:\/\/verdadincomodadiario.ar\/index.php?rest_route=%2Fwp%2Fv2%2Ftags&post=8340"}],"curies":[{"name":"wp","href":"https:\/\/api.w.org\/{rel}","templated":true}]}}