{"id":8328,"date":"2025-06-19T18:35:18","date_gmt":"2025-06-19T18:35:18","guid":{"rendered":"https:\/\/verdadincomodadiario.ar\/?p=8328"},"modified":"2025-06-19T18:35:18","modified_gmt":"2025-06-19T18:35:18","slug":"la-utopia-sobre-ruedas-planificacion-urbana-y-sumision-globalista","status":"publish","type":"post","link":"https:\/\/verdadincomodadiario.ar\/?p=8328","title":{"rendered":"La utop\u00eda sobre ruedas: planificaci\u00f3n urbana y sumisi\u00f3n globalista"},"content":{"rendered":"<p><strong>Uruguay ha comenzado a implementar pol\u00edticas orientadas al cumplimiento del Objetivo de Desarrollo Sostenible (ODS) 11<\/strong> de la Agenda 2030 de Naciones Unidas, que propone alcanzar \u201cciudades inclusivas, seguras, resilientes y sostenibles\u201d. En este marco, el gobierno nacional impulsa un ambicioso Plan Nacional de Movilidad Urbana, enfocado en transformar el transporte p\u00fablico metropolitano.<\/p>\n<p><strong>La iniciativa del Ministerio de Transporte y Obras P\u00fablicas (MTOP), bajo la direcci\u00f3n de Luc\u00eda Etcheverry<\/strong>, tiene como eje la implementaci\u00f3n de un sistema BRT (Bus de Tr\u00e1nsito R\u00e1pido). Este sistema pretende conectar la ciudad de Pando con la Plaza Independencia de Montevideo, a trav\u00e9s de corredores estrat\u00e9gicos como Avenida Italia, 8 de Octubre, Camino Maldonado y la zona de Tres Cruces.<\/p>\n<p><strong>El proyecto contempla un trazado con paradas cada 600 metros y una frecuencia de buses que aspiran a pasar cada dos minutos en horas pico.<\/strong> Las unidades tendr\u00edan la capacidad para transportar entre 140 y 200 pasajeros y estar\u00edan dise\u00f1adas para operar en carriles exclusivos ubicados en los canteros centrales de las avenidas.<\/p>\n<div class=\"inter_image image_horizontal\">\n<picture><source class=\"img-responsive\" type=\"image\/webp\" data-srcset=\"https:\/\/filesedc.com\/uploads\/image\/post\/2025\/06\/img-20250619-wa0039_300_200.webp 300w, https:\/\/filesedc.com\/uploads\/image\/post\/2025\/06\/img-20250619-wa0039_630_420.webp 630w, https:\/\/filesedc.com\/uploads\/image\/post\/2025\/06\/img-20250619-wa0039_760_507.webp 760w, https:\/\/filesedc.com\/uploads\/image\/post\/2025\/06\/img-20250619-wa0039_1200_800.webp 1200w, https:\/\/filesedc.com\/uploads\/image\/post\/2025\/06\/img-20250619-wa0039_1600_1067.webp 1600w, \"><img decoding=\"async\" src=\"https:\/\/derechadiario.com.ar\/filesedc\/uploads\/image\/post\/2025\/06\/img-20250619-wa0039_1200_800.webp\" class=\"img-responsive lazyload\" alt=\"Persona andando en bicicleta por una ciclov\u00eda protegida en una avenida concurrida con peatones, scooters y autobuses al fondo\" title=\"Persona andando en bicicleta por una ciclov\u00eda protegida en una avenida concurrida con peatones, scooters y autobuses al fondo\"><\/picture>\n<div>\n<span class=\"img_footer\">Ciclo v\u00eda de Cosse. <\/span>| <span class=\"img_author\">Redacci\u00f3n<\/span>\n<\/div>\n<\/div>\n<p><strong>La propuesta fue presentada ante autoridades del gobierno nacional y departamental por Ebital S.A., una empresa nacional que enfrenta una demanda judicial por apropiaci\u00f3n indebida y fraude societario.<\/strong><\/p>\n<p>Quiz\u00e1s tambi\u00e9n te interese <a href=\"https:\/\/derechadiario.com.ar\/uruguay\/politica\/mujica-delato-sus-companeros-y-colaboro-con-los-militares-1972\">esta reveladora nota sobre las contradicciones en la narrativa de ciertos referentes hist\u00f3ricos<\/a>.<\/p>\n<h2>Ciudades de 15 minutos<\/h2>\n<p>En palabras de la ministro Etcheverry, la propuesta apunta a \u201cpensar la movilidad como un derecho y como una herramienta de justicia social y ambiental\u201d.<\/p>\n<p><strong>Esta visi\u00f3n se enmarca en la noci\u00f3n internacional de las \u201cciudades de 15 minutos\u201d<\/strong> que pretende dar batalla contra el cambio clim\u00e1tico. En Uruguay, bajo la administraci\u00f3n del globalista Lacalle Pou, se cre\u00f3 el Ministerio de Ambiente que cuenta con la Direcci\u00f3n de Cambio Clim\u00e1tico, hoy dirigido por la acomodada hija de Blanca Rodr\u00edguez.<\/p>\n<p><strong>Se trata de un modelo progresista de planificaci\u00f3n urbana (disfrazado de accesibilidad sostenible e inclusiva) que aspira al control total de los habitantes.<\/strong><\/p>\n<h2>Delirios progresistas<\/h2>\n<p><strong>Se trata de un plan que implica un presupuesto superior a 500 millones de d\u00f3lares para su implementaci\u00f3n.<\/strong> La financiaci\u00f3n se prev\u00e9 a partir de una combinaci\u00f3n de fuentes: presupuesto nacional asignado al MTOP, pr\u00e9stamos y cooperaci\u00f3n internacional (como el Banco Interamericano de Desarrollo &#8211; BID), as\u00ed como aportes departamentales y asociaciones p\u00fablico-privadas.<\/p>\n<figure><img decoding=\"async\" src=\"https:\/\/derechadiario.com.ar\/filesedc\/uploads\/image\/post\/2025\/06\/img-20250619-wa0040_1200_800.webp\" class=\"img-responsive lazyload\" alt=\"Personas reunidas en una sala de conferencias participando en una presentaci\u00f3n sobre el marco de cooperaci\u00f3n de las Naciones Unidas para el desarrollo sostenible en Uruguay\" title=\"Personas reunidas en una sala de conferencias participando en una presentaci\u00f3n sobre el marco de cooperaci\u00f3n de las Naciones Unidas para el desarrollo sostenible en Uruguay\"><\/figure>\n<p><strong>Hace tiempo que nuestro pa\u00eds se encuentra al servicio de las pol\u00edticas impuestas por la nueva izquierda globalista.<\/strong> Sin embargo, durante el actual periodo de gobierno progresista, <strong>la entrega de soberan\u00eda nacional ser\u00e1 descarada y el endeudamiento cada vez mayor.<\/strong><\/p>\n<p>Quiz\u00e1s tambi\u00e9n te interese <a href=\"https:\/\/derechadiario.com.ar\/uruguay\/opinion\/asi-luce-socialdemocracia\">este an\u00e1lisis sobre el estilo arquitect\u00f3nico preferido por la socialdemocracia<\/a>, donde el concreto gris parece decir m\u00e1s que mil discursos.<\/p>\n<p><strong>El pr\u00f3ximo 30 de junio, Yamand\u00fa Orsi firmar\u00e1 el acuerdo internacional que comprometer\u00e1 a Uruguay ante las Naciones Unidas<\/strong> para cumplir con m\u00e1s fuerza que nunca cada uno de los Objetivos de Desarrollo Sostenible de la ut\u00f3pica agenda global.<\/p>\n","protected":false},"excerpt":{"rendered":"<p>Uruguay ha comenzado a implementar pol\u00edticas orientadas al cumplimiento del Objetivo de Desarrollo Sostenible (ODS) 11 de la Agenda 2030 de Naciones Unidas, que propone alcanzar \u201cciudades inclusivas, seguras, resilientes y sostenibles\u201d. En este marco, el gobierno nacional impulsa un ambicioso Plan Nacional de Movilidad Urbana, enfocado en transformar el transporte p\u00fablico metropolitano. La iniciativa [&hellip;]<\/p>\n","protected":false},"author":2,"featured_media":8329,"comment_status":"open","ping_status":"open","sticky":false,"template":"","format":"standard","meta":{"_et_pb_use_builder":"","_et_pb_old_content":"","_et_gb_content_width":"","footnotes":""},"categories":[84],"tags":[],"class_list":["post-8328","post","type-post","status-publish","format-standard","has-post-thumbnail","hentry","category-ultimomomento"],"_links":{"self":[{"href":"https:\/\/verdadincomodadiario.ar\/index.php?rest_route=\/wp\/v2\/posts\/8328","targetHints":{"allow":["GET"]}}],"collection":[{"href":"https:\/\/verdadincomodadiario.ar\/index.php?rest_route=\/wp\/v2\/posts"}],"about":[{"href":"https:\/\/verdadincomodadiario.ar\/index.php?rest_route=\/wp\/v2\/types\/post"}],"author":[{"embeddable":true,"href":"https:\/\/verdadincomodadiario.ar\/index.php?rest_route=\/wp\/v2\/users\/2"}],"replies":[{"embeddable":true,"href":"https:\/\/verdadincomodadiario.ar\/index.php?rest_route=%2Fwp%2Fv2%2Fcomments&post=8328"}],"version-history":[{"count":0,"href":"https:\/\/verdadincomodadiario.ar\/index.php?rest_route=\/wp\/v2\/posts\/8328\/revisions"}],"wp:featuredmedia":[{"embeddable":true,"href":"https:\/\/verdadincomodadiario.ar\/index.php?rest_route=\/wp\/v2\/media\/8329"}],"wp:attachment":[{"href":"https:\/\/verdadincomodadiario.ar\/index.php?rest_route=%2Fwp%2Fv2%2Fmedia&parent=8328"}],"wp:term":[{"taxonomy":"category","embeddable":true,"href":"https:\/\/verdadincomodadiario.ar\/index.php?rest_route=%2Fwp%2Fv2%2Fcategories&post=8328"},{"taxonomy":"post_tag","embeddable":true,"href":"https:\/\/verdadincomodadiario.ar\/index.php?rest_route=%2Fwp%2Fv2%2Ftags&post=8328"}],"curies":[{"name":"wp","href":"https:\/\/api.w.org\/{rel}","templated":true}]}}