{"id":8324,"date":"2025-06-19T18:35:20","date_gmt":"2025-06-19T18:35:20","guid":{"rendered":"https:\/\/verdadincomodadiario.ar\/?p=8324"},"modified":"2025-06-19T18:35:20","modified_gmt":"2025-06-19T18:35:20","slug":"la-mano-derecha-de-andrade-stella-rey-sera-imputada-por-fiscalia","status":"publish","type":"post","link":"https:\/\/verdadincomodadiario.ar\/?p=8324","title":{"rendered":"La \u201cmano derecha\u201d de Andrade, Stella Rey, ser\u00e1 imputada por fiscal\u00eda"},"content":{"rendered":"<p>El <strong>fiscal<\/strong> Gilberto Rodr\u00edguez avanza con la investigaci\u00f3n penal por el financiamiento ilegal del Partido Comunista (PCU) y del Sunca dirigido desde siempre por ese Partido.<\/p>\n<p>Rodr\u00edguez investiga el <strong>desv\u00edo<\/strong>\u00a0de 1.200 millones de d\u00f3lares que fue perpetrado por dirigentes del PCU que actuaban en el Sunca.<\/p>\n<p>Estos sindicalistas <strong>usaron<\/strong> el dinero del Fondo de la Construcci\u00f3n, que se financia con aportes obreros, para financiar <strong>ilegalmente<\/strong> al PCU, particularmente a las <strong>campa\u00f1as<\/strong> electorales como las elecciones internas y nacionales de 2024, y las elecciones departamentales de mayo de 2025.<\/p>\n<p>Los sindicalistas ya <strong>condenados<\/strong> penalmente indicaron que el PCU extrajo dinero del Fondo de la Construcci\u00f3n para financiar la campa\u00f1a electoral por el &#8220;S\u00ed&#8221; a la seguridad social, plebiscito promovido\u00a0por el PIT-CNT\u00a0y tambi\u00e9n por el PCU.\u00a0<\/p>\n<h2>La mano derecha\u00a0<\/h2>\n<p>Seg\u00fan noticia B\u00fasqueda este jueves 19, quien ejecut\u00f3 estas transferencias fue <strong>Stella<\/strong>\u00a0<strong>Rey<\/strong>, funcionaria del Fondo desde 2005, que ten\u00eda un cargo de jefe de departamento y autorizaci\u00f3n de uso de las cuentas <strong>bancarias<\/strong> para el pago de remuneraciones.<\/p>\n<p>Rey era la <strong>mano<\/strong>\u00a0<strong>derecha<\/strong> de \u00d3scar Andrade en el Sunca y una funcionaria de su particular confianza.\u00a0<\/p>\n<p>Adem\u00e1s era <strong>militante<\/strong> de PCU aunque no ten\u00eda tareas de demasiada responsabilidad<\/p>\n<p>Entre las cuentas a las que se transfiri\u00f3 dinero <strong>irregular<\/strong> est\u00e1n las de varios ex sindicalistas del Sunca o a allegados a ellos.\u00a0<\/p>\n<p>El sindicato <strong>expuls\u00f3<\/strong> desde diciembre pasado a nueve integrantes por su participaci\u00f3n en las irregularidades.<\/p>\n<p>Rey fue <strong>despedida<\/strong> del Fosvoc en enero, y en febrero debi\u00f3 declarar en fiscal\u00eda.\u00a0<\/p>\n<p>En las explicaciones que dio reconoci\u00f3 su participaci\u00f3n en transferencias no autorizadas, y apunt\u00f3 al sindicalista Bruno Bertolio.<\/p>\n<div class=\"inter_image image_horizontal\">\n<picture><source class=\"img-responsive\" type=\"image\/webp\" data-srcset=\"https:\/\/filesedc.com\/uploads\/image\/post\/2025\/06\/images-2-1750356161024_300_200.webp 300w, https:\/\/filesedc.com\/uploads\/image\/post\/2025\/06\/images-2-1750356161024_630_420.webp 630w, https:\/\/filesedc.com\/uploads\/image\/post\/2025\/06\/images-2-1750356161024_760_507.webp 760w, https:\/\/filesedc.com\/uploads\/image\/post\/2025\/06\/images-2-1750356161024_1200_800.webp 1200w, https:\/\/filesedc.com\/uploads\/image\/post\/2025\/06\/images-2-1750356161024_1600_1067.webp 1600w, \"><img decoding=\"async\" src=\"https:\/\/derechadiario.com.ar\/filesedc\/uploads\/image\/post\/2025\/06\/images-2-1750356161024_1200_800.webp\" class=\"img-responsive lazyload\" alt=\"Persona sosteniendo una bandera roja del sindicato SUNCA de Uruguay con letras y un logo en amarillo\" title=\"Persona sosteniendo una bandera roja del sindicato SUNCA de Uruguay con letras y un logo en amarillo\"><\/picture>\n<div>\n<span class=\"img_footer\">Bandera del Sunca  <\/span>| <span class=\"img_author\">La Derecha Diario<\/span>\n<\/div>\n<\/div>\n<p>Dijo que actuaba por <strong>orden<\/strong> o pedido de \u00e9l, y que por encima de Bertolio estaban Oscar <strong>Andrade<\/strong> y Daniel <strong>Diverio<\/strong>.<\/p>\n<p>Como se sabe, Andrade actualmente es senador del PCU y Diverio es diputado tambi\u00e9n comunista.<\/p>\n<p>Este mi\u00e9rcoles 18 de junio Rey volvi\u00f3 a declarar en fiscal\u00eda. El equipo del fiscal Rodr\u00edguez tiene previsto pedir su <strong>imputaci\u00f3n<\/strong> en pocos d\u00edas.<\/p>\n<p>Para eso se convocar\u00e1 una audiencia de <strong>formalizaci\u00f3n<\/strong>.<\/p>\n<h2>Explicaciones de Andrade<\/h2>\n<p>El mi\u00e9rcoles 18 estuvo en el programa Lado B de Tv Ciudad, el canal que se financia con los <strong>impuestos<\/strong> de todos los montevideanos.\u00a0<\/p>\n<p>Le dieron 40 minutos en horario central para que hablara libremente de la <strong>corrupci\u00f3n<\/strong> que acorrala a su Partido y al Sunca.<\/p>\n<figure><img decoding=\"async\" src=\"https:\/\/derechadiario.com.ar\/filesedc\/uploads\/image\/post\/2025\/06\/fiscal-gilberto-rodriguez-filtracion-parlamentojpg_1200_800.webp\" class=\"img-responsive lazyload\" alt=\"Hombre calvo con gafas oscuras y traje formal frente a un edificio de vidrio y metal\" title=\"Hombre calvo con gafas oscuras y traje formal frente a un edificio de vidrio y metal\"><\/figure>\n<p>Sus argumentos hicieron agua por todos lados. Se <strong>contradijo<\/strong> en varias oportunidades, se lo ve\u00eda nervioso y desencajado, y como siempre recurri\u00f3 a un discurso <strong>victimista<\/strong> lanzando cifras de supuestos logros del Fondo de la Construcci\u00f3n.<\/p>\n<p>Sus explicaciones sobre la <strong>corrupci\u00f3n<\/strong> de su Partido y del Sunca hicieron agua por todos lados y no convencieron a nadie.<\/p>\n<h2>Juan Castillo apret\u00f3 al fiscal<\/h2>\n<p>El mi\u00e9rcoles 18 el secretario general del PCU y ministro de Trabajo aprovech\u00f3 una rueda de prensa para lanzar un mensaje <strong>contra<\/strong> el fiscal Gilberto Rodr\u00edguez.<\/p>\n<p>Castillo le se\u00f1al\u00f3 que deber\u00eda ser m\u00e1s &#8220;<strong>prudente<\/strong>&#8221; en sus declaraciones p\u00fablicas.<\/p>\n<p>Algo totalmente fuera de lugar y que perfectamente puede interpretarse como un <strong>apriete<\/strong>.\u00a0<\/p>\n<p>Est\u00e1 utilizando su cargo de ministro de Estado para que el <strong>fiscal<\/strong> que est\u00e1 investigando a su Partido no realice manifestaciones p\u00fablicas.<\/p>\n<figure><img decoding=\"async\" src=\"https:\/\/derechadiario.com.ar\/filesedc\/uploads\/image\/post\/2025\/06\/screenshot-20250616-025447_1200_800.webp\" class=\"img-responsive lazyload\" alt=\"Hombre mayor de cabello canoso y gafas oscuras con expresi\u00f3n seria en un entorno interior\" title=\"Hombre mayor de cabello canoso y gafas oscuras con expresi\u00f3n seria en un entorno interior\"><\/figure>\n<p>Una vez m\u00e1s muestra su talante <strong>antidemocr\u00e1tico<\/strong> y utiliza su cargo de ministro del Poder Ejecutivo para <strong>presionar<\/strong> a un fiscal.<\/p>\n<p>Aunque a Castillo no le guste, Uruguay todav\u00eda es una democracia.<\/p>\n<p>No es una <strong>republiqueta<\/strong> bananera chavista donde un ministro puede presionar a un fiscal que est\u00e1 investigando por <strong>corrupci\u00f3n<\/strong> a su Partido.\u00a0<\/p>\n<p>En Uruguay a\u00fan hay fiscales honestos que quieren hacer su trabajo y cumplir con la ley.<\/p>\n","protected":false},"excerpt":{"rendered":"<p>El fiscal Gilberto Rodr\u00edguez avanza con la investigaci\u00f3n penal por el financiamiento ilegal del Partido Comunista (PCU) y del Sunca dirigido desde siempre por ese Partido. Rodr\u00edguez investiga el desv\u00edo\u00a0de 1.200 millones de d\u00f3lares que fue perpetrado por dirigentes del PCU que actuaban en el Sunca. Estos sindicalistas usaron el dinero del Fondo de la [&hellip;]<\/p>\n","protected":false},"author":2,"featured_media":8325,"comment_status":"open","ping_status":"open","sticky":false,"template":"","format":"standard","meta":{"_et_pb_use_builder":"","_et_pb_old_content":"","_et_gb_content_width":"","footnotes":""},"categories":[84],"tags":[],"class_list":["post-8324","post","type-post","status-publish","format-standard","has-post-thumbnail","hentry","category-ultimomomento"],"_links":{"self":[{"href":"https:\/\/verdadincomodadiario.ar\/index.php?rest_route=\/wp\/v2\/posts\/8324","targetHints":{"allow":["GET"]}}],"collection":[{"href":"https:\/\/verdadincomodadiario.ar\/index.php?rest_route=\/wp\/v2\/posts"}],"about":[{"href":"https:\/\/verdadincomodadiario.ar\/index.php?rest_route=\/wp\/v2\/types\/post"}],"author":[{"embeddable":true,"href":"https:\/\/verdadincomodadiario.ar\/index.php?rest_route=\/wp\/v2\/users\/2"}],"replies":[{"embeddable":true,"href":"https:\/\/verdadincomodadiario.ar\/index.php?rest_route=%2Fwp%2Fv2%2Fcomments&post=8324"}],"version-history":[{"count":0,"href":"https:\/\/verdadincomodadiario.ar\/index.php?rest_route=\/wp\/v2\/posts\/8324\/revisions"}],"wp:featuredmedia":[{"embeddable":true,"href":"https:\/\/verdadincomodadiario.ar\/index.php?rest_route=\/wp\/v2\/media\/8325"}],"wp:attachment":[{"href":"https:\/\/verdadincomodadiario.ar\/index.php?rest_route=%2Fwp%2Fv2%2Fmedia&parent=8324"}],"wp:term":[{"taxonomy":"category","embeddable":true,"href":"https:\/\/verdadincomodadiario.ar\/index.php?rest_route=%2Fwp%2Fv2%2Fcategories&post=8324"},{"taxonomy":"post_tag","embeddable":true,"href":"https:\/\/verdadincomodadiario.ar\/index.php?rest_route=%2Fwp%2Fv2%2Ftags&post=8324"}],"curies":[{"name":"wp","href":"https:\/\/api.w.org\/{rel}","templated":true}]}}