{"id":8266,"date":"2025-06-19T10:13:31","date_gmt":"2025-06-19T10:13:31","guid":{"rendered":"https:\/\/verdadincomodadiario.ar\/?p=8266"},"modified":"2025-06-19T10:13:31","modified_gmt":"2025-06-19T10:13:31","slug":"el-progresismo-del-pan-una-derecha-traicionada-y-el-nacimiento-de-la-esperanza","status":"publish","type":"post","link":"https:\/\/verdadincomodadiario.ar\/?p=8266","title":{"rendered":"El progresismo del PAN, una derecha traicionada y el nacimiento de la esperanza."},"content":{"rendered":"<p>Si le preguntaran a usted: <strong>\u00bfha gobernado la derecha en M\u00e9xico?<\/strong>, \u00bfqu\u00e9 responder\u00eda? \u00bfQue s\u00ed? \u00bfQue no?<\/p>\n<p>Yo nunca me lo hab\u00eda planteado hasta hace poco, cuando escuch\u00e9 un discurso del escurridizo <strong>AMLO<\/strong>, en el que afirmaba que <strong>la derecha<\/strong> es la causante de \u00a0<strong>todos los problemas del pa\u00eds<\/strong>. Obviamente, fue el t\u00edpico ataque desde la <strong>izquierda<\/strong>\u00a0 que no pas\u00f3 de ser una <strong>acusaci\u00f3n vac\u00eda<\/strong>, pero me dej\u00f3 pensando seriamente en esa pregunta. <strong>\u00bfDe verdad ha gobernado la derecha en M\u00e9xico?<\/strong> Vamos a analizarlo.<\/p>\n<div class=\"inter_image image_horizontal\">\n<picture><source class=\"img-responsive\" type=\"image\/webp\" data-srcset=\"\/filesedc\/uploads\/image\/post\/ziii_300_200.webp 300w, \n\/filesedc\/uploads\/image\/post\/ziii_630_420.webp 630w,\n                                \/filesedc\/uploads\/image\/post\/ziii_760_507.webp 760w,\n                                \/filesedc\/uploads\/image\/post\/ziii_1200_800.webp 1200w,\n                                \/filesedc\/uploads\/image\/post\/ziii_1600_1067.webp 1600w\"><img decoding=\"async\" src=\"https:\/\/derechadiario.com.ar\/filesedc\/uploads\/image\/post\/ziii_1200_800.webp\" class=\"img-responsive lazyload\" alt=\"Dos hombres vestidos de traje posan para una selfie, uno de ellos sonr\u00ede mientras el otro hace un gesto con los pulgares hacia arriba, ambos est\u00e1n frente a una pared de madera pulida.\" title=\"Dos hombres vestidos de traje posan para una selfie, uno de ellos sonr\u00ede mientras el otro hace un gesto con los pulgares hacia arriba, ambos est\u00e1n frente a una pared de madera pulida.\"><\/picture>\n<div>\n<span class=\"img_footer\">Javier Milei y Ricardo Salinas, referentes de la derecha libertaria <\/span>| <span class=\"img_author\">La Derecha Diario<\/span>\n<\/div>\n<\/div>\n<p>Primero, expondr\u00e9 una <strong>dura pero necesaria cr\u00edtica<\/strong> hacia la actual &#8220;derecha&#8221; mexicana. Luego, ofrecer\u00e9 un poco de \u00a0<strong>contexto hist\u00f3rico<\/strong>, y finalmente presentar\u00e9 lo que considero l<strong>a esperanza para una nueva derecha en M\u00e9xico.<\/strong><\/p>\n<p><em>Empecemos por el prinicipio.<\/em><\/p>\n<p>Tenemos que hablar del <strong>PAN<\/strong>.\u00a0El <strong>Partido Acci\u00f3n Nacional,<\/strong>\u00a0 suele presentarse como <strong>guardi\u00e1n de los valores conservadores en M\u00e9xico<\/strong>.\u00a0Sin embargo, en tiempos recientes sus miembros y directivos han realizado acciones o emitido declaraciones un tanto&#8230;.zurdas. Sus acciones han generado mucha confusi\u00f3n, <strong>para no decir traici\u00f3n<\/strong>, al electorado de <strong>derecha<\/strong>.<\/p>\n<p>Nombrar\u00e9 algunos casos espec\u00edficos para entender mejor.<\/p>\n<p>Por ejemplo <strong>Jorge Romero<\/strong>, dirigente nacional del <strong>PAN<\/strong>. Yo no hab\u00eda escuchado antes de \u00e9l. Solamente sab\u00eda que es del <strong>PAN<\/strong>,\u00a0pero en algunas de sus declaraciones\u00a0en lugar de cuestionar a <strong>Morena<\/strong>, \u00a0<strong>parece que lo defiende<\/strong>. En una entrevista repeti\u00f3\u00a0la narrativa oficialista sobre <strong>Claudia Sheinbaum<\/strong> y los migrantes en <strong>EE.\u202fUU<\/strong>, adoptando la narrativa del gobierno en lugar de confrontarlo. Una actitud propia del progresismo, <strong>no de la derecha.<\/strong>\u00a0 <\/p>\n<figure><img decoding=\"async\" src=\"https:\/\/derechadiario.com.ar\/filesedc\/uploads\/image\/post\/zio_1200_800.webp\" class=\"img-responsive lazyload\" alt=\"Hombre de perfil con gafas y saco azul en un ambiente interior con fondo desenfocado\" title=\"Hombre de perfil con gafas y saco azul en un ambiente interior con fondo desenfocado\"><\/figure>\n<p>Otro ejemplo es <strong>Ricardo Anaya<\/strong> y su extra\u00f1a cruzada contra <strong>Trump<\/strong>&#8230;<\/p>\n<p><strong>Ricardo Anaya<\/strong>, excandidato presidencial y ahora Senador por el <strong>PAN<\/strong>, ha arremetido con fuerza contra <strong>Trump<\/strong>. Dijo que \u201cla amenaza es real\u201d y acus\u00f3 al presidente estadounidense de &#8220;atacar&#8221; a los migrantes mexicanos.\u00a0<\/p>\n<p>Su discurso <strong>contrasta totalmente con la l\u00ednea de la derecha<\/strong>\u00a0 y la hace parecer m\u00e1s como <strong>una postura tibia\u00a0centrista o progresista.<\/strong><\/p>\n<p>En muchas ocasiones la frase &#8220;<em>el enemigo de mi enemigo es mi amigo<\/em>&#8221; es utilizada para <strong>justificar alianzas y vencer a un enemigo en com\u00fan,<\/strong>\u00a0 pero\u00a0parece en ocasiones\u00a0que a <strong>Anaya<\/strong>\u00a0 le preocupa m\u00e1s el presidente estadounidense, <strong>que los socialistas bananeros de Morena.<\/strong><\/p>\n<p>incluso <strong>X\u00f3chitl Galv\u00e9z<\/strong>, excandidata del <strong>PAN<\/strong>\u00a0 a la presidencia,\u00a0se declar\u00f3 a s\u00ed misma de <strong>centro-izquierda.<\/strong><\/p>\n<p>Con ese contexto est\u00e1 claro que la &#8220;derecha&#8221; mexicana m\u00e1s bien le tira al centro o centro-izquierda. B\u00e1sicamente no tenemos un partido de derecha en M\u00e9xico actualmente y eso nos hace volver\u00a0a la pregunta inicial:\u00a0<strong>\u00bfHa gobernado\u00a0la derecha en M\u00e9xico?<\/strong><\/p>\n<p>Hist\u00f3ricamente, la experiencia panista <strong>no logr\u00f3 edificar una derecha s\u00f3lida ni coherente<\/strong>. El <strong>PRI<\/strong>, a pesar de ser llamado \u201ccentro\u201d o \u201ccentroizquierda\u201d, <strong>encarna clientelismo m\u00e1s bien de\u00a0izquierdas.<\/strong>\u00a0 <\/p>\n<p>Durante los 70 a\u00f1os que gobern\u00f3 el <strong>PRI<\/strong>\u00a0 se vieron con m\u00e1s frecuencia <strong>las pr\u00e1cticas de pol\u00edticas de izquierda<\/strong>: como nacionalizaciones de empresas, apoyos sociales clientelares, presencia del Estado en \u00e1reas clave de la econom\u00eda, es decir, en <strong>M\u00e9xico solamente ha gobernado el centro, la centro-izquierda y la izquierda socialista<\/strong>.<\/p>\n<figure><img decoding=\"async\" src=\"https:\/\/derechadiario.com.ar\/filesedc\/uploads\/image\/post\/zio2_1200_800.webp\" class=\"img-responsive lazyload\" alt=\"Hombre de traje y gafas hablando frente a varios micr\u00f3fonos en un podio\" title=\"Hombre de traje y gafas hablando frente a varios micr\u00f3fonos en un podio\"><\/figure>\n<p>Y no digan que &#8220;<em>D\u00edaz Ordaz despreciaba a los comunistas, era de derecha<\/em>&#8220;, porque no lo era realmente. Aunque\u00a0s\u00ed, \u00e9l odiaba a los comunistas, <strong>eso no lo hacia de derecha capitalista<\/strong>.\u00a0Aquel famoso \u00a0<strong>pintor austr\u00edaco<\/strong> los despreciaba tambi\u00e9n <strong>y no era de derecha.<\/strong><\/p>\n<p>Como podemos ver, en <strong>M\u00e9xico<\/strong>\u00a0 no ha gobernado realmente aquella <strong>derecha capitalista y<\/strong> quiz\u00e1 eso es lo que ha faltado para que el pa\u00eds pueda salir adelante..<\/p>\n<p>Quiz\u00e1 entonces, <strong>estemos ante una nueva oportunidad.<\/strong>\u00a0 Ese vac\u00edo pol\u00edtico\u00a0tiene que empezar a ser llenado por un verdadero partido con valores de derecha<strong>, porque encontrar\u00e1 apoyo.<\/strong>\u00a0 <\/p>\n<p>Nuevos \u00a0<strong>partidos pol\u00edticos<\/strong> que surgen en medio del caos, reclaman el lugar que le pretenece a la <strong>derecha mexicana:<\/strong>\u00a0El\u00a0<strong>Movimiento Viva M\u00e9xico<\/strong> y <strong>M\u00e9xico Republicano.<\/strong><\/p>\n<p>Ambos defienden en mayor o menos medida, \u00a0<strong>las ideas de la libertad<\/strong>. Ambos partidos creen en la meritocracia y en las virtudes individuales, en el Estado de derecho y valores tradicionales. Adem\u00e1s,\u00a0sus candidaturas empiezan a ganar terreno entre aquellos que <strong>ya no se sienten representados por el PAN ni por Morena<\/strong>, ni por ning\u00fan otro tibio o zurdo radical.<\/p>\n<p>Es el momento para construir una <strong>derecha aut\u00e9ntica<\/strong><\/p>\n<figure><img decoding=\"async\" src=\"https:\/\/derechadiario.com.ar\/filesedc\/uploads\/image\/post\/zio1_1200_800.webp\" class=\"img-responsive lazyload\" alt=\"Hombre de cabello oscuro y barba sostiene un documento y hace la se\u00f1al de la paz con los dedos, junto a un logotipo de un \u00e1guila estilizada y un coraz\u00f3n verde con el texto movimiento Viva M\u00e9xico.\" title=\"Hombre de cabello oscuro y barba sostiene un documento y hace la se\u00f1al de la paz con los dedos, junto a un logotipo de un \u00e1guila estilizada y un coraz\u00f3n verde con el texto movimiento Viva M\u00e9xico.\"><\/figure>\n<p><strong>Morena y la izquierda progresista avanzan sin contrapeso real y el PAN<\/strong>, en su tibieza, les ha allanado el camino. Tenemos que reorganizarnos. <strong>Es hora de que los panistas cr\u00edticos reconozcan que no est\u00e1n solos.<\/strong>\u00a0 El <strong>Movimiento Viva M\u00e9xico<\/strong> y <strong>M\u00e9xico Republicano<\/strong>\u00a0 ofrecen una opci\u00f3n clara y firme para la verdadera derecha mexicana, que debe congregarse.<\/p>\n<p>No se trata solo de valores, \u00a0<strong>sino de construir instituciones fuertes<\/strong>. La derecha mexicana necesita una renovaci\u00f3n profunda, con visi\u00f3n, \u00e9tica y determinaci\u00f3n para enfrentar a <strong>Morena<\/strong>.<\/p>\n<p>El\u00a0<strong>PAN<\/strong>\u00a0 actual me deja sentimientos encontrados. Sus acciones han sido tibias y su rumbo, confuso. <strong>Pero\u00a0a\u00fan hay esperanza si se suman fuerzas con instituciones de derecha aut\u00e9ntica.<\/strong><\/p>\n<p>Es momento de reconstruir un bloque conservador coherente. Unamos nuestra voz, nuestro voto y nuestra visi\u00f3n. <strong>Porque M\u00e9xico merece una derecha firme, consciente y con futuro.<\/strong><\/p>\n","protected":false},"excerpt":{"rendered":"<p>Si le preguntaran a usted: \u00bfha gobernado la derecha en M\u00e9xico?, \u00bfqu\u00e9 responder\u00eda? \u00bfQue s\u00ed? \u00bfQue no? Yo nunca me lo hab\u00eda planteado hasta hace poco, cuando escuch\u00e9 un discurso del escurridizo AMLO, en el que afirmaba que la derecha es la causante de \u00a0todos los problemas del pa\u00eds. Obviamente, fue el t\u00edpico ataque desde [&hellip;]<\/p>\n","protected":false},"author":2,"featured_media":8267,"comment_status":"open","ping_status":"open","sticky":false,"template":"","format":"standard","meta":{"_et_pb_use_builder":"","_et_pb_old_content":"","_et_gb_content_width":"","footnotes":""},"categories":[84],"tags":[],"class_list":["post-8266","post","type-post","status-publish","format-standard","has-post-thumbnail","hentry","category-ultimomomento"],"_links":{"self":[{"href":"https:\/\/verdadincomodadiario.ar\/index.php?rest_route=\/wp\/v2\/posts\/8266","targetHints":{"allow":["GET"]}}],"collection":[{"href":"https:\/\/verdadincomodadiario.ar\/index.php?rest_route=\/wp\/v2\/posts"}],"about":[{"href":"https:\/\/verdadincomodadiario.ar\/index.php?rest_route=\/wp\/v2\/types\/post"}],"author":[{"embeddable":true,"href":"https:\/\/verdadincomodadiario.ar\/index.php?rest_route=\/wp\/v2\/users\/2"}],"replies":[{"embeddable":true,"href":"https:\/\/verdadincomodadiario.ar\/index.php?rest_route=%2Fwp%2Fv2%2Fcomments&post=8266"}],"version-history":[{"count":0,"href":"https:\/\/verdadincomodadiario.ar\/index.php?rest_route=\/wp\/v2\/posts\/8266\/revisions"}],"wp:featuredmedia":[{"embeddable":true,"href":"https:\/\/verdadincomodadiario.ar\/index.php?rest_route=\/wp\/v2\/media\/8267"}],"wp:attachment":[{"href":"https:\/\/verdadincomodadiario.ar\/index.php?rest_route=%2Fwp%2Fv2%2Fmedia&parent=8266"}],"wp:term":[{"taxonomy":"category","embeddable":true,"href":"https:\/\/verdadincomodadiario.ar\/index.php?rest_route=%2Fwp%2Fv2%2Fcategories&post=8266"},{"taxonomy":"post_tag","embeddable":true,"href":"https:\/\/verdadincomodadiario.ar\/index.php?rest_route=%2Fwp%2Fv2%2Ftags&post=8266"}],"curies":[{"name":"wp","href":"https:\/\/api.w.org\/{rel}","templated":true}]}}