{"id":8258,"date":"2025-06-19T10:13:35","date_gmt":"2025-06-19T10:13:35","guid":{"rendered":"https:\/\/verdadincomodadiario.ar\/?p=8258"},"modified":"2025-06-19T10:13:35","modified_gmt":"2025-06-19T10:13:35","slug":"llovieron-insultos-a-politicos-poblanos-en-redes-sociales-por-promover-la-ley-censura","status":"publish","type":"post","link":"https:\/\/verdadincomodadiario.ar\/?p=8258","title":{"rendered":"Llovieron insultos a pol\u00edticos poblanos en redes sociales por promover la Ley Censura"},"content":{"rendered":"<p>En medio de un creciente <strong>descontento popular<\/strong>, el <strong>Congreso de Puebla<\/strong>, controlado por <a href=\"https:\/\/derechadiario.com.ar\/mexico\/politica\/alcaldesa-morenista-abuso-psicologa\" title=\"Alcaldesa de Morena es acusada de brutal agresi\u00f3n a empleada del DIF en Capulhuac\"><strong>Morena<\/strong><\/a>, aprob\u00f3 una pol\u00e9mica reforma conocida como la <a href=\"https:\/\/derechadiario.com.ar\/mexico\/politica\/morena-busca-regular-contenido-hecho-con-inteligencia-artificial\" title=\"Morena busca controlar la inteligencia artificial para censurar disidencias\"><strong>&#8220;Ley Censura&#8221;<\/strong><\/a>, impulsada por el gobernador morenista <strong>Alejandro Armenta<\/strong>.<\/p>\n<p>Con el pretexto de combatir el <strong>&#8220;ciberacoso&#8221;<\/strong>, esta ley pretende <strong>sancionar comentarios considerados ofensivos<\/strong> en redes sociales, protegiendo a funcionarios de <strong>cr\u00edticas ciudadanas<\/strong> inc\u00f3modas.<\/p>\n<p>La iniciativa ha sido <strong>duramente cuestionada<\/strong> por juristas, activistas y miles de usuarios. La ven como <strong>un intento burdo por acallar la <a href=\"https:\/\/derechadiario.com.ar\/mexico\/politica\/morena-busca-regular-contenido-hecho-con-inteligencia-artificial\" title=\"Morena busca controlar la inteligencia artificial para censurar disidencias\">libertad de expresi\u00f3n<\/a><\/strong> y <strong>blindar a los pol\u00edticos<\/strong> del creciente rechazo social.<\/p>\n<div class=\"inter_image image_horizontal\">\n<picture><source class=\"img-responsive\" type=\"image\/webp\" data-srcset=\"\/filesedc\/uploads\/image\/post\/armi1_300_200.webp 300w, \n\/filesedc\/uploads\/image\/post\/armi1_630_420.webp 630w,\n                                \/filesedc\/uploads\/image\/post\/armi1_760_507.webp 760w,\n                                \/filesedc\/uploads\/image\/post\/armi1_1200_800.webp 1200w,\n                                \/filesedc\/uploads\/image\/post\/armi1_1600_1067.webp 1600w\"><img decoding=\"async\" src=\"https:\/\/derechadiario.com.ar\/filesedc\/uploads\/image\/post\/armi1_1200_800.webp\" class=\"img-responsive lazyload\" alt=\"Hombre de cabello corto con traje gris y corbata roja de pie en un entorno formal con otra persona al fondo usando cubrebocas\" title=\"Hombre de cabello corto con traje gris y corbata roja de pie en un entorno formal con otra persona al fondo usando cubrebocas\"><\/picture>\n<div>\n<span class=\"img_footer\">El morenista Alejandro Armenta promovi\u00f3 la Ley Censura <\/span>| <span class=\"img_author\">La Derecha Diario<\/span>\n<\/div>\n<\/div>\n<p>En la red <strong>social X<\/strong> (antes Twitter), la respuesta fue inmediata. Decenas de cuentas de diputados morenistas <strong>fueron inundadas de insultos, burlas y reclamos<\/strong> por parte de ciudadanos que consideran la ley <strong>un atentado contra la democracia<\/strong>. El intento de <strong>censurar<\/strong> solo logr\u00f3 <strong>amplificar las cr\u00edticas<\/strong>.<\/p>\n<p>La entrada en vigor de la ley gener\u00f3 <strong>una ola de indignaci\u00f3n nacional<\/strong> que evidenci\u00f3 el <strong>hartazgo creciente de los mexicanos frente al gobierno<\/strong>.<\/p>\n<h2><strong>Una ley disfrazada de protecci\u00f3n<\/strong><\/h2>\n<p>La reforma contempla <strong>castigos<\/strong> a quienes emitan <strong>&#8220;comentarios violentos&#8221;<\/strong> o expresiones que afecten la <strong>&#8220;integridad emocional&#8221;<\/strong> de los <a href=\"https:\/\/derechadiario.com.ar\/mexico\/politica\/diputados-se-aumentaron-sueldo-y-ganaran-mas-que-sheinbaum\" title=\"Diputados se aumentaron el sueldo: ganar\u00e1n m\u00e1s que la presidente Sheinbaum\"><strong>funcionarios p\u00fablicos<\/strong><\/a> en plataformas digitales. Aunque se dice que busca prevenir el <strong>acoso digital<\/strong>, su <strong>ambig\u00fcedad legal<\/strong> abre la puerta a perseguir cualquier <strong>cr\u00edtica pol\u00edtica<\/strong>.<\/p>\n<p><strong>Organizaciones defensoras de derechos humanos<\/strong> advierten que esta ley <strong>no protege a los ciudadanos<\/strong>, sino exclusivamente a quienes <strong>detentan el poder<\/strong>.<\/p>\n<p>Es <strong>una legislaci\u00f3n punitiva<\/strong> que <strong>vulnera el derecho a la cr\u00edtica<\/strong>, criminaliza la <a href=\"https:\/\/derechadiario.com.ar\/mexico\/politica\/irregularidades-las-encuestas-morena\" title=\"Solo encuestaron a 900 personas a nivel nacional; irregularidades en las encuestas\"><strong>inconformidad popular<\/strong><\/a> y sienta un peligroso precedente contra las <strong>libertades civiles<\/strong> en <strong>M\u00e9xico<\/strong>.<\/p>\n<figure><img decoding=\"async\" src=\"https:\/\/derechadiario.com.ar\/filesedc\/uploads\/image\/post\/armi2_1200_800.webp\" class=\"img-responsive lazyload\" alt=\"Tel\u00e9fono m\u00f3vil con el logo de X en la pantalla sobre un teclado de computadora iluminado en azul\" title=\"Tel\u00e9fono m\u00f3vil con el logo de X en la pantalla sobre un teclado de computadora iluminado en azul\"><\/figure>\n<h2><strong>Ciudadan\u00eda responde con iron\u00eda e indignaci\u00f3n<\/strong><\/h2>\n<p>Lejos de <strong>inhibir las cr\u00edticas<\/strong>, la llamada <strong>&#8220;Ley Censura&#8221;<\/strong> provoc\u00f3 <strong>un efecto contrario<\/strong>. Miles de usuarios llenaron las <strong>cuentas de diputados morenistas<\/strong> con sarcasmo, memes y <strong>expresiones de rechazo<\/strong>.<\/p>\n<p>El t\u00e9rmino <em>&#8220;mentadas de madre&#8221;<\/em> refleja el <strong>rechazo generalizado<\/strong> hacia quienes han <strong>incumplido sus promesas<\/strong>, encubierto <a href=\"https:\/\/derechadiario.com.ar\/mexico\/politica\/irregularidades-las-encuestas-morena\" title=\"Solo encuestaron a 900 personas a nivel nacional; irregularidades en las encuestas\"><strong>actos de corrupci\u00f3n<\/strong><\/a> y promovido leyes autoritarias.<\/p>\n<p>El gobierno de <strong>Alejandro Armenta<\/strong> es criticado por <strong>intentar silenciar a la ciudadan\u00eda<\/strong> en lugar de resolver sus <strong>reclamos leg\u00edtimos<\/strong>. Mientras la confianza en <strong>Morena<\/strong> se debilita, medidas como esta solo <strong>profundizan el abismo entre ciudadanos y gobernantes<\/strong>.<\/p>\n<p>Esta <strong>censura disfrazada de ley<\/strong> muestra el verdadero rostro de un r\u00e9gimen que <strong>no tolera la cr\u00edtica<\/strong> y que, en lugar de escuchar, <strong>pretende callar por decreto<\/strong>.<\/p>\n","protected":false},"excerpt":{"rendered":"<p>En medio de un creciente descontento popular, el Congreso de Puebla, controlado por Morena, aprob\u00f3 una pol\u00e9mica reforma conocida como la &#8220;Ley Censura&#8221;, impulsada por el gobernador morenista Alejandro Armenta. Con el pretexto de combatir el &#8220;ciberacoso&#8221;, esta ley pretende sancionar comentarios considerados ofensivos en redes sociales, protegiendo a funcionarios de cr\u00edticas ciudadanas inc\u00f3modas. La [&hellip;]<\/p>\n","protected":false},"author":2,"featured_media":8259,"comment_status":"open","ping_status":"open","sticky":false,"template":"","format":"standard","meta":{"_et_pb_use_builder":"","_et_pb_old_content":"","_et_gb_content_width":"","footnotes":""},"categories":[84],"tags":[],"class_list":["post-8258","post","type-post","status-publish","format-standard","has-post-thumbnail","hentry","category-ultimomomento"],"_links":{"self":[{"href":"https:\/\/verdadincomodadiario.ar\/index.php?rest_route=\/wp\/v2\/posts\/8258","targetHints":{"allow":["GET"]}}],"collection":[{"href":"https:\/\/verdadincomodadiario.ar\/index.php?rest_route=\/wp\/v2\/posts"}],"about":[{"href":"https:\/\/verdadincomodadiario.ar\/index.php?rest_route=\/wp\/v2\/types\/post"}],"author":[{"embeddable":true,"href":"https:\/\/verdadincomodadiario.ar\/index.php?rest_route=\/wp\/v2\/users\/2"}],"replies":[{"embeddable":true,"href":"https:\/\/verdadincomodadiario.ar\/index.php?rest_route=%2Fwp%2Fv2%2Fcomments&post=8258"}],"version-history":[{"count":0,"href":"https:\/\/verdadincomodadiario.ar\/index.php?rest_route=\/wp\/v2\/posts\/8258\/revisions"}],"wp:featuredmedia":[{"embeddable":true,"href":"https:\/\/verdadincomodadiario.ar\/index.php?rest_route=\/wp\/v2\/media\/8259"}],"wp:attachment":[{"href":"https:\/\/verdadincomodadiario.ar\/index.php?rest_route=%2Fwp%2Fv2%2Fmedia&parent=8258"}],"wp:term":[{"taxonomy":"category","embeddable":true,"href":"https:\/\/verdadincomodadiario.ar\/index.php?rest_route=%2Fwp%2Fv2%2Fcategories&post=8258"},{"taxonomy":"post_tag","embeddable":true,"href":"https:\/\/verdadincomodadiario.ar\/index.php?rest_route=%2Fwp%2Fv2%2Ftags&post=8258"}],"curies":[{"name":"wp","href":"https:\/\/api.w.org\/{rel}","templated":true}]}}