{"id":8256,"date":"2025-06-19T10:13:36","date_gmt":"2025-06-19T10:13:36","guid":{"rendered":"https:\/\/verdadincomodadiario.ar\/?p=8256"},"modified":"2025-06-19T10:13:36","modified_gmt":"2025-06-19T10:13:36","slug":"anses-19-de-junio-jubilaciones-auh-y-otras-prestaciones-que-se-pagan-hoy","status":"publish","type":"post","link":"https:\/\/verdadincomodadiario.ar\/?p=8256","title":{"rendered":"ANSES 19 de junio: jubilaciones, AUH y otras prestaciones que se pagan hoy"},"content":{"rendered":"<p>La \u00a0<strong><a href=\"https:\/\/derechadiario.com.ar\/economia\/pensiones-no-contributivas-anses-cuanto-se-cobra-julio-2025\" title=\"Pensiones no contributivas ANSES: cu\u00e1nto se cobra en julio de 2025\">ANSES<\/a><\/strong> public\u00f3 el <a href=\"https:\/\/derechadiario.com.ar\/economia\/anses-junio-2025-fechas-cobro-aumentos-aguinaldo-y-bono-70000\" title=\"ANSES junio 2025: fechas de cobro, aumentos, aguinaldo y bono de $70.000\"><strong>cronograma de pagos<\/strong><\/a> correspondiente al <strong>jueves 19 de junio de 2025<\/strong>. El organismo inform\u00f3 qu\u00e9 grupos acceden hoy a sus prestaciones seg\u00fan la terminaci\u00f3n del DNI.<\/p>\n<p>Se abonan <strong>jubilaciones<\/strong>, <strong>pensiones<\/strong>, <strong>asignaciones familiares<\/strong> y <strong>ayudas econ\u00f3micas<\/strong> como la AUH, la Tarjeta Alimentar y la Asignaci\u00f3n por Embarazo.<\/p>\n<div class=\"inter_image image_horizontal\">\n<picture><source class=\"img-responsive\" type=\"image\/webp\" data-srcset=\"\/filesedc\/uploads\/image\/post\/anses-1-jpg_300_200.webp 300w, \n\/filesedc\/uploads\/image\/post\/anses-1-jpg_630_420.webp 630w,\n                                \/filesedc\/uploads\/image\/post\/anses-1-jpg_760_507.webp 760w,\n                                \/filesedc\/uploads\/image\/post\/anses-1-jpg_1200_800.webp 1200w,\n                                \/filesedc\/uploads\/image\/post\/anses-1-jpg_1600_1067.webp 1600w\"><img decoding=\"async\" src=\"https:\/\/derechadiario.com.ar\/filesedc\/uploads\/image\/post\/anses-1-jpg_1200_800.webp\" class=\"img-responsive lazyload\" alt=\"Fachada de una oficina de ANSES con un cartel azul y un coraz\u00f3n naranja.\" title=\"Fachada de una oficina de ANSES con un cartel azul y un coraz\u00f3n naranja.\"><\/picture>\n<div>\n<span class=\"img_footer\">Qui\u00e9nes cobran hoy seg\u00fan la terminaci\u00f3n del DNI <\/span>| <span class=\"img_author\">La Derecha Diario<\/span>\n<\/div>\n<\/div>\n<h2><strong>Jubilaciones y pensiones que no superan el haber m\u00ednimo<\/strong><\/h2>\n<ul>\n<li>\n<strong>Documentos terminados en 8<\/strong>: cobran el jueves 19 de junio.<\/li>\n<\/ul>\n<p>Este grupo incluye a jubilados y pensionados con haberes m\u00ednimos, que cobran en bancos habilitados o por acreditaci\u00f3n directa en cuenta.<\/p>\n<figure><img decoding=\"async\" src=\"https:\/\/derechadiario.com.ar\/filesedc\/uploads\/image\/post\/jubilacion-minima-anses-junio_1200_800.webp\" class=\"img-responsive lazyload\" alt=\"Calendario de pagos de jubilaciones y pensiones m\u00ednimas de ANSES para junio seg\u00fan la terminaci\u00f3n del documento, con fechas del 9 al 23 de junio\" title=\"Calendario de pagos de jubilaciones y pensiones m\u00ednimas de ANSES para junio seg\u00fan la terminaci\u00f3n del documento, con fechas del 9 al 23 de junio\"><\/figure>\n<h2><strong>AUH y Tarjeta Alimentar<\/strong><\/h2>\n<ul>\n<li>\n<strong>Documentos terminados en 7<\/strong>: cobran el jueves 19 de junio.<\/li>\n<\/ul>\n<p>La <strong>Asignaci\u00f3n Universal por Hijo<\/strong> se acredita junto con el saldo de la <strong>Tarjeta Alimentar<\/strong>, seg\u00fan el calendario informado por ANSES.<\/p>\n<aside class=\"are-you-interested-container-photo\"><\/aside>\n<figure><img decoding=\"async\" src=\"https:\/\/derechadiario.com.ar\/filesedc\/uploads\/image\/post\/auh-anses-junio_1200_800.webp\" class=\"img-responsive lazyload\" alt=\"Calendario de pagos de Asignaci\u00f3n Familiar por Hijo y Asignaci\u00f3n Universal por Hijo para el mes de junio seg\u00fan la terminaci\u00f3n del documento, con fechas del 9 al 24 de junio\" title=\"Calendario de pagos de Asignaci\u00f3n Familiar por Hijo y Asignaci\u00f3n Universal por Hijo para el mes de junio seg\u00fan la terminaci\u00f3n del documento, con fechas del 9 al 24 de junio\"><\/figure>\n<h2><strong>Salario familiar (SUAF)<\/strong><\/h2>\n<ul>\n<li>\n<strong>Documentos terminados en 7<\/strong>: cobran el jueves 19 de junio.<\/li>\n<\/ul>\n<p>Los trabajadores en relaci\u00f3n de dependencia registrados en el sistema SUAF reciben hoy el pago mensual correspondiente.<\/p>\n<figure><img decoding=\"async\" src=\"https:\/\/derechadiario.com.ar\/filesedc\/uploads\/image\/post\/bono-anses-asignaciones-suaf-junio_1200_800.webp\" class=\"img-responsive lazyload\" alt=\"Mujer sosteniendo a un ni\u00f1o peque\u00f1o que muestra una tarjeta, junto al logo de ANSES y un \u00edcono de familia sobre fondo azul\" title=\"Mujer sosteniendo a un ni\u00f1o peque\u00f1o que muestra una tarjeta, junto al logo de ANSES y un \u00edcono de familia sobre fondo azul\"><\/figure>\n<h2><strong>Asignaci\u00f3n por Embarazo<\/strong><\/h2>\n<ul>\n<li>\n<strong>Documentos terminados en 6<\/strong>: cobran el jueves 19 de junio.<\/li>\n<\/ul>\n<p>La prestaci\u00f3n est\u00e1 destinada a personas gestantes sin trabajo formal o con monotributo social vigente.<\/p>\n<figure><img decoding=\"async\" src=\"https:\/\/derechadiario.com.ar\/filesedc\/uploads\/image\/post\/embarazo-anses-junio_1200_800.webp\" class=\"img-responsive lazyload\" alt=\"Calendario de pago de la Asignaci\u00f3n por Embarazo para el mes de junio seg\u00fan la terminaci\u00f3n del documento, con fechas del 10 al 25 de junio\" title=\"Calendario de pago de la Asignaci\u00f3n por Embarazo para el mes de junio seg\u00fan la terminaci\u00f3n del documento, con fechas del 10 al 25 de junio\"><\/figure>\n<h2><strong>Asignaciones de pago \u00fanico: Matrimonio, Nacimiento y Adopci\u00f3n<\/strong><\/h2>\n<ul>\n<li>\n<strong>Todas las terminaciones de DNI<\/strong>: cobran hasta el 14 de julio.<\/li>\n<\/ul>\n<p>Estas asignaciones no dependen de la terminaci\u00f3n del documento y se abonan en dos per\u00edodos mensuales seg\u00fan la fecha de carga.<\/p>\n<aside class=\"whatsappChannelText\"><a href=\"https:\/\/whatsapp.com\/channel\/0029VagEjILGE56eKjedWF2U\" rel=\"nofollow\" title=\"WhatsApp Link\"><img alt=\"Logo de WhatsApp\" class=\"lazyload\" data-src=\"https:\/\/derechadiario.com.ar\/filesedc\/uploads\/other\/whatsapp_icon_mid_article.png\" width=\"32\" height=\"32\"><\/a> <a href=\"https:\/\/whatsapp.com\/channel\/0029VagEjILGE56eKjedWF2U\" rel=\"nofollow\" title=\"WhatsApp Link\"><strong>NO SE PIERDAN NINGUNA NOTICIA<\/strong>: Click aqu\u00ed para sumarte <strong>GRATIS<\/strong> al canal de noticias de <strong>La Derecha Diario en WhatsApp.<\/strong><\/a><\/aside>\n<figure><img decoding=\"async\" src=\"https:\/\/derechadiario.com.ar\/filesedc\/uploads\/image\/post\/asignacion-de-pago-unico-anses-junio_1200_800.webp\" class=\"img-responsive lazyload\" alt=\"Calendario de pago para asignaciones de matrimonio, adopci\u00f3n y nacimiento correspondientes a junio, con fechas del 10 de junio al 14 de julio para la primera quincena y del 24 de junio al 14 de julio para la segunda quincena\" title=\"Calendario de pago para asignaciones de matrimonio, adopci\u00f3n y nacimiento correspondientes a junio, con fechas del 10 de junio al 14 de julio para la primera quincena y del 24 de junio al 14 de julio para la segunda quincena\"><\/figure>\n<h2><strong>Asignaciones familiares de Pensiones No Contributivas (PNC)<\/strong><\/h2>\n<ul>\n<li>\n<strong>Todas las terminaciones de DNI<\/strong>: cobran hasta el 14 de julio.<\/li>\n<\/ul>\n<p>Incluye asignaciones por hijo y prenatal para quienes perciben pensiones no contributivas.<\/p>\n<aside class=\"are-you-interested-container-photo\"><\/aside>\n<figure><img decoding=\"async\" src=\"https:\/\/derechadiario.com.ar\/filesedc\/uploads\/image\/post\/asignaciones-familiares-anses-junio_1200_800.webp\" class=\"img-responsive lazyload\" alt=\"Calendario de pago de asignaciones familiares de pensiones no contributivas para el mes de junio con todas las terminaciones de DNI del 9 de junio al 14 de julio\" title=\"Calendario de pago de asignaciones familiares de pensiones no contributivas para el mes de junio con todas las terminaciones de DNI del 9 de junio al 14 de julio\"><\/figure>\n","protected":false},"excerpt":{"rendered":"<p>La \u00a0ANSES public\u00f3 el cronograma de pagos correspondiente al jueves 19 de junio de 2025. El organismo inform\u00f3 qu\u00e9 grupos acceden hoy a sus prestaciones seg\u00fan la terminaci\u00f3n del DNI. Se abonan jubilaciones, pensiones, asignaciones familiares y ayudas econ\u00f3micas como la AUH, la Tarjeta Alimentar y la Asignaci\u00f3n por Embarazo. Qui\u00e9nes cobran hoy seg\u00fan la [&hellip;]<\/p>\n","protected":false},"author":2,"featured_media":8257,"comment_status":"open","ping_status":"open","sticky":false,"template":"","format":"standard","meta":{"_et_pb_use_builder":"","_et_pb_old_content":"","_et_gb_content_width":"","footnotes":""},"categories":[84],"tags":[],"class_list":["post-8256","post","type-post","status-publish","format-standard","has-post-thumbnail","hentry","category-ultimomomento"],"_links":{"self":[{"href":"https:\/\/verdadincomodadiario.ar\/index.php?rest_route=\/wp\/v2\/posts\/8256","targetHints":{"allow":["GET"]}}],"collection":[{"href":"https:\/\/verdadincomodadiario.ar\/index.php?rest_route=\/wp\/v2\/posts"}],"about":[{"href":"https:\/\/verdadincomodadiario.ar\/index.php?rest_route=\/wp\/v2\/types\/post"}],"author":[{"embeddable":true,"href":"https:\/\/verdadincomodadiario.ar\/index.php?rest_route=\/wp\/v2\/users\/2"}],"replies":[{"embeddable":true,"href":"https:\/\/verdadincomodadiario.ar\/index.php?rest_route=%2Fwp%2Fv2%2Fcomments&post=8256"}],"version-history":[{"count":0,"href":"https:\/\/verdadincomodadiario.ar\/index.php?rest_route=\/wp\/v2\/posts\/8256\/revisions"}],"wp:featuredmedia":[{"embeddable":true,"href":"https:\/\/verdadincomodadiario.ar\/index.php?rest_route=\/wp\/v2\/media\/8257"}],"wp:attachment":[{"href":"https:\/\/verdadincomodadiario.ar\/index.php?rest_route=%2Fwp%2Fv2%2Fmedia&parent=8256"}],"wp:term":[{"taxonomy":"category","embeddable":true,"href":"https:\/\/verdadincomodadiario.ar\/index.php?rest_route=%2Fwp%2Fv2%2Fcategories&post=8256"},{"taxonomy":"post_tag","embeddable":true,"href":"https:\/\/verdadincomodadiario.ar\/index.php?rest_route=%2Fwp%2Fv2%2Ftags&post=8256"}],"curies":[{"name":"wp","href":"https:\/\/api.w.org\/{rel}","templated":true}]}}