{"id":8244,"date":"2025-06-19T01:30:35","date_gmt":"2025-06-19T01:30:35","guid":{"rendered":"https:\/\/verdadincomodadiario.ar\/?p=8244"},"modified":"2025-06-19T01:30:35","modified_gmt":"2025-06-19T01:30:35","slug":"mujer-descuartizo-y-cocino-a-su-ex-en-villa-dolores-la-justicia-le-dio-solo-13-anos","status":"publish","type":"post","link":"https:\/\/verdadincomodadiario.ar\/?p=8244","title":{"rendered":"Mujer descuartiz\u00f3 y cocin\u00f3 a su ex en Villa Dolores: la Justicia le dio solo 13 a\u00f1os"},"content":{"rendered":"<p><strong>Mar\u00eda Emilse Molina fue condenada<\/strong> este mi\u00e9rcoles <strong>a 13 a\u00f1os de prisi\u00f3n por asesinar brutalmente a su expareja.<\/strong> El crimen ocurri\u00f3 en <strong>mayo de 2024<\/strong>, en la localidad de Nono (<strong><a href=\"https:\/\/derechadiario.com.ar\/economia\/cordoba-presion-impositiva-mas-alta-los-ultimos-25-anos\" title=\"C\u00f3rdoba: la presi\u00f3n impositiva es la m\u00e1s alta de los \u00faltimos 25 a\u00f1os\">C\u00f3rdoba<\/a><\/strong>), y gener\u00f3 conmoci\u00f3n nacional por la violencia y el <strong>nivel de premeditaci\u00f3n.<\/strong> La mujer mat\u00f3 a Omar Cabrera con un palo de amasar, lo descuartiz\u00f3, hirvi\u00f3 sus restos y los arroj\u00f3 en bolsas al dique La Vi\u00f1a.<\/p>\n<p>El juicio fue breve y sin apelaciones, luego de que <strong>la imputada reconociera ser la autora material del asesinato.<\/strong> El acuerdo fue sellado por el fiscal Sergio Cuello y el defensor de Molina, y homologado por el juez Santiago Camogli. La condena qued\u00f3 firme como homicidio simple, pese a que inicialmente se hab\u00eda acusado a Molina por homicidio calificado por codicia.<\/p>\n<div class=\"inter_image image_horizontal\">\n<picture><source class=\"img-responsive\" type=\"image\/webp\" data-srcset=\"\/filesedc\/uploads\/image\/post\/126_300_200.webp 300w, \n\/filesedc\/uploads\/image\/post\/126_630_420.webp 630w,\n                                \/filesedc\/uploads\/image\/post\/126_760_507.webp 760w,\n                                \/filesedc\/uploads\/image\/post\/126_1200_800.webp 1200w,\n                                \/filesedc\/uploads\/image\/post\/126_1600_1067.webp 1600w\"><img decoding=\"async\" src=\"https:\/\/derechadiario.com.ar\/filesedc\/uploads\/image\/post\/126_1200_800.webp\" class=\"img-responsive lazyload\" alt=\"Cinco personas en una sala de audiencias, dos de ellas con uniforme policial, una mujer mayor y un hombre con computadora port\u00e1til sentados en una mesa, y una mujer joven con gafas sentada al fondo.\" title=\"Cinco personas en una sala de audiencias, dos de ellas con uniforme policial, una mujer mayor y un hombre con computadora port\u00e1til sentados en una mesa, y una mujer joven con gafas sentada al fondo.\"><\/picture>\n<div>\n<span class=\"img_footer\">El crimen ocurri\u00f3 en mayo de 2024. <\/span>| <span class=\"img_author\">La Derecha Diario<\/span>\n<\/div>\n<\/div>\n<h2>Cambios en la car\u00e1tula y pena reducida<\/h2>\n<p>La <strong>primera fiscal, Anal\u00eda Gallarato, hab\u00eda requerido prisi\u00f3n perpetua por el m\u00f3vil econ\u00f3mico del crimen.<\/strong> El art\u00edculo 80 del C\u00f3digo Penal contempla esa pena si se prueba codicia, pero la C\u00e1mara del Crimen cambi\u00f3 la figura legal. Con esa nueva calificaci\u00f3n, el juicio lleg\u00f3 r\u00e1pidamente a <a href=\"https:\/\/derechadiario.com.ar\/sociedad\/villa-dolores-ex-policia-cordobes-recibio-20-anos-prision-por-abusos-intrafamiliar\" title=\"Villa Dolores: ex polic\u00eda cordob\u00e9s recibi\u00f3 20 a\u00f1os de prisi\u00f3n por abusos intrafamiliar\">Villa Dolores<\/a>, donde se dict\u00f3 la pena m\u00ednima para semejante atrocidad.<\/p>\n<p>La imputada confes\u00f3 los hechos y gui\u00f3 a los agentes hasta el lugar donde arroj\u00f3 los restos del hombre. La Polic\u00eda encontr\u00f3 partes del cuerpo de Cabrera en bolsas negras en la cola del Dique La Vi\u00f1a, en Las Rabonas. <strong>Hab\u00eda sido cocinado y fragmentado para facilitar el traslado en transporte p\u00fablico<\/strong> durante varios d\u00edas.<\/p>\n<aside class=\"are-you-interested-container-photo\"><\/aside>\n<figure><img decoding=\"async\" src=\"https:\/\/derechadiario.com.ar\/filesedc\/uploads\/image\/post\/128_1200_800.webp\" class=\"img-responsive lazyload\" alt=\"Vista a\u00e9rea de una represa rodeada de vegetaci\u00f3n con agua saliendo por el vertedero y un lago extenso al fondo\" title=\"Vista a\u00e9rea de una represa rodeada de vegetaci\u00f3n con agua saliendo por el vertedero y un lago extenso al fondo\"><\/figure>\n<aside class=\"whatsappChannelText\"><a href=\"https:\/\/whatsapp.com\/channel\/0029VagEjILGE56eKjedWF2U\" rel=\"nofollow\" title=\"WhatsApp Link\"><img alt=\"Logo de WhatsApp\" class=\"lazyload\" data-src=\"https:\/\/derechadiario.com.ar\/filesedc\/uploads\/other\/whatsapp_icon_mid_article.png\" width=\"32\" height=\"32\"><\/a> <a href=\"https:\/\/whatsapp.com\/channel\/0029VagEjILGE56eKjedWF2U\" rel=\"nofollow\" title=\"WhatsApp Link\"><strong>NO SE PIERDAN NINGUNA NOTICIA<\/strong>: Click aqu\u00ed para sumarte <strong>GRATIS<\/strong> al canal de noticias de <strong>La Derecha Diario en WhatsApp.<\/strong><\/a><\/aside>\n<h2>Pareja ocasional<\/h2>\n<p><strong>Omar Cabrera era exmilitar y se hab\u00eda instalado en Mina Clavero<\/strong>, donde conoci\u00f3 a Molina en un restaurante de la zona. Ambos trabajaban en Arroyo de Los Patos y convivieron un tiempo antes del crimen, que fue premeditado. El hombre desapareci\u00f3 el 26 de abril, pero reci\u00e9n el 1 de mayo se formaliz\u00f3 la denuncia ante la <a href=\"https:\/\/derechadiario.com.ar\/sociedad\/villa-dolores-cayo-narcomenudista-que-usaba-gomeria-como-pantalla\" title=\"Villa Dolores: cay\u00f3 un narcomenudista que usaba una gomer\u00eda como pantalla\">Polic\u00eda local.<\/a><\/p>\n<p>M\u00e1s de 50 efectivos, entre bomberos, DUAR y personal policial, participaron en el operativo de rastrillaje. La brutalidad del asesinato y la conducta met\u00f3dica de la imputada sorprendieron incluso a los investigadores. Pese a todo ello, \u00a0<strong>la pena qued\u00f3 en apenas 13 a\u00f1os de prisi\u00f3n<\/strong> por decisi\u00f3n de la justicia local y la fiscal\u00eda interviniente.<\/p>\n<figure><img decoding=\"async\" src=\"https:\/\/derechadiario.com.ar\/filesedc\/uploads\/image\/post\/127_1200_800.webp\" class=\"img-responsive lazyload\" alt=\"Plaza con una fuente grande en primer plano, \u00e1rboles y una iglesia blanca al fondo en un d\u00eda soleado\" title=\"Plaza con una fuente grande en primer plano, \u00e1rboles y una iglesia blanca al fondo en un d\u00eda soleado\"><\/figure>\n","protected":false},"excerpt":{"rendered":"<p>Mar\u00eda Emilse Molina fue condenada este mi\u00e9rcoles a 13 a\u00f1os de prisi\u00f3n por asesinar brutalmente a su expareja. El crimen ocurri\u00f3 en mayo de 2024, en la localidad de Nono (C\u00f3rdoba), y gener\u00f3 conmoci\u00f3n nacional por la violencia y el nivel de premeditaci\u00f3n. La mujer mat\u00f3 a Omar Cabrera con un palo de amasar, lo [&hellip;]<\/p>\n","protected":false},"author":2,"featured_media":8245,"comment_status":"open","ping_status":"open","sticky":false,"template":"","format":"standard","meta":{"_et_pb_use_builder":"","_et_pb_old_content":"","_et_gb_content_width":"","footnotes":""},"categories":[84],"tags":[],"class_list":["post-8244","post","type-post","status-publish","format-standard","has-post-thumbnail","hentry","category-ultimomomento"],"_links":{"self":[{"href":"https:\/\/verdadincomodadiario.ar\/index.php?rest_route=\/wp\/v2\/posts\/8244","targetHints":{"allow":["GET"]}}],"collection":[{"href":"https:\/\/verdadincomodadiario.ar\/index.php?rest_route=\/wp\/v2\/posts"}],"about":[{"href":"https:\/\/verdadincomodadiario.ar\/index.php?rest_route=\/wp\/v2\/types\/post"}],"author":[{"embeddable":true,"href":"https:\/\/verdadincomodadiario.ar\/index.php?rest_route=\/wp\/v2\/users\/2"}],"replies":[{"embeddable":true,"href":"https:\/\/verdadincomodadiario.ar\/index.php?rest_route=%2Fwp%2Fv2%2Fcomments&post=8244"}],"version-history":[{"count":0,"href":"https:\/\/verdadincomodadiario.ar\/index.php?rest_route=\/wp\/v2\/posts\/8244\/revisions"}],"wp:featuredmedia":[{"embeddable":true,"href":"https:\/\/verdadincomodadiario.ar\/index.php?rest_route=\/wp\/v2\/media\/8245"}],"wp:attachment":[{"href":"https:\/\/verdadincomodadiario.ar\/index.php?rest_route=%2Fwp%2Fv2%2Fmedia&parent=8244"}],"wp:term":[{"taxonomy":"category","embeddable":true,"href":"https:\/\/verdadincomodadiario.ar\/index.php?rest_route=%2Fwp%2Fv2%2Fcategories&post=8244"},{"taxonomy":"post_tag","embeddable":true,"href":"https:\/\/verdadincomodadiario.ar\/index.php?rest_route=%2Fwp%2Fv2%2Ftags&post=8244"}],"curies":[{"name":"wp","href":"https:\/\/api.w.org\/{rel}","templated":true}]}}