{"id":8238,"date":"2025-06-19T00:25:38","date_gmt":"2025-06-19T00:25:38","guid":{"rendered":"https:\/\/verdadincomodadiario.ar\/?p=8238"},"modified":"2025-06-19T00:25:38","modified_gmt":"2025-06-19T00:25:38","slug":"red-juvenil-por-mexico-la-red-mas-adoctrinada-de-mexico","status":"publish","type":"post","link":"https:\/\/verdadincomodadiario.ar\/?p=8238","title":{"rendered":"Red juvenil por M\u00e9xico: La red mas adoctrinada de M\u00e9xico"},"content":{"rendered":"<p><strong>Red Juvenil por M\u00e9xico<\/strong>, una red que se autoproclama la mejor del pa\u00eds, asegura ser un espacio abierto para los j\u00f3venes.<\/p>\n<p>Esta ONG organiza <strong>parlamentos donde j\u00f3venes participan<\/strong> y acuden a diversos congresos municipales en todo M\u00e9xico.<\/p>\n<p>Aunque afirman ser imparciales, <strong>sus l\u00edderes est\u00e1n abiertamente adoctrinados por la izquierda morenista<\/strong>. No permiten que personas con pensamiento <strong>de derecha<\/strong> se expresen libremente.<\/p>\n<p><strong>En el momento que alguien dice algo que no les agrada, lo reprenden o lo expulsan.<\/strong><\/p>\n<p>Dentro de sus lineamientos promueven la <strong>Agenda 2030<\/strong> y los modelos progresistas impulsados por la ONU.<\/p>\n<div class=\"inter_image image_horizontal\">\n<picture><source class=\"img-responsive\" type=\"image\/webp\" data-srcset=\"\/filesedc\/uploads\/image\/post\/captura-de-pantalla-2025-06-12-145137_300_200.webp 300w, \n\/filesedc\/uploads\/image\/post\/captura-de-pantalla-2025-06-12-145137_630_420.webp 630w,\n                                \/filesedc\/uploads\/image\/post\/captura-de-pantalla-2025-06-12-145137_760_507.webp 760w,\n                                \/filesedc\/uploads\/image\/post\/captura-de-pantalla-2025-06-12-145137_1200_800.webp 1200w,\n                                \/filesedc\/uploads\/image\/post\/captura-de-pantalla-2025-06-12-145137_1600_1067.webp 1600w\"><img decoding=\"async\" src=\"https:\/\/derechadiario.com.ar\/filesedc\/uploads\/image\/post\/captura-de-pantalla-2025-06-12-145137_1200_800.webp\" class=\"img-responsive lazyload\" alt=\"Imagen con logotipos del Gobierno de M\u00e9xico, Secretar\u00eda de Econom\u00eda y Secretar\u00eda del Trabajo, junto al texto Red Juvenil por la Agenda 2030 Segunda Generaci\u00f3n y un meg\u00e1fono con colores alusivos a los Objetivos de Desarrollo Sostenible.\" title=\"Imagen con logotipos del Gobierno de M\u00e9xico, Secretar\u00eda de Econom\u00eda y Secretar\u00eda del Trabajo, junto al texto Red Juvenil por la Agenda 2030 Segunda Generaci\u00f3n y un meg\u00e1fono con colores alusivos a los Objetivos de Desarrollo Sostenible.\"><\/picture>\n<div>\n<span class=\"img_footer\">Adoctrinamiento de izquierda. <\/span>| <span class=\"img_author\">La Derecha Diario<\/span>\n<\/div>\n<\/div>\n<p>Entre sus pol\u00edticos aliados est\u00e1 la senadora <strong>Andrea Ch\u00e1vez<\/strong>, conocida por enfrentar <strong>acusaciones de corrupci\u00f3n<\/strong> y por su controvertida manera de relacionarse con otros pol\u00edticos.<\/p>\n<p>Tambi\u00e9n colaboran con figuras de <strong>MORENA, MC, PRI, PAN, Partido Verde y PT<\/strong>, en un entramado de alianzas pol\u00edticas que contradice su supuesto discurso neutral.<\/p>\n<p>En repetidas ocasiones, j\u00f3venes de derecha han cuestionado a ponentes o participantes durante los debates. <strong>Como resultado, son dados de baja<\/strong> por cuestionar el <strong>feminismo, la &#8220;diversidad&#8221;, la izquierda<\/strong> e incluso a la propia <strong>Andrea Ch\u00e1vez<\/strong>.<\/p>\n<p>Existen reportes de incidentes durante los parlamentos donde <strong>han da\u00f1ado material de las instalaciones como tabletas y curules<\/strong>, afectando a otras organizaciones que buscan acceso a estos espacios.<\/p>\n<figure><img decoding=\"async\" src=\"https:\/\/derechadiario.com.ar\/filesedc\/uploads\/image\/post\/captura-de-pantalla-2025-06-12-145629_1200_800.webp\" class=\"img-responsive lazyload\" alt=\"Dos personas sentadas en lo que parece ser un recinto legislativo, una de ellas viste traje y corbata roja y est\u00e1 se\u00f1alando hacia el frente mientras la otra persona sonr\u00ede y aplaude\" title=\"Dos personas sentadas en lo que parece ser un recinto legislativo, una de ellas viste traje y corbata roja y est\u00e1 se\u00f1alando hacia el frente mientras la otra persona sonr\u00ede y aplaude\"><\/figure>\n<p>Durante los procesos de selecci\u00f3n, los organizadores <strong>revisan a detalle los perfiles de redes sociales<\/strong> de los aspirantes. Si detectan publicaciones cr\u00edticas hacia movimientos progresistas, los descalifican por considerarlas <strong>&#8220;machistas&#8221;, &#8220;que incitan al odio&#8221;, &#8220;homof\u00f3bicas&#8221; o &#8220;racistas&#8221;<\/strong>.<\/p>\n<figure><img decoding=\"async\" src=\"https:\/\/derechadiario.com.ar\/filesedc\/uploads\/image\/post\/captura-de-pantalla-2025-06-12-145942_1200_800.webp\" class=\"img-responsive lazyload\" alt=\"Imagen con fondo verde que contiene texto sobre el Mes de la Historia LGBTIQ, con ilustraciones de dos personas mayores sentadas leyendo y un dise\u00f1o de arco\u00edris en el centro.\" title=\"Imagen con fondo verde que contiene texto sobre el Mes de la Historia LGBTIQ, con ilustraciones de dos personas mayores sentadas leyendo y un dise\u00f1o de arco\u00edris en el centro.\"><\/figure>\n<p>Adem\u00e1s, cuentan con un <strong>comit\u00e9 de g\u00e9nero<\/strong> donde mujeres pueden <strong>acusar falsamente a hombres de acoso o violencia<\/strong>, generando expulsiones sumarias sin garant\u00edas de defensa.<\/p>\n<figure><img decoding=\"async\" src=\"https:\/\/derechadiario.com.ar\/filesedc\/uploads\/image\/post\/captura-de-pantalla-2025-06-12-150036_1200_800.webp\" class=\"img-responsive lazyload\" alt=\"Cartel en fondo morado con el texto conversatorio 8M y el nombre Jime Villiva\u00f1a, acompa\u00f1ado de una mujer sosteniendo un meg\u00e1fono.\" title=\"Cartel en fondo morado con el texto conversatorio 8M y el nombre Jime Villiva\u00f1a, acompa\u00f1ado de una mujer sosteniendo un meg\u00e1fono.\"><\/figure>\n<p>Muchos integrantes de la red est\u00e1n hartos de la forma <strong>arbitraria<\/strong> y sectaria con la que operan, lo que ha generado una creciente <strong>divisi\u00f3n interna<\/strong>.<\/p>\n<p>Desde aqu\u00ed defendemos la libertad de expresi\u00f3n, tanto para quienes piensan distinto como para quienes defienden valores tradicionales. <strong>Nadie debe ser censurado por sus ideas pol\u00edticas.<\/strong><\/p>\n<p>Por ello, invitamos a los j\u00f3venes a buscar otras redes donde s\u00ed se respete el derecho a expresarse y donde no se vulneren sus derechos mediante la vigilancia de sus redes sociales.<\/p>\n","protected":false},"excerpt":{"rendered":"<p>Red Juvenil por M\u00e9xico, una red que se autoproclama la mejor del pa\u00eds, asegura ser un espacio abierto para los j\u00f3venes. Esta ONG organiza parlamentos donde j\u00f3venes participan y acuden a diversos congresos municipales en todo M\u00e9xico. Aunque afirman ser imparciales, sus l\u00edderes est\u00e1n abiertamente adoctrinados por la izquierda morenista. No permiten que personas con [&hellip;]<\/p>\n","protected":false},"author":2,"featured_media":8239,"comment_status":"open","ping_status":"open","sticky":false,"template":"","format":"standard","meta":{"_et_pb_use_builder":"","_et_pb_old_content":"","_et_gb_content_width":"","footnotes":""},"categories":[84],"tags":[],"class_list":["post-8238","post","type-post","status-publish","format-standard","has-post-thumbnail","hentry","category-ultimomomento"],"_links":{"self":[{"href":"https:\/\/verdadincomodadiario.ar\/index.php?rest_route=\/wp\/v2\/posts\/8238","targetHints":{"allow":["GET"]}}],"collection":[{"href":"https:\/\/verdadincomodadiario.ar\/index.php?rest_route=\/wp\/v2\/posts"}],"about":[{"href":"https:\/\/verdadincomodadiario.ar\/index.php?rest_route=\/wp\/v2\/types\/post"}],"author":[{"embeddable":true,"href":"https:\/\/verdadincomodadiario.ar\/index.php?rest_route=\/wp\/v2\/users\/2"}],"replies":[{"embeddable":true,"href":"https:\/\/verdadincomodadiario.ar\/index.php?rest_route=%2Fwp%2Fv2%2Fcomments&post=8238"}],"version-history":[{"count":0,"href":"https:\/\/verdadincomodadiario.ar\/index.php?rest_route=\/wp\/v2\/posts\/8238\/revisions"}],"wp:featuredmedia":[{"embeddable":true,"href":"https:\/\/verdadincomodadiario.ar\/index.php?rest_route=\/wp\/v2\/media\/8239"}],"wp:attachment":[{"href":"https:\/\/verdadincomodadiario.ar\/index.php?rest_route=%2Fwp%2Fv2%2Fmedia&parent=8238"}],"wp:term":[{"taxonomy":"category","embeddable":true,"href":"https:\/\/verdadincomodadiario.ar\/index.php?rest_route=%2Fwp%2Fv2%2Fcategories&post=8238"},{"taxonomy":"post_tag","embeddable":true,"href":"https:\/\/verdadincomodadiario.ar\/index.php?rest_route=%2Fwp%2Fv2%2Ftags&post=8238"}],"curies":[{"name":"wp","href":"https:\/\/api.w.org\/{rel}","templated":true}]}}