{"id":8230,"date":"2025-06-18T22:38:46","date_gmt":"2025-06-18T22:38:46","guid":{"rendered":"https:\/\/verdadincomodadiario.ar\/?p=8230"},"modified":"2025-06-18T22:38:46","modified_gmt":"2025-06-18T22:38:46","slug":"la-sip-advirtio-que-la-ley-de-inteligencia-pone-en-riesgo-la-libertad-de-prensa","status":"publish","type":"post","link":"https:\/\/verdadincomodadiario.ar\/?p=8230","title":{"rendered":"La SIP advirti\u00f3 que la Ley de Inteligencia pone en riesgo la libertad de prensa"},"content":{"rendered":"<p>La <strong>Sociedad Interamericana de Prensa (SIP)<\/strong> expres\u00f3 su preocupaci\u00f3n por la reciente Ley de Inteligencia aprobada en Ecuador. Desde su sede en Miami, la organizaci\u00f3n advirti\u00f3 que esta legislaci\u00f3n podr\u00eda convertirse en un <strong>instrumento de control sobre la libertad de expresi\u00f3n y el ejercicio period\u00edstico<\/strong>.<\/p>\n<p>La ley fue promulgada tras su aprobaci\u00f3n en la Asamblea Nacional el 10 de junio, y ha suscitado inquietudes por <strong>permitir la interceptaci\u00f3n de comunicaciones sin orden judicial<\/strong>.<a href=\"https:\/\/derechadiario.com.ar\/ecuador\/politica\/nueva-ley-inteligencia-abrio-puerta-al-espionaje-sin-control\" title=\"La nueva Ley de Inteligencia abri\u00f3 la puerta al espionaje sin control\"> Adem\u00e1s, obliga a las operadoras<\/a> de telecomunicaciones a entregar datos detallados de sus usuarios, lo que genera temores sobre vigilancia indiscriminada.<\/p>\n<p>Seg\u00fan el art\u00edculo 51 de la norma, las empresas deber\u00e1n facilitar desde informaci\u00f3n hist\u00f3rica hasta localizaci\u00f3n en tiempo real de usuarios, lo cual, seg\u00fan la SIP, <strong>podr\u00eda intimidar a periodistas y promover la autocensura<\/strong>. Jos\u00e9 Roberto Dutriz, presidente de la SIP, calific\u00f3 este aspecto como \u201cuna amenaza directa a la privacidad y protecci\u00f3n de fuentes period\u00edsticas\u201d.<\/p>\n<div class=\"inter_image image_horizontal\">\n<picture><source class=\"img-responsive\" type=\"image\/webp\" data-srcset=\"\/filesedc\/uploads\/image\/post\/b783171430d951ff19a8e00e862f769f_300_200.webp 300w, \n\/filesedc\/uploads\/image\/post\/b783171430d951ff19a8e00e862f769f_630_420.webp 630w,\n                                \/filesedc\/uploads\/image\/post\/b783171430d951ff19a8e00e862f769f_760_507.webp 760w,\n                                \/filesedc\/uploads\/image\/post\/b783171430d951ff19a8e00e862f769f_1200_800.webp 1200w,\n                                \/filesedc\/uploads\/image\/post\/b783171430d951ff19a8e00e862f769f_1600_1067.webp 1600w\"><img decoding=\"async\" src=\"https:\/\/derechadiario.com.ar\/filesedc\/uploads\/image\/post\/b783171430d951ff19a8e00e862f769f_1200_800.webp\" class=\"img-responsive lazyload\" alt=\"Logotipo de la Sociedad Interamericana de Prensa junto a unos peri\u00f3dicos enrollados\" title=\"Logotipo de la Sociedad Interamericana de Prensa junto a unos peri\u00f3dicos enrollados\"><\/picture>\n<div>\n<span class=\"img_footer\">La Sociedad Interamericana de Prensa <\/span>| <span class=\"img_author\">La Derecha Diario<\/span>\n<\/div>\n<\/div>\n<p>Martha Ramos, titular de la Comisi\u00f3n de Libertad de Prensa de la SIP, advirti\u00f3 que estas medidas pueden usarse para <strong>perseguir a quienes critican al poder o investigan casos de inter\u00e9s p\u00fablico<\/strong>. La organizaci\u00f3n tambi\u00e9n record\u00f3 que Ecuador firm\u00f3 la Declaraci\u00f3n de Chapultepec y la Declaraci\u00f3n de Salta, comprometi\u00e9ndose a <strong>respetar los principios democr\u00e1ticos y el libre ejercicio del periodismo<\/strong>.<\/p>\n<p>La Declaraci\u00f3n de Salta II establece que solo debe admitirse la vigilancia digital bajo <strong>orden judicial y fines leg\u00edtimos enmarcados en tratados de derechos humanos<\/strong>. La vigilancia masiva, seg\u00fan este documento, \u201cno es aceptable en ning\u00fan caso\u201d, subrayando que las personas deben tener acceso y control sobre sus datos.<\/p>\n<p>El reglamento para implementar esta ley estar\u00e1 listo en diciembre, pero ya diversas voces del sector medi\u00e1tico y de derechos civiles piden revisar sus alcances. El debate <a href=\"https:\/\/derechadiario.com.ar\/ecuador\/politica\/gira-daniel-noboa-fortalecio-alianzas-con-china-espana-e-italia\" title=\"La gira de Daniel Noboa fortaleci\u00f3 alianzas con China, Espa\u00f1a e Italia\">contin\u00faa mientras <\/a><strong><a href=\"https:\/\/derechadiario.com.ar\/ecuador\/politica\/gira-daniel-noboa-fortalecio-alianzas-con-china-espana-e-italia\" title=\"La gira de Daniel Noboa fortaleci\u00f3 alianzas con China, Espa\u00f1a e Italia\">crece la preocupaci\u00f3n<\/a> de que medidas de seguridad nacional se conviertan en herramientas de censura<\/strong>.<\/p>\n<p>La SIP insta a las autoridades a garantizar la transparencia y limitar cualquier intento de socavar la libertad de prensa. El uso de tecnolog\u00eda para la seguridad no puede justificar la <strong>erosi\u00f3n de los derechos fundamentales<\/strong> en una democracia.<\/p>\n","protected":false},"excerpt":{"rendered":"<p>La Sociedad Interamericana de Prensa (SIP) expres\u00f3 su preocupaci\u00f3n por la reciente Ley de Inteligencia aprobada en Ecuador. Desde su sede en Miami, la organizaci\u00f3n advirti\u00f3 que esta legislaci\u00f3n podr\u00eda convertirse en un instrumento de control sobre la libertad de expresi\u00f3n y el ejercicio period\u00edstico. La ley fue promulgada tras su aprobaci\u00f3n en la Asamblea [&hellip;]<\/p>\n","protected":false},"author":2,"featured_media":8231,"comment_status":"open","ping_status":"open","sticky":false,"template":"","format":"standard","meta":{"_et_pb_use_builder":"","_et_pb_old_content":"","_et_gb_content_width":"","footnotes":""},"categories":[84],"tags":[],"class_list":["post-8230","post","type-post","status-publish","format-standard","has-post-thumbnail","hentry","category-ultimomomento"],"_links":{"self":[{"href":"https:\/\/verdadincomodadiario.ar\/index.php?rest_route=\/wp\/v2\/posts\/8230","targetHints":{"allow":["GET"]}}],"collection":[{"href":"https:\/\/verdadincomodadiario.ar\/index.php?rest_route=\/wp\/v2\/posts"}],"about":[{"href":"https:\/\/verdadincomodadiario.ar\/index.php?rest_route=\/wp\/v2\/types\/post"}],"author":[{"embeddable":true,"href":"https:\/\/verdadincomodadiario.ar\/index.php?rest_route=\/wp\/v2\/users\/2"}],"replies":[{"embeddable":true,"href":"https:\/\/verdadincomodadiario.ar\/index.php?rest_route=%2Fwp%2Fv2%2Fcomments&post=8230"}],"version-history":[{"count":0,"href":"https:\/\/verdadincomodadiario.ar\/index.php?rest_route=\/wp\/v2\/posts\/8230\/revisions"}],"wp:featuredmedia":[{"embeddable":true,"href":"https:\/\/verdadincomodadiario.ar\/index.php?rest_route=\/wp\/v2\/media\/8231"}],"wp:attachment":[{"href":"https:\/\/verdadincomodadiario.ar\/index.php?rest_route=%2Fwp%2Fv2%2Fmedia&parent=8230"}],"wp:term":[{"taxonomy":"category","embeddable":true,"href":"https:\/\/verdadincomodadiario.ar\/index.php?rest_route=%2Fwp%2Fv2%2Fcategories&post=8230"},{"taxonomy":"post_tag","embeddable":true,"href":"https:\/\/verdadincomodadiario.ar\/index.php?rest_route=%2Fwp%2Fv2%2Ftags&post=8230"}],"curies":[{"name":"wp","href":"https:\/\/api.w.org\/{rel}","templated":true}]}}