{"id":8228,"date":"2025-06-18T22:38:47","date_gmt":"2025-06-18T22:38:47","guid":{"rendered":"https:\/\/verdadincomodadiario.ar\/?p=8228"},"modified":"2025-06-18T22:38:47","modified_gmt":"2025-06-18T22:38:47","slug":"la-fiscalizacion-de-contratos-con-progen-desato-pugna-entre-correismo-y-el-oficialismo","status":"publish","type":"post","link":"https:\/\/verdadincomodadiario.ar\/?p=8228","title":{"rendered":"La fiscalizaci\u00f3n de contratos con Progen desat\u00f3 pugna entre corre\u00edsmo y el oficialismo"},"content":{"rendered":"<p><strong>La investigaci\u00f3n sobre los contratos estatales con la empresa Progen provoc\u00f3 un nuevo conflicto pol\u00edtico en la Asamblea Nacional.<\/strong> La asamble\u00edsta Diana J\u00e1come (ADN) denunci\u00f3 que la Comisi\u00f3n de Garant\u00edas Constitucionales, dominada por el corre\u00edsmo, intent\u00f3 intervenir a pesar de que el caso ya hab\u00eda sido asignado a la Comisi\u00f3n de Transparencia.<\/p>\n<p><strong>El Consejo de Administraci\u00f3n Legislativa ya hab\u00eda <a href=\"https:\/\/derechadiario.com.ar\/ecuador\/politica\/nueva-ley-inteligencia-abrio-puerta-al-espionaje-sin-control\" title=\"La nueva Ley de Inteligencia abri\u00f3 la puerta al espionaje sin control\">resuelto que la Comisi\u00f3n<\/a> de Transparencia y Participaci\u00f3n Ciudadana deb\u00eda encargarse de la fiscalizaci\u00f3n.<\/strong> La mesa est\u00e1 presidida por J\u00e1come y tiene mayor\u00eda de legisladores de ADN y aliados, lo que gener\u00f3 resistencia del bloque de la Revoluci\u00f3n Ciudadana.<\/p>\n<p><strong>La disputa se intensific\u00f3 cuando el corre\u00edsta Blasco Luna propuso que el Pleno asuma el caso y convoque a la ministra de Energ\u00eda.<\/strong> Sin embargo, la propuesta fue bloqueada por los votos de ADN y una facci\u00f3n de Pachakutik, que impidieron una ofensiva desde la oposici\u00f3n.<\/p>\n<div class=\"inter_image image_horizontal\">\n<picture><source class=\"img-responsive\" type=\"image\/webp\" data-srcset=\"\/filesedc\/uploads\/image\/post\/screenshot-2025-06-18-at-16-11-22-correismo-y-adn-se-disputan-la-fiscalizacion-de-los-contratos-de-progen-firmados-por-el-gobierno_300_200.webp 300w, \n\/filesedc\/uploads\/image\/post\/screenshot-2025-06-18-at-16-11-22-correismo-y-adn-se-disputan-la-fiscalizacion-de-los-contratos-de-progen-firmados-por-el-gobierno_630_420.webp 630w,\n                                \/filesedc\/uploads\/image\/post\/screenshot-2025-06-18-at-16-11-22-correismo-y-adn-se-disputan-la-fiscalizacion-de-los-contratos-de-progen-firmados-por-el-gobierno_760_507.webp 760w,\n                                \/filesedc\/uploads\/image\/post\/screenshot-2025-06-18-at-16-11-22-correismo-y-adn-se-disputan-la-fiscalizacion-de-los-contratos-de-progen-firmados-por-el-gobierno_1200_800.webp 1200w,\n                                \/filesedc\/uploads\/image\/post\/screenshot-2025-06-18-at-16-11-22-correismo-y-adn-se-disputan-la-fiscalizacion-de-los-contratos-de-progen-firmados-por-el-gobierno_1600_1067.webp 1600w\"><img decoding=\"async\" src=\"https:\/\/derechadiario.com.ar\/filesedc\/uploads\/image\/post\/screenshot-2025-06-18-at-16-11-22-correismo-y-adn-se-disputan-la-fiscalizacion-de-los-contratos-de-progen-firmados-por-el-gobierno_1200_800.webp\" class=\"img-responsive lazyload\" alt=\"Varias personas con ropa formal participan en una reuni\u00f3n alrededor de una mesa con micr\u00f3fonos y documentos, al fondo hay una pantalla mostrando una videollamada y una bandera de Ecuador.\" title=\"Varias personas con ropa formal participan en una reuni\u00f3n alrededor de una mesa con micr\u00f3fonos y documentos, al fondo hay una pantalla mostrando una videollamada y una bandera de Ecuador.\"><\/picture>\n<div>\n<span class=\"img_footer\">La fiscalizaci\u00f3n de contratos con Progen <\/span>| <span class=\"img_author\">La Derecha Diario<\/span>\n<\/div>\n<\/div>\n<p><strong>El conflicto pol\u00edtico gira en torno a los contratos con Progen para proyectos el\u00e9ctricos que hoy enfrentan retrasos y arbitrajes internacionales.<\/strong> La empresa argumenta que parte de los retrasos se deben a la falta de informes de ingenier\u00eda por parte de Celec.<\/p>\n<p><strong>J\u00e1come asegur\u00f3 que su comisi\u00f3n no ser\u00e1 un <a href=\"https:\/\/derechadiario.com.ar\/ecuador\/politica\/gira-daniel-noboa-fortalecio-alianzas-con-china-espana-e-italia\" title=\"La gira de Daniel Noboa fortaleci\u00f3 alianzas con China, Espa\u00f1a e Italia\">\u201carchivo legislativo\u201d<\/a> y que iniciar\u00e1n una fiscalizaci\u00f3n t\u00e9cnica y transparente.<\/strong> La Comisi\u00f3n de Transparencia prepara un cronograma de comparecencias para esclarecer el proceso sin interferencias externas.<\/p>\n<p><strong>La disputa por el control del caso Progen revela c\u00f3mo las pugnas partidistas afectan la labor de fiscalizaci\u00f3n en la Asamblea Nacional.<\/strong> <strong>Una investigaci\u00f3n rigurosa y sin sesgo pol\u00edtico es necesaria para evitar el uso del control legislativo como herramienta de desgaste.<\/strong><\/p>\n","protected":false},"excerpt":{"rendered":"<p>La investigaci\u00f3n sobre los contratos estatales con la empresa Progen provoc\u00f3 un nuevo conflicto pol\u00edtico en la Asamblea Nacional. La asamble\u00edsta Diana J\u00e1come (ADN) denunci\u00f3 que la Comisi\u00f3n de Garant\u00edas Constitucionales, dominada por el corre\u00edsmo, intent\u00f3 intervenir a pesar de que el caso ya hab\u00eda sido asignado a la Comisi\u00f3n de Transparencia. El Consejo de [&hellip;]<\/p>\n","protected":false},"author":2,"featured_media":8229,"comment_status":"open","ping_status":"open","sticky":false,"template":"","format":"standard","meta":{"_et_pb_use_builder":"","_et_pb_old_content":"","_et_gb_content_width":"","footnotes":""},"categories":[84],"tags":[],"class_list":["post-8228","post","type-post","status-publish","format-standard","has-post-thumbnail","hentry","category-ultimomomento"],"_links":{"self":[{"href":"https:\/\/verdadincomodadiario.ar\/index.php?rest_route=\/wp\/v2\/posts\/8228","targetHints":{"allow":["GET"]}}],"collection":[{"href":"https:\/\/verdadincomodadiario.ar\/index.php?rest_route=\/wp\/v2\/posts"}],"about":[{"href":"https:\/\/verdadincomodadiario.ar\/index.php?rest_route=\/wp\/v2\/types\/post"}],"author":[{"embeddable":true,"href":"https:\/\/verdadincomodadiario.ar\/index.php?rest_route=\/wp\/v2\/users\/2"}],"replies":[{"embeddable":true,"href":"https:\/\/verdadincomodadiario.ar\/index.php?rest_route=%2Fwp%2Fv2%2Fcomments&post=8228"}],"version-history":[{"count":0,"href":"https:\/\/verdadincomodadiario.ar\/index.php?rest_route=\/wp\/v2\/posts\/8228\/revisions"}],"wp:featuredmedia":[{"embeddable":true,"href":"https:\/\/verdadincomodadiario.ar\/index.php?rest_route=\/wp\/v2\/media\/8229"}],"wp:attachment":[{"href":"https:\/\/verdadincomodadiario.ar\/index.php?rest_route=%2Fwp%2Fv2%2Fmedia&parent=8228"}],"wp:term":[{"taxonomy":"category","embeddable":true,"href":"https:\/\/verdadincomodadiario.ar\/index.php?rest_route=%2Fwp%2Fv2%2Fcategories&post=8228"},{"taxonomy":"post_tag","embeddable":true,"href":"https:\/\/verdadincomodadiario.ar\/index.php?rest_route=%2Fwp%2Fv2%2Ftags&post=8228"}],"curies":[{"name":"wp","href":"https:\/\/api.w.org\/{rel}","templated":true}]}}