{"id":8226,"date":"2025-06-18T22:38:48","date_gmt":"2025-06-18T22:38:48","guid":{"rendered":"https:\/\/verdadincomodadiario.ar\/?p=8226"},"modified":"2025-06-18T22:38:48","modified_gmt":"2025-06-18T22:38:48","slug":"la-nueva-ley-de-inteligencia-redefinio-la-vigilancia-en-ecuador","status":"publish","type":"post","link":"https:\/\/verdadincomodadiario.ar\/?p=8226","title":{"rendered":"La nueva Ley de Inteligencia redefini\u00f3 la vigilancia en Ecuador"},"content":{"rendered":"<p><strong>La entrada en vigor de la nueva Ley de Inteligencia transform\u00f3 la estructura de vigilancia estatal en Ecuador.<\/strong> El Centro de Inteligencia Estrat\u00e9gica (CIES), dirigido por Michele Sensi-Contugi, asumi\u00f3 nuevas atribuciones con apoyo legal ampliado. Este organismo se posiciona como el ente rector de las operaciones de inteligencia del pa\u00eds, estableciendo canales formales de coordinaci\u00f3n entre distintas instituciones del Estado.<\/p>\n<p>El CIES coordina siete subsistemas de inteligencia, desde el militar hasta el tributario, y tiene la facultad de ejecutar operaciones estrat\u00e9gicas y t\u00e1cticas. Adem\u00e1s, puede emitir directrices vinculantes para las entidades p\u00fablicas involucradas en actividades de recolecci\u00f3n y an\u00e1lisis de informaci\u00f3n, fortaleciendo as\u00ed una estructura centralizada de mando.<\/p>\n<p><strong>Uno de los puntos m\u00e1s pol\u00e9micos es el acceso a informaci\u00f3n de ciudadanos sin orden judicial.<\/strong> La ley permite solicitar datos a empresas telef\u00f3nicas y personas naturales o jur\u00eddicas,<a href=\"https:\/\/derechadiario.com.ar\/ecuador\/politica\/nueva-ley-inteligencia-abrio-puerta-al-espionaje-sin-control\" title=\"La nueva Ley de Inteligencia abri\u00f3 la puerta al espionaje sin control\"> incluyendo geolocalizaci\u00f3n<\/a>, conexiones digitales y registros t\u00e9cnicos. Este acceso puede realizarse incluso de manera preventiva, lo que ha generado preocupaci\u00f3n entre sectores defensores de los derechos digitales.<\/p>\n<p>Tambi\u00e9n se autoriz\u00f3 el uso de t\u00e9cnicas encubiertas como la creaci\u00f3n de identidades falsas y la mimetizaci\u00f3n social. Estas pr\u00e1cticas abarcan la infiltraci\u00f3n en redes sociales y la participaci\u00f3n activa en comunidades virtuales para obtener informaci\u00f3n. <strong>Estas facultades, seg\u00fan expertos, podr\u00edan poner en riesgo la privacidad y los derechos civiles si no se aplican con controles claros y mecanismos de rendici\u00f3n de cuentas.<\/strong><\/p>\n<div class=\"inter_image image_horizontal\">\n<picture><source class=\"img-responsive\" type=\"image\/webp\" data-srcset=\"\/filesedc\/uploads\/image\/post\/screenshot-2025-06-18-at-16-21-45-ley-de-inteligencia---buscar-con-google_300_200.webp 300w, \n\/filesedc\/uploads\/image\/post\/screenshot-2025-06-18-at-16-21-45-ley-de-inteligencia---buscar-con-google_630_420.webp 630w,\n                                \/filesedc\/uploads\/image\/post\/screenshot-2025-06-18-at-16-21-45-ley-de-inteligencia---buscar-con-google_760_507.webp 760w,\n                                \/filesedc\/uploads\/image\/post\/screenshot-2025-06-18-at-16-21-45-ley-de-inteligencia---buscar-con-google_1200_800.webp 1200w,\n                                \/filesedc\/uploads\/image\/post\/screenshot-2025-06-18-at-16-21-45-ley-de-inteligencia---buscar-con-google_1600_1067.webp 1600w\"><img decoding=\"async\" src=\"https:\/\/derechadiario.com.ar\/filesedc\/uploads\/image\/post\/screenshot-2025-06-18-at-16-21-45-ley-de-inteligencia---buscar-con-google_1200_800.webp\" class=\"img-responsive lazyload\" alt=\"Persona con sudadera con capucha frente a gr\u00e1ficos digitales y advertencias de ciberseguridad junto a una mano levantada en se\u00f1al de alto y una sala de reuniones al fondo\" title=\"Persona con sudadera con capucha frente a gr\u00e1ficos digitales y advertencias de ciberseguridad junto a una mano levantada en se\u00f1al de alto y una sala de reuniones al fondo\"><\/picture>\n<div>\n<span class=\"img_footer\">La nueva Ley de Inteligencia <\/span>| <span class=\"img_author\">La Derecha Diario<\/span>\n<\/div>\n<\/div>\n<p>La norma proh\u00edbe expresamente obtener informaci\u00f3n por razones de etnia, religi\u00f3n, pol\u00edtica u orientaci\u00f3n sexual. <strong>Tampoco se podr\u00e1 usar a menores en operaciones de inteligencia o contrainteligencia.<\/strong> Cualquier violaci\u00f3n a estas restricciones se considerar\u00e1 una infracci\u00f3n grave, sujeta a sanciones administrativas y penales.<\/p>\n<p><strong>Las nuevas disposiciones han reavivado el debate sobre<a href=\"https:\/\/derechadiario.com.ar\/ecuador\/politica\/gira-daniel-noboa-fortalecio-alianzas-con-china-espana-e-italia\" title=\"La gira de Daniel Noboa fortaleci\u00f3 alianzas con China, Espa\u00f1a e Italia\"> los l\u00edmites entre seguridad<\/a> y derechos fundamentales.<\/strong> Organizaciones civiles han pedido mayor transparencia y fiscalizaci\u00f3n para evitar abusos en el uso de estas facultades. Tambi\u00e9n han solicitado que se cree un ente aut\u00f3nomo encargado de supervisar las actividades de inteligencia desde una perspectiva de derechos humanos.<\/p>\n<p><strong>La Ley de Inteligencia representa un cambio estructural en la gesti\u00f3n de la seguridad estatal.<\/strong> <strong>Su aplicaci\u00f3n demandar\u00e1 vigilancia ciudadana para evitar que los mecanismos de control se conviertan en instrumentos de abuso.<\/strong> Este escenario plantea un reto democr\u00e1tico en cuanto al equilibrio entre la seguridad nacional y la preservaci\u00f3n de libertades individuales.<\/p>\n","protected":false},"excerpt":{"rendered":"<p>La entrada en vigor de la nueva Ley de Inteligencia transform\u00f3 la estructura de vigilancia estatal en Ecuador. El Centro de Inteligencia Estrat\u00e9gica (CIES), dirigido por Michele Sensi-Contugi, asumi\u00f3 nuevas atribuciones con apoyo legal ampliado. Este organismo se posiciona como el ente rector de las operaciones de inteligencia del pa\u00eds, estableciendo canales formales de coordinaci\u00f3n [&hellip;]<\/p>\n","protected":false},"author":2,"featured_media":8227,"comment_status":"open","ping_status":"open","sticky":false,"template":"","format":"standard","meta":{"_et_pb_use_builder":"","_et_pb_old_content":"","_et_gb_content_width":"","footnotes":""},"categories":[84],"tags":[],"class_list":["post-8226","post","type-post","status-publish","format-standard","has-post-thumbnail","hentry","category-ultimomomento"],"_links":{"self":[{"href":"https:\/\/verdadincomodadiario.ar\/index.php?rest_route=\/wp\/v2\/posts\/8226","targetHints":{"allow":["GET"]}}],"collection":[{"href":"https:\/\/verdadincomodadiario.ar\/index.php?rest_route=\/wp\/v2\/posts"}],"about":[{"href":"https:\/\/verdadincomodadiario.ar\/index.php?rest_route=\/wp\/v2\/types\/post"}],"author":[{"embeddable":true,"href":"https:\/\/verdadincomodadiario.ar\/index.php?rest_route=\/wp\/v2\/users\/2"}],"replies":[{"embeddable":true,"href":"https:\/\/verdadincomodadiario.ar\/index.php?rest_route=%2Fwp%2Fv2%2Fcomments&post=8226"}],"version-history":[{"count":0,"href":"https:\/\/verdadincomodadiario.ar\/index.php?rest_route=\/wp\/v2\/posts\/8226\/revisions"}],"wp:featuredmedia":[{"embeddable":true,"href":"https:\/\/verdadincomodadiario.ar\/index.php?rest_route=\/wp\/v2\/media\/8227"}],"wp:attachment":[{"href":"https:\/\/verdadincomodadiario.ar\/index.php?rest_route=%2Fwp%2Fv2%2Fmedia&parent=8226"}],"wp:term":[{"taxonomy":"category","embeddable":true,"href":"https:\/\/verdadincomodadiario.ar\/index.php?rest_route=%2Fwp%2Fv2%2Fcategories&post=8226"},{"taxonomy":"post_tag","embeddable":true,"href":"https:\/\/verdadincomodadiario.ar\/index.php?rest_route=%2Fwp%2Fv2%2Ftags&post=8226"}],"curies":[{"name":"wp","href":"https:\/\/api.w.org\/{rel}","templated":true}]}}