{"id":8224,"date":"2025-06-18T22:38:49","date_gmt":"2025-06-18T22:38:49","guid":{"rendered":"https:\/\/verdadincomodadiario.ar\/?p=8224"},"modified":"2025-06-18T22:38:49","modified_gmt":"2025-06-18T22:38:49","slug":"cordoba-menor-de-15-anos-implicado-en-asesinato-volvio-a-ser-detenido-con-un-arma","status":"publish","type":"post","link":"https:\/\/verdadincomodadiario.ar\/?p=8224","title":{"rendered":"C\u00f3rdoba: menor de 15 a\u00f1os implicado en asesinato volvi\u00f3 a ser detenido con un arma"},"content":{"rendered":"<p>La Polic\u00eda de C\u00f3rdoba <strong>volvi\u00f3 a detener al <a href=\"https:\/\/derechadiario.com.ar\/sociedad\/detienen-dos-menores-por-intento-robo-policia-que-baleo-joven-cordoba\" title=\"Detienen a dos menores por intento de robo a polic\u00eda que bale\u00f3 a un joven en C\u00f3rdoba\">menor de 15 a\u00f1os<\/a> implicado en el asesinato de Sebasti\u00e1n Villarreal.<\/strong> La aprehensi\u00f3n ocurri\u00f3 este martes al mediod\u00eda, tras un seguimiento en avenida Sabattini al 5.250, en zona este. Es la <strong><a href=\"https:\/\/derechadiario.com.ar\/sociedad\/cordoba-detienen-otra-vez-menor-15-anos-que-ataco-auto-policia-con-molotov\" title=\"C\u00f3rdoba: detienen otra vez a menor de 15 a\u00f1os que atac\u00f3 un auto de polic\u00eda con molotov\">tercera vez<\/a> en menos de un mes que el adolescente es capturado por nuevos hechos delictivos.<\/strong><\/p>\n<p>El joven viajaba como acompa\u00f1ante en una moto que circulaba en contramano cuando fue detectado por la Polic\u00eda. Al advertir la presencia policial, <strong>el conductor intent\u00f3 escapar<\/strong>, lo que gener\u00f3 una persecuci\u00f3n breve. Ambos cayeron del rodado; el conductor logr\u00f3 fugarse, pero el menor fue detenido en el lugar.<\/p>\n<p>Durante la requisa, los agentes encontraron entre sus ropas $46.500 en efectivo y un celular de alta gama. Tambi\u00e9n <strong>portaba una r\u00e9plica de arma de fuego tipo pistola<\/strong>, de color negro, <strong>en condiciones de intimidaci\u00f3n.<\/strong> No hubo heridos en el procedimiento y el menor qued\u00f3 bajo custodia para nuevas averiguaciones.<\/p>\n<div class=\"inter_image image_vertical\">\n<picture><source class=\"img-responsive\" type=\"image\/webp\" data-srcset=\"\/filesedc\/uploads\/image\/post\/117_300_400.webp 300w, \n\/filesedc\/uploads\/image\/post\/117_630_840.webp 630w,\n                                \/filesedc\/uploads\/image\/post\/117_760_1013.webp 760w,\n                                \/filesedc\/uploads\/image\/post\/117_1200_1600.webp 1200w,\n                                \/filesedc\/uploads\/image\/post\/117_1600_2133.webp 1600w\"><img decoding=\"async\" src=\"https:\/\/derechadiario.com.ar\/filesedc\/uploads\/image\/post\/117_1200_1600.webp\" class=\"img-responsive lazyload\" alt=\"Billetes de diferentes denominaciones, dos piedras, un paquete peque\u00f1o, dos tel\u00e9fonos m\u00f3viles y una pistola sobre el cofre de un veh\u00edculo azul\" title=\"Billetes de diferentes denominaciones, dos piedras, un paquete peque\u00f1o, dos tel\u00e9fonos m\u00f3viles y una pistola sobre el cofre de un veh\u00edculo azul\"><\/picture>\n<div>\n<span class=\"img_footer\">Bienes secuestrados por la polic\u00eda luego de su \u00faltima detenci\u00f3n. <\/span>| <span class=\"img_author\">La Derecha Diario<\/span>\n<\/div>\n<\/div>\n<h2>Un historial delictivo amplio a tan temprana edad<\/h2>\n<p>Conocido como \u201c<strong>El Orejudo<\/strong>\u201d, el <strong>menor ya acumulaba m\u00faltiples detenciones previas<\/strong>. En redes sociales <strong>se mostraba armado, ostentando dinero y burl\u00e1ndose de la autoridad<\/strong>. Estas publicaciones reflejan una preocupante naturalizaci\u00f3n de la violencia entre menores con m\u00faltiples causas abiertas.<\/p>\n<aside class=\"are-you-interested-container-photo\"><\/aside>\n<figure><img decoding=\"async\" src=\"https:\/\/derechadiario.com.ar\/filesedc\/uploads\/image\/post\/118_1200_1600.webp\" class=\"img-responsive lazyload\" alt=\"Joven sin camisa sentado en una motocicleta roja junto a una pared, con dos c\u00edrculos rojos marcando su pantal\u00f3n y un texto en la parte inferior que dice al mal tiempo una sonrisa acompa\u00f1ado de emojis\" title=\"Joven sin camisa sentado en una motocicleta roja junto a una pared, con dos c\u00edrculos rojos marcando su pantal\u00f3n y un texto en la parte inferior que dice al mal tiempo una sonrisa acompa\u00f1ado de emojis\"><\/figure>\n<p>La \u00a0<strong>primera detenci\u00f3n<\/strong>\u00a0se remonta a principios de mayo, en barrio Col\u00f3n, cuando intent\u00f3 robar una moto junto a un c\u00f3mplice de 16 a\u00f1os. <strong>Ambos fueron sorprendidos por la Polic\u00eda durante el intento de asalto<\/strong>, que tuvo como v\u00edctima a un efectivo de la fuerza. En ese momento, el adolescente resid\u00eda en Villa Carlos Paz bajo la custodia de su familia, seg\u00fan los informes oficiales.<\/p>\n<p>La <strong>segunda detenci\u00f3n<\/strong> ocurri\u00f3 a fines de mayo en Villa Carlos Paz, durante un operativo de control vehicular. El menor <strong>manejaba un Fiat Cronos con pedido de captura activo<\/strong>, lo que motiv\u00f3 una inspecci\u00f3n detallada del rodado. En el auto hallaron cuatro chapas patente adulteradas y herramientas usadas para violentar cerraduras y cristales.<\/p>\n<figure><img decoding=\"async\" src=\"https:\/\/derechadiario.com.ar\/filesedc\/uploads\/image\/post\/120_1200_800.webp\" class=\"img-responsive lazyload\" alt=\"Joven con el rostro pixelado usando una camiseta azul con un cocodrilo blanco al frente de un edificio de concreto y \u00e1rboles\" title=\"Joven con el rostro pixelado usando una camiseta azul con un cocodrilo blanco al frente de un edificio de concreto y \u00e1rboles\"><\/figure>\n<h2>El crimen de Villarreal y la reacci\u00f3n de la familia<\/h2>\n<p>Sebasti\u00e1n Villarreal, de 46 a\u00f1os,\u00a0<strong>fue asesinado a balazos en febrero de 2024<\/strong> durante un intento de robo en barrio Yofre Norte. Los motochorros le dispararon tras robarle su moto, ignorando sus s\u00faplicas: \u201c<strong>Tengo dos hijos, no me mates, por favor<\/strong>\u201d. El crimen fue registrado por c\u00e1maras de seguridad y conmocion\u00f3 a todo el sector noreste de la capital cordobesa.<\/p>\n<p>Jimena, hermana de la v\u00edctima, cuestion\u00f3 duramente al sistema: \u201cNo puede ser que nadie sepa d\u00f3nde est\u00e1 este chico\u201d. \u201cEstamos ante la antesala de otra tragedia\u201d, afirm\u00f3, exigiendo medidas concretas y que dejen de liberarlo con su prontuario. <strong>El menor imputado ya hab\u00eda sido alojado en el Complejo Esperanza, pero <a href=\"https:\/\/derechadiario.com.ar\/sociedad\/cordoba-tres-menores-con-antecedentes-incendiaron-auto-policia\" title=\"C\u00f3rdoba: tres menores con antecedentes incendiaron el auto de un polic\u00eda\">fue liberado<\/a><\/strong><a href=\"https:\/\/derechadiario.com.ar\/sociedad\/cordoba-tres-menores-con-antecedentes-incendiaron-auto-policia\" title=\"C\u00f3rdoba: tres menores con antecedentes incendiaron el auto de un polic\u00eda\"> pese a sus antecedentes.<\/a><\/p>\n<aside class=\"whatsappChannelText\"><a href=\"https:\/\/whatsapp.com\/channel\/0029VagEjILGE56eKjedWF2U\" rel=\"nofollow\" title=\"WhatsApp Link\"><img alt=\"Logo de WhatsApp\" class=\"lazyload\" data-src=\"https:\/\/derechadiario.com.ar\/filesedc\/uploads\/other\/whatsapp_icon_mid_article.png\" width=\"32\" height=\"32\"><\/a> <a href=\"https:\/\/whatsapp.com\/channel\/0029VagEjILGE56eKjedWF2U\" rel=\"nofollow\" title=\"WhatsApp Link\"><strong>NO SE PIERDAN NINGUNA NOTICIA<\/strong>: Click aqu\u00ed para sumarte <strong>GRATIS<\/strong> al canal de noticias de <strong>La Derecha Diario en WhatsApp.<\/strong><\/a><\/aside>\n<figure><img decoding=\"async\" src=\"https:\/\/derechadiario.com.ar\/filesedc\/uploads\/image\/post\/119_1200_800.webp\" class=\"img-responsive lazyload\" alt=\"Dos personas sentadas en una motocicleta, una de ellas sostiene un arma de fuego y la otra un tel\u00e9fono m\u00f3vil, ambas con el rostro cubierto.\" title=\"Dos personas sentadas en una motocicleta, una de ellas sostiene un arma de fuego y la otra un tel\u00e9fono m\u00f3vil, ambas con el rostro cubierto.\"><\/figure>\n<h2>Una banda con m\u00faltiples delitos<\/h2>\n<p>La investigaci\u00f3n de la muerte de Villarreal identific\u00f3 a <strong>cinco sospechosos de una banda dedicada al robo de motos.<\/strong>\u00a0 El adolescente de 15 a\u00f1os aparece vinculado a varios hechos violentos, pese a no poder ser juzgado penalmente. Desde la familia denuncian abandono institucional y <strong><a href=\"https:\/\/derechadiario.com.ar\/sociedad\/mas-inseguridad-cordoba-intentaron-robar-escuela-y-quedo-todo-video\" title=\"M\u00e1s inseguridad en C\u00f3rdoba: intentaron robar una escuela y qued\u00f3 todo en video\">temen por su seguridad<\/a> ante una nueva liberaci\u00f3n.<\/strong><\/p>\n<hr>\n","protected":false},"excerpt":{"rendered":"<p>La Polic\u00eda de C\u00f3rdoba volvi\u00f3 a detener al menor de 15 a\u00f1os implicado en el asesinato de Sebasti\u00e1n Villarreal. La aprehensi\u00f3n ocurri\u00f3 este martes al mediod\u00eda, tras un seguimiento en avenida Sabattini al 5.250, en zona este. Es la tercera vez en menos de un mes que el adolescente es capturado por nuevos hechos delictivos. [&hellip;]<\/p>\n","protected":false},"author":2,"featured_media":8225,"comment_status":"open","ping_status":"open","sticky":false,"template":"","format":"standard","meta":{"_et_pb_use_builder":"","_et_pb_old_content":"","_et_gb_content_width":"","footnotes":""},"categories":[84],"tags":[],"class_list":["post-8224","post","type-post","status-publish","format-standard","has-post-thumbnail","hentry","category-ultimomomento"],"_links":{"self":[{"href":"https:\/\/verdadincomodadiario.ar\/index.php?rest_route=\/wp\/v2\/posts\/8224","targetHints":{"allow":["GET"]}}],"collection":[{"href":"https:\/\/verdadincomodadiario.ar\/index.php?rest_route=\/wp\/v2\/posts"}],"about":[{"href":"https:\/\/verdadincomodadiario.ar\/index.php?rest_route=\/wp\/v2\/types\/post"}],"author":[{"embeddable":true,"href":"https:\/\/verdadincomodadiario.ar\/index.php?rest_route=\/wp\/v2\/users\/2"}],"replies":[{"embeddable":true,"href":"https:\/\/verdadincomodadiario.ar\/index.php?rest_route=%2Fwp%2Fv2%2Fcomments&post=8224"}],"version-history":[{"count":0,"href":"https:\/\/verdadincomodadiario.ar\/index.php?rest_route=\/wp\/v2\/posts\/8224\/revisions"}],"wp:featuredmedia":[{"embeddable":true,"href":"https:\/\/verdadincomodadiario.ar\/index.php?rest_route=\/wp\/v2\/media\/8225"}],"wp:attachment":[{"href":"https:\/\/verdadincomodadiario.ar\/index.php?rest_route=%2Fwp%2Fv2%2Fmedia&parent=8224"}],"wp:term":[{"taxonomy":"category","embeddable":true,"href":"https:\/\/verdadincomodadiario.ar\/index.php?rest_route=%2Fwp%2Fv2%2Fcategories&post=8224"},{"taxonomy":"post_tag","embeddable":true,"href":"https:\/\/verdadincomodadiario.ar\/index.php?rest_route=%2Fwp%2Fv2%2Ftags&post=8224"}],"curies":[{"name":"wp","href":"https:\/\/api.w.org\/{rel}","templated":true}]}}