{"id":822,"date":"2025-03-28T18:23:53","date_gmt":"2025-03-28T18:23:53","guid":{"rendered":"https:\/\/verdadincomodadiario.ar\/?p=822"},"modified":"2025-03-28T18:23:53","modified_gmt":"2025-03-28T18:23:53","slug":"el-fmi-confirmo-que-el-nuevo-acuerdo-con-argentina-sera-por-usd-20-mil-millones","status":"publish","type":"post","link":"https:\/\/verdadincomodadiario.ar\/?p=822","title":{"rendered":"El FMI confirm\u00f3 que el nuevo acuerdo con Argentina ser\u00e1 por USD 20 mil millones"},"content":{"rendered":"<p>El ministro de Economia argentino, <a href=\"https:\/\/derechadiario.com.ar\/economia\/caputo-confirmo-acuerdo-con-fmi-por-usd-20000-millones\" target=\"_blank\" title=\"Caputo confirm\u00f3 un acuerdo con el FMI por USD 20.000 millones\"><strong>Luis &#8220;Toto&#8221;\u00a0Caputo<\/strong><\/a>,\u00a0fue respaldado desde Washington tras su declaraci\u00f3n del jueves sobre el nuevo acuerdo con el <strong>Fondo Monetario Internacional<\/strong> (FMI).<\/p>\n<p>Un vocero del FMI confirm\u00f3: &#8220;<strong>Podemos confirmar que el\u00a0Director Gerente se comunic\u00f3 con el Ministro Caputo para analizar los pr\u00f3ximos pasos en la preparaci\u00f3n de un nuevo programa\u00a0del SAF de 4 a\u00f1os,\u00a0y que las autoridades argentinas solicitaron un paquete de financiamiento total de US$20 000 millones<\/strong>&#8220;.<\/p>\n<p>Ese mismo jueves, la portavoz del Fondo Monetario Internacional, <strong>Julie Kozack<\/strong>, al ser consultada por periodistas <a href=\"https:\/\/derechadiario.com.ar\/politica\/javier-milei-se-reunira-con-donald-trump-visita-oficial-casa-blanca\" target=\"_blank\" title=\"Javier Milei se reunir\u00e1 con Donald Trump en una visita oficial a la Casa Blanca\">argentinos<\/a>, se limit\u00f3 a se\u00f1alar que el monto ser\u00e1 &#8220;<strong>significativo<\/strong>&#8220;, sin dar m\u00e1s detalles.<\/p>\n<div class=\"inter_image image_horizontal\">\n<picture><source class=\"img-responsive\" type=\"image\/webp\" data-srcset=\"\/filesedc\/uploads\/image\/post\/678bb4f4f00a8_300_200.webp 300w, \n\/filesedc\/uploads\/image\/post\/678bb4f4f00a8_630_420.webp 630w,\n                                \/filesedc\/uploads\/image\/post\/678bb4f4f00a8_760_507.webp 760w,\n                                \/filesedc\/uploads\/image\/post\/678bb4f4f00a8_1200_800.webp 1200w,\n                                \/filesedc\/uploads\/image\/post\/678bb4f4f00a8_1600_1067.webp 1600w\"><img decoding=\"async\" src=\"https:\/\/derechadiario.com.ar\/filesedc\/uploads\/image\/post\/678bb4f4f00a8_1200_800.webp\" class=\"img-responsive lazyload\" alt=\"Dos personas posando para una selfie en un interior.\" title=\"Dos personas posando para una selfie en un interior.\"><\/picture>\n<div>\n<span class=\"img_footer\">Javier Milei y Luis Caputo. <\/span>| <span class=\"img_author\">La Derecha Diario<\/span>\n<\/div>\n<\/div>\n<p>Desde el organismo financiero\u00a0afirman que\u00a0&#8220;<strong>cualquier paquete acordado y su escalonamiento est\u00e1n sujetos a la aprobaci\u00f3n del\u00a0Directorio Ejecutivo del FMI.\u00a0Como ya hemos mencionado, el progreso del nuevo programa est\u00e1 muy avanzado<\/strong>&#8220;.<\/p>\n<aside class=\"are-you-interested-container-photo\"><\/aside>\n<p>Adem\u00e1s, reiteran lo que se lleva\u00a0diciendo desde el inicio del Gobierno de Javier Milei: &#8220;<strong>La colaboraci\u00f3n contin\u00faa a todos los niveles para finalizar un acuerdo que ayude a Argentina a consolidar su ya exitoso programa econ\u00f3mico<\/strong>&#8220;.<\/p>\n<h2>Las palabras de Caputo<\/h2>\n<p>En el d\u00eda de ayer, el ministro de Econom\u00eda,\u00a0Luis Caputo, anunci\u00f3 que el acuerdo con el Fondo Monetario Internacional (FMI) en negociaci\u00f3n alcanzar\u00e1 un total de <strong>USD 20.000 millones<\/strong>.<\/p>\n<figure><img decoding=\"async\" src=\"https:\/\/derechadiario.com.ar\/filesedc\/uploads\/image\/post\/6-3_1200_800.webp\" class=\"img-responsive lazyload\" alt=\"Un hombre sonriendo con traje y corbata.\" title=\"Un hombre sonriendo con traje y corbata.\"><\/figure>\n<p>La declaraci\u00f3n fue realizada durante la XXIII Conferencia Anual sobre Regulaci\u00f3n y Supervisi\u00f3n de Seguros en Am\u00e9rica Latina ASSAL IAIS 2025, celebrada en la Bolsa de Comercio de Buenos Aires.<\/p>\n<aside class=\"whatsappChannelText\"><a href=\"https:\/\/whatsapp.com\/channel\/0029VagEjILGE56eKjedWF2U\" rel=\"nofollow\" title=\"WhatsApp Link\"><img alt=\"Logo de WhatsApp\" class=\"lazyload\" data-src=\"https:\/\/derechadiario.com.ar\/filesedc\/uploads\/other\/whatsapp_icon_mid_article.png\" width=\"32\" height=\"32\"><\/a> <a href=\"https:\/\/whatsapp.com\/channel\/0029VagEjILGE56eKjedWF2U\" rel=\"nofollow\" title=\"WhatsApp Link\"><strong>NO SE PIERDAN NINGUNA NOTICIA<\/strong>: Click aqu\u00ed para sumarte <strong>GRATIS<\/strong> al canal de noticias de <strong>La Derecha Diario en WhatsApp.<\/strong><\/a><\/aside>\n<p>Caputo destac\u00f3 que la cifra ser\u00e1 presentada formalmente una vez que el directorio del\u00a0FMI\u00a0avance con la aprobaci\u00f3n definitiva. En paralelo,\u00a0el Gobierno de Milei est\u00e1 negociando paquetes adicionales de financiamiento con el Banco Mundial, el BID y la CAF, todos de libre disponibilidad, con el mismo fin de robustecer las reservas.<\/p>\n<p>El ministro tambi\u00e9n detall\u00f3 que, con la suma de estos nuevos aportes, \u00a0las reservas brutas del Banco Central <strong>podr\u00edan alcanzar los USD 50.000 millones en los pr\u00f3ximos meses<\/strong>.<\/p>\n","protected":false},"excerpt":{"rendered":"<p>El ministro de Economia argentino, Luis &#8220;Toto&#8221;\u00a0Caputo,\u00a0fue respaldado desde Washington tras su declaraci\u00f3n del jueves sobre el nuevo acuerdo con el Fondo Monetario Internacional (FMI). Un vocero del FMI confirm\u00f3: &#8220;Podemos confirmar que el\u00a0Director Gerente se comunic\u00f3 con el Ministro Caputo para analizar los pr\u00f3ximos pasos en la preparaci\u00f3n de un nuevo programa\u00a0del SAF de [&hellip;]<\/p>\n","protected":false},"author":2,"featured_media":823,"comment_status":"open","ping_status":"open","sticky":false,"template":"","format":"standard","meta":{"_et_pb_use_builder":"","_et_pb_old_content":"","_et_gb_content_width":"","footnotes":""},"categories":[80],"tags":[],"class_list":["post-822","post","type-post","status-publish","format-standard","has-post-thumbnail","hentry","category-economia-2"],"_links":{"self":[{"href":"https:\/\/verdadincomodadiario.ar\/index.php?rest_route=\/wp\/v2\/posts\/822","targetHints":{"allow":["GET"]}}],"collection":[{"href":"https:\/\/verdadincomodadiario.ar\/index.php?rest_route=\/wp\/v2\/posts"}],"about":[{"href":"https:\/\/verdadincomodadiario.ar\/index.php?rest_route=\/wp\/v2\/types\/post"}],"author":[{"embeddable":true,"href":"https:\/\/verdadincomodadiario.ar\/index.php?rest_route=\/wp\/v2\/users\/2"}],"replies":[{"embeddable":true,"href":"https:\/\/verdadincomodadiario.ar\/index.php?rest_route=%2Fwp%2Fv2%2Fcomments&post=822"}],"version-history":[{"count":0,"href":"https:\/\/verdadincomodadiario.ar\/index.php?rest_route=\/wp\/v2\/posts\/822\/revisions"}],"wp:featuredmedia":[{"embeddable":true,"href":"https:\/\/verdadincomodadiario.ar\/index.php?rest_route=\/wp\/v2\/media\/823"}],"wp:attachment":[{"href":"https:\/\/verdadincomodadiario.ar\/index.php?rest_route=%2Fwp%2Fv2%2Fmedia&parent=822"}],"wp:term":[{"taxonomy":"category","embeddable":true,"href":"https:\/\/verdadincomodadiario.ar\/index.php?rest_route=%2Fwp%2Fv2%2Fcategories&post=822"},{"taxonomy":"post_tag","embeddable":true,"href":"https:\/\/verdadincomodadiario.ar\/index.php?rest_route=%2Fwp%2Fv2%2Ftags&post=822"}],"curies":[{"name":"wp","href":"https:\/\/api.w.org\/{rel}","templated":true}]}}