{"id":8208,"date":"2025-06-18T21:26:34","date_gmt":"2025-06-18T21:26:34","guid":{"rendered":"https:\/\/verdadincomodadiario.ar\/?p=8208"},"modified":"2025-06-18T21:26:34","modified_gmt":"2025-06-18T21:26:34","slug":"juan-castillo-apreto-al-fiscal-que-investiga-corrupcion-en-el-partido-comunista","status":"publish","type":"post","link":"https:\/\/verdadincomodadiario.ar\/?p=8208","title":{"rendered":"Juan Castillo apret\u00f3 al fiscal que investiga corrupci\u00f3n en el Partido Comunista"},"content":{"rendered":"<p>El ministro de Trabajo y secretario general del Partido Comunista (PCU), Juan Castillo, pidi\u00f3 al fiscal Gilberto Rodr\u00edguez ser m\u00e1s &#8220;<strong>cuidadoso<\/strong>&#8221; y &#8220;<strong>prudente<\/strong>&#8221; con sus declaraciones p\u00fablicas.\u00a0<\/p>\n<p>Este mi\u00e9rcoles 18 en una rueda de prensa el cacique del comunismo uruguayo envi\u00f3 un mensaje absolutamente fuera de lugar e <strong>inconveniente<\/strong> en una democracia.<\/p>\n<p>Mal usando su cargo de ministro del Poder Ejecutivo, el secretario general del PCU mand\u00f3 a <strong>callar<\/strong> al fiscal penal Gilberto Rodr\u00edguez que tiene a su cargo la investigaci\u00f3n del <strong>financiamiento<\/strong> ilegal del Partido Comunista y la mega <strong>estafa<\/strong> en el Sunca, sindicato de la construcci\u00f3n dirigido desde siempre por el PCU.\u00a0<\/p>\n<div class=\"inter_image image_horizontal\">\n<picture><source class=\"img-responsive\" type=\"image\/webp\" data-srcset=\"\/filesedc\/uploads\/image\/post\/fiscal-guardian-gilberto_300_200.webp 300w, \n\/filesedc\/uploads\/image\/post\/fiscal-guardian-gilberto_630_420.webp 630w,\n                                \/filesedc\/uploads\/image\/post\/fiscal-guardian-gilberto_760_507.webp 760w,\n                                \/filesedc\/uploads\/image\/post\/fiscal-guardian-gilberto_1200_800.webp 1200w,\n                                \/filesedc\/uploads\/image\/post\/fiscal-guardian-gilberto_1600_1067.webp 1600w\"><img decoding=\"async\" src=\"https:\/\/derechadiario.com.ar\/filesedc\/uploads\/image\/post\/fiscal-guardian-gilberto_1200_800.webp\" class=\"img-responsive lazyload\" alt=\"Hombre calvo con gafas y traje oscuro hablando frente a una pared clara\" title=\"Hombre calvo con gafas y traje oscuro hablando frente a una pared clara\"><\/picture>\n<div>\n<span class=\"img_footer\">Fiscal Gilberto Rodr\u00edguez  <\/span>| <span class=\"img_author\">La Derecha Diario<\/span>\n<\/div>\n<\/div>\n<h2>Declaraci\u00f3n peligrosa<\/h2>\n<p>Castillo env\u00eda un mensaje al fiscal que perfectamente se puede interpretarse como un <strong>apriete<\/strong>.<\/p>\n<p>No quiere que el fiscal Rodr\u00edguez se manifieste p\u00fablicamente sobre la <strong>investigaci\u00f3n<\/strong> penal en curso.\u00a0<\/p>\n<p>No lo dice cualquiera, es un ministro de Estado que se sienta al lado del presidente de la Rep\u00fablica.<\/p>\n<p>Aprovech\u00f3 una rueda de prensa llena de cronistas y fot\u00f3grafos para enviarle un <strong>mensaje<\/strong> al fiscal.\u00a0<\/p>\n<p>Rodr\u00edguez, <strong>fiscal<\/strong> de Delitos Econ\u00f3micos y Complejos de 3\u00ba turno, investiga el desv\u00edo de dinero del Fondo Social de Vivienda de Obreros de la Construcci\u00f3n (Fosvoc).\u00a0<\/p>\n<figure><img decoding=\"async\" src=\"https:\/\/derechadiario.com.ar\/filesedc\/uploads\/image\/post\/553eee60d42b6d2dd18b6ee1e3cd6428l_1200_800.webp\" class=\"img-responsive lazyload\" alt=\"Placa met\u00e1lica en la entrada de un edificio con el logo y el texto Fiscal\u00eda General de la Naci\u00f3n\" title=\"Placa met\u00e1lica en la entrada de un edificio con el logo y el texto Fiscal\u00eda General de la Naci\u00f3n\"><\/figure>\n<p>Logr\u00f3 la condena penal de Santiago Bernaola, Bruno Bertolio y V\u00edctor Rivero como coautores de apropiaci\u00f3n indebida, <strong>estafa<\/strong>, asociaci\u00f3n para delinquir y asistencia al lavado con penas de m\u00e1s de dos a\u00f1os de c\u00e1rceles.<\/p>\n<p>Todos eran <strong>militantes<\/strong> del PCU desde hace varios a\u00f1os.<\/p>\n<h2>Estafa millonaria<\/h2>\n<p>Tras la audiencia, el fiscal estim\u00f3 la maniobra <strong>fraudulenta<\/strong> en 1.200.000 millones.<\/p>\n<p>Se\u00f1al\u00f3 &#8220;En principio, aparece de manera bastante s\u00f3lida, consolidada, de que parte de ese dinero, no sabemos bien qu\u00e9 porcentaje, iba para el <strong>financiamiento<\/strong> del Partido Comunista y del Sunca&#8221;.<\/p>\n<p>T\u00e9ngase en cuenta que el dinero desviado del Fondo de la Construcci\u00f3n pertenec\u00eda a los trabajadores, a los obreros que de buena fe depositaban el <strong>dinero<\/strong> en el Fondo.<\/p>\n<h2>Conducta antidemocr\u00e1tica<\/h2>\n<p>Lo que est\u00e1 haciendo Juan Castillo es totalmente <strong>antidemocr\u00e1tico<\/strong> pero en realidad condice con su ideolog\u00eda totalitaria.\u00a0<\/p>\n<p>Los comunistas, en todas partes del mundo, no saben vivir en democracia, no respetan la separaci\u00f3n de los del Estado, y quieren <strong>avasallar<\/strong> a jueces y fiscales independientes.\u00a0<\/p>\n<p>Si es verdad que el PCU no est\u00e1 implicado en financiamiento <strong>ilegal<\/strong> Castillo deber\u00eda estar tranquilo.<\/p>\n<p>Si sale a la prensa a apretar al fiscal que est\u00e1 investigando el caso seguramente tenga algo que <strong>esconder<\/strong>.<\/p>\n<figure><img decoding=\"async\" src=\"https:\/\/derechadiario.com.ar\/filesedc\/uploads\/image\/post\/fachada-sunca_1200_800.webp\" class=\"img-responsive lazyload\" alt=\"Cartel met\u00e1lico en la pared de un edificio con el logo de un muro de ladrillos y herramientas, el texto SUNCA y la leyenda Sindicato \u00danico Nacional de la Construcci\u00f3n y Anexos junto a varios logotipos peque\u00f1os en la parte inferior\" title=\"Cartel met\u00e1lico en la pared de un edificio con el logo de un muro de ladrillos y herramientas, el texto SUNCA y la leyenda Sindicato \u00danico Nacional de la Construcci\u00f3n y Anexos junto a varios logotipos peque\u00f1os en la parte inferior\"><\/figure>\n<p>\u00bfPor qu\u00e9 est\u00e1 tan <strong>nervioso<\/strong>?, \u00bfpor que aprovecha una rueda de prensa para pedirle al fiscal del caso que no hable m\u00e1s p\u00fablicamente?.<\/p>\n<p>Todo es muy <strong>oscuro<\/strong>, muy turbio.<\/p>\n<p>Que un ministro del Poder Ejecutivo apriete p\u00fablicamente a un fiscal que lo est\u00e1 investigando es grave para la democracia.<\/p>\n","protected":false},"excerpt":{"rendered":"<p>El ministro de Trabajo y secretario general del Partido Comunista (PCU), Juan Castillo, pidi\u00f3 al fiscal Gilberto Rodr\u00edguez ser m\u00e1s &#8220;cuidadoso&#8221; y &#8220;prudente&#8221; con sus declaraciones p\u00fablicas.\u00a0 Este mi\u00e9rcoles 18 en una rueda de prensa el cacique del comunismo uruguayo envi\u00f3 un mensaje absolutamente fuera de lugar e inconveniente en una democracia. Mal usando su [&hellip;]<\/p>\n","protected":false},"author":2,"featured_media":8209,"comment_status":"open","ping_status":"open","sticky":false,"template":"","format":"standard","meta":{"_et_pb_use_builder":"","_et_pb_old_content":"","_et_gb_content_width":"","footnotes":""},"categories":[84],"tags":[],"class_list":["post-8208","post","type-post","status-publish","format-standard","has-post-thumbnail","hentry","category-ultimomomento"],"_links":{"self":[{"href":"https:\/\/verdadincomodadiario.ar\/index.php?rest_route=\/wp\/v2\/posts\/8208","targetHints":{"allow":["GET"]}}],"collection":[{"href":"https:\/\/verdadincomodadiario.ar\/index.php?rest_route=\/wp\/v2\/posts"}],"about":[{"href":"https:\/\/verdadincomodadiario.ar\/index.php?rest_route=\/wp\/v2\/types\/post"}],"author":[{"embeddable":true,"href":"https:\/\/verdadincomodadiario.ar\/index.php?rest_route=\/wp\/v2\/users\/2"}],"replies":[{"embeddable":true,"href":"https:\/\/verdadincomodadiario.ar\/index.php?rest_route=%2Fwp%2Fv2%2Fcomments&post=8208"}],"version-history":[{"count":0,"href":"https:\/\/verdadincomodadiario.ar\/index.php?rest_route=\/wp\/v2\/posts\/8208\/revisions"}],"wp:featuredmedia":[{"embeddable":true,"href":"https:\/\/verdadincomodadiario.ar\/index.php?rest_route=\/wp\/v2\/media\/8209"}],"wp:attachment":[{"href":"https:\/\/verdadincomodadiario.ar\/index.php?rest_route=%2Fwp%2Fv2%2Fmedia&parent=8208"}],"wp:term":[{"taxonomy":"category","embeddable":true,"href":"https:\/\/verdadincomodadiario.ar\/index.php?rest_route=%2Fwp%2Fv2%2Fcategories&post=8208"},{"taxonomy":"post_tag","embeddable":true,"href":"https:\/\/verdadincomodadiario.ar\/index.php?rest_route=%2Fwp%2Fv2%2Ftags&post=8208"}],"curies":[{"name":"wp","href":"https:\/\/api.w.org\/{rel}","templated":true}]}}