{"id":8196,"date":"2025-06-18T19:33:06","date_gmt":"2025-06-18T19:33:06","guid":{"rendered":"https:\/\/verdadincomodadiario.ar\/?p=8196"},"modified":"2025-06-18T19:33:06","modified_gmt":"2025-06-18T19:33:06","slug":"colapso-cloacal-en-pleno-centro-de-cordoba-familias-aisladas-en-su-propio-edificio","status":"publish","type":"post","link":"https:\/\/verdadincomodadiario.ar\/?p=8196","title":{"rendered":"Colapso cloacal en pleno centro de C\u00f3rdoba: familias aisladas en su propio edificio"},"content":{"rendered":"<p>Desde la noche del lunes, los habitantes de un edificio ubicado en Duarte Quir\u00f3s 640, en <a href=\"https:\/\/derechadiario.com.ar\/sociedad\/mes-del-derrumbe-cordoba-sigue-demolicion-y-las-pericias-judiciales\" title=\"A un mes del derrumbe en C\u00f3rdoba, sigue la demolici\u00f3n y las pericias judiciales\">C\u00f3rdoba Capital<\/a>,\u00a0viven una situaci\u00f3n cr\u00edtica. <strong>Una obstrucci\u00f3n en la red cloacal<\/strong> de la ciudad desat\u00f3 un desborde de l\u00edquidos servidos que aneg\u00f3 por completo el subsuelo del inmueble.<\/p>\n<p>En una zona c\u00e9ntrica y transitada, <strong>varias familias quedaron atrapadas sin servicios esenciales y con riesgo sanitario creciente<\/strong>. No hay agua ni energ\u00eda el\u00e9ctrica, y los ascensores fueron desactivados por seguridad.<\/p>\n<p>A medida que pasaron las horas, el problema se agrav\u00f3. <strong>El edificio qued\u00f3 aislado y las condiciones de habitabilidad se deterioran minuto a minuto<\/strong>. Pese a m\u00faltiples llamados y reclamos, ninguna autoridad municipal acudi\u00f3 al lugar para atender la emergencia.<\/p>\n<div class=\"inter_image image_horizontal\">\n<picture><source class=\"img-responsive\" type=\"image\/webp\" data-srcset=\"\/filesedc\/uploads\/image\/post\/captura-de-pantalla-2025-06-18-155028_300_200.webp 300w, \n\/filesedc\/uploads\/image\/post\/captura-de-pantalla-2025-06-18-155028_630_420.webp 630w,\n                                \/filesedc\/uploads\/image\/post\/captura-de-pantalla-2025-06-18-155028_760_507.webp 760w,\n                                \/filesedc\/uploads\/image\/post\/captura-de-pantalla-2025-06-18-155028_1200_800.webp 1200w,\n                                \/filesedc\/uploads\/image\/post\/captura-de-pantalla-2025-06-18-155028_1600_1067.webp 1600w\"><img decoding=\"async\" src=\"https:\/\/derechadiario.com.ar\/filesedc\/uploads\/image\/post\/captura-de-pantalla-2025-06-18-155028_1200_800.webp\" class=\"img-responsive lazyload\" alt=\"Escalera de concreto descendente con paredes desgastadas y un palo apoyado en la esquina inferior\" title=\"Escalera de concreto descendente con paredes desgastadas y un palo apoyado en la esquina inferior\"><\/picture>\n<div>\n<span class=\"img_footer\">Pese a los insistentes llamados a la\u00a0Municipalidad, hasta el momento no recibieron asistencia <\/span>| <span class=\"img_author\">La Derecha Diario<\/span>\n<\/div>\n<\/div>\n<h2>Emergencia sanitaria ignorada<\/h2>\n<p>La encargada del edificio, Beatriz, fue quien detect\u00f3 el problema por un olor nauseabundo que invadi\u00f3 el edificio durante la noche. <strong>\u201cEl t\u00e9cnico que vino confirm\u00f3 que no es un ca\u00f1o nuestro, es la red cloacal de la <a href=\"https:\/\/derechadiario.com.ar\/politica\/municipalidad-cordoba-megaestructura-descomunal-bajo-gestion-passerini\" title=\"Municipalidad de C\u00f3rdoba: una megaestructura descomunal bajo la gesti\u00f3n de Passerini\">Municipalidad<\/a> que est\u00e1 trabada\u201d<\/strong>, relat\u00f3. Desde entonces, el subsuelo permanece inundado por aguas residuales y el edificio sin ning\u00fan tipo de asistencia oficial.<\/p>\n<aside class=\"are-you-interested-container-photo\"><\/aside>\n<p>La situaci\u00f3n se volvi\u00f3 insostenible para quienes viven all\u00ed. <strong>\u201cSe nos mete todo lo que la otra gente tira. Estamos desesperados. Cerramos el suministro de agua, pero el edificio ya est\u00e1 lleno de l\u00edquido cloacal\u201d<\/strong>, denunci\u00f3 Beatriz.<\/p>\n<p>Pese a los insistentes llamados a la\u00a0Municipalidad, hasta el momento no recibieron asistencia, dejando a los vecinos atrapados en una emergencia sanitaria sin resolver. <strong>Aparentemente, <a href=\"https:\/\/derechadiario.com.ar\/politica\/cordoba-passerini-sigue-cobrando-recargos-municipales-boletas-aguas-cordobesas\" title=\"C\u00f3rdoba: Passerini sigue cobrando recargos municipales en boletas de Aguas Cordobesas\">Passerini<\/a> tiene sus propios desechos que tratar.<\/strong><\/p>\n<aside class=\"whatsappChannelText\"><a href=\"https:\/\/whatsapp.com\/channel\/0029VagEjILGE56eKjedWF2U\" rel=\"nofollow\" title=\"WhatsApp Link\"><img alt=\"Logo de WhatsApp\" class=\"lazyload\" data-src=\"https:\/\/derechadiario.com.ar\/filesedc\/uploads\/other\/whatsapp_icon_mid_article.png\" width=\"32\" height=\"32\"><\/a> <a href=\"https:\/\/whatsapp.com\/channel\/0029VagEjILGE56eKjedWF2U\" rel=\"nofollow\" title=\"WhatsApp Link\"><strong>NO SE PIERDAN NINGUNA NOTICIA<\/strong>: Click aqu\u00ed para sumarte <strong>GRATIS<\/strong> al canal de noticias de <strong>La Derecha Diario en WhatsApp.<\/strong><\/a><\/aside>\n<h2>\u00a0<\/h2>\n","protected":false},"excerpt":{"rendered":"<p>Desde la noche del lunes, los habitantes de un edificio ubicado en Duarte Quir\u00f3s 640, en C\u00f3rdoba Capital,\u00a0viven una situaci\u00f3n cr\u00edtica. Una obstrucci\u00f3n en la red cloacal de la ciudad desat\u00f3 un desborde de l\u00edquidos servidos que aneg\u00f3 por completo el subsuelo del inmueble. En una zona c\u00e9ntrica y transitada, varias familias quedaron atrapadas sin [&hellip;]<\/p>\n","protected":false},"author":2,"featured_media":8197,"comment_status":"open","ping_status":"open","sticky":false,"template":"","format":"standard","meta":{"_et_pb_use_builder":"","_et_pb_old_content":"","_et_gb_content_width":"","footnotes":""},"categories":[84],"tags":[],"class_list":["post-8196","post","type-post","status-publish","format-standard","has-post-thumbnail","hentry","category-ultimomomento"],"_links":{"self":[{"href":"https:\/\/verdadincomodadiario.ar\/index.php?rest_route=\/wp\/v2\/posts\/8196","targetHints":{"allow":["GET"]}}],"collection":[{"href":"https:\/\/verdadincomodadiario.ar\/index.php?rest_route=\/wp\/v2\/posts"}],"about":[{"href":"https:\/\/verdadincomodadiario.ar\/index.php?rest_route=\/wp\/v2\/types\/post"}],"author":[{"embeddable":true,"href":"https:\/\/verdadincomodadiario.ar\/index.php?rest_route=\/wp\/v2\/users\/2"}],"replies":[{"embeddable":true,"href":"https:\/\/verdadincomodadiario.ar\/index.php?rest_route=%2Fwp%2Fv2%2Fcomments&post=8196"}],"version-history":[{"count":0,"href":"https:\/\/verdadincomodadiario.ar\/index.php?rest_route=\/wp\/v2\/posts\/8196\/revisions"}],"wp:featuredmedia":[{"embeddable":true,"href":"https:\/\/verdadincomodadiario.ar\/index.php?rest_route=\/wp\/v2\/media\/8197"}],"wp:attachment":[{"href":"https:\/\/verdadincomodadiario.ar\/index.php?rest_route=%2Fwp%2Fv2%2Fmedia&parent=8196"}],"wp:term":[{"taxonomy":"category","embeddable":true,"href":"https:\/\/verdadincomodadiario.ar\/index.php?rest_route=%2Fwp%2Fv2%2Fcategories&post=8196"},{"taxonomy":"post_tag","embeddable":true,"href":"https:\/\/verdadincomodadiario.ar\/index.php?rest_route=%2Fwp%2Fv2%2Ftags&post=8196"}],"curies":[{"name":"wp","href":"https:\/\/api.w.org\/{rel}","templated":true}]}}