{"id":767,"date":"2025-03-28T15:36:16","date_gmt":"2025-03-28T15:36:16","guid":{"rendered":"https:\/\/verdadincomodadiario.ar\/?p=767"},"modified":"2025-03-28T17:30:23","modified_gmt":"2025-03-28T17:30:23","slug":"osprera-redujo-su-deficit-en-2-000-millones-de-pesos-bajo-la-intervencion-de-milei","status":"publish","type":"post","link":"https:\/\/verdadincomodadiario.ar\/?p=767","title":{"rendered":"OSPRERA redujo su d\u00e9ficit en 2.000 millones de pesos bajo la intervenci\u00f3n de Milei"},"content":{"rendered":"<p>La intervenci\u00f3n en la \u00a0<strong>Obra Social del Personal Rural y Estibadores de la Rep\u00fablica Argentina<\/strong> (OSPRERA) ha generado una notable reducci\u00f3n en el \u00a0<strong>d\u00e9ficit financiero de la entidad.<\/strong><\/p>\n<p>Seg\u00fan el \u00faltimo informe de la administraci\u00f3n, <strong>el rojo mensual pas\u00f3 de 4.500 millones de pesos en 2024 a un promedio de 2.500 millones<\/strong> en el primer trimestre de 2025.<\/p>\n<p><strong>Este resultado responde a las acciones implementadas bajo la intervenci\u00f3n impulsada por el gobierno de <a href=\"https:\/\/derechadiario.com.ar\/politica\/javier-milei-se-reunira-con-donald-trump-visita-oficial-casa-blanca\" title=\"Javier Milei se reunir\u00e1 con Donald Trump en una visita oficial a la Casa Blanca\">Javier Milei<\/a><\/strong>, que contin\u00faa aplicando estrategias de saneamiento financiero.<\/p>\n<h2><strong>Estrategias clave para reducir el d\u00e9ficit<\/strong><\/h2>\n<div class=\"inter_image image_horizontal\">\n<picture><source class=\"img-responsive\" type=\"image\/webp\" data-srcset=\"\/filesedc\/uploads\/image\/post\/screenshot-2025-03-28-113226_300_200.webp 300w, \n\/filesedc\/uploads\/image\/post\/screenshot-2025-03-28-113226_630_420.webp 630w,\n                                \/filesedc\/uploads\/image\/post\/screenshot-2025-03-28-113226_760_507.webp 760w,\n                                \/filesedc\/uploads\/image\/post\/screenshot-2025-03-28-113226_1200_800.webp 1200w,\n                                \/filesedc\/uploads\/image\/post\/screenshot-2025-03-28-113226_1600_1067.webp 1600w\"><img decoding=\"async\" src=\"https:\/\/derechadiario.com.ar\/filesedc\/uploads\/image\/post\/screenshot-2025-03-28-113226_1200_800.webp\" class=\"img-responsive lazyload\" alt=\"Fachada de la delegaci\u00f3n regional de UATRE y OSPRERA en Villa Mar\u00eda.\" title=\"Fachada de la delegaci\u00f3n regional de UATRE y OSPRERA en Villa Mar\u00eda.\"><\/picture>\n<div>\n<span class=\"img_footer\">OSPRERA redujo su d\u00e9ficit en 2.000 millones de pesos bajo la intervenci\u00f3n de Milei <\/span>| <span class=\"img_author\">La Derecha Diario<\/span>\n<\/div>\n<\/div>\n<p><strong>La disminuci\u00f3n del d\u00e9ficit de OSPRERA se logr\u00f3 gracias a m\u00faltiples medidas que han mejorado la administraci\u00f3n de los fondos<\/strong> y optimizado los recursos disponibles. Entre ellas se destacan:<\/p>\n<aside class=\"are-you-interested-container-photo\"><\/aside>\n<ul>\n<li>\n<strong>Priorizaci\u00f3n de pagos<\/strong>: El 75% de los fondos disponibles se destinaron a prestaciones m\u00e9dicas y medicamentos, mientras que \u00a0<strong>solo el 25% se us\u00f3 en funcionamiento y personal.<\/strong>\n<\/li>\n<li>\n<strong>Gesti\u00f3n de fondos remunerados<\/strong>: A trav\u00e9s del <strong>Banco Naci\u00f3n<\/strong>, se implement\u00f3 una \u201ccuenta remunerada\u201d que gener\u00f3 un beneficio financiero de 46 millones de pesos en marzo.<\/li>\n<li>\n<strong>Reducci\u00f3n de cargas impositivas<\/strong>: Se logr\u00f3 disminuir las retenciones del Impuesto a los \u00a0<strong>Cr\u00e9ditos y D\u00e9bitos<\/strong> Bancarios en un 60%, lo que implica un ahorro mensual de 360 millones de pesos.<\/li>\n<li>\n<strong>Revisi\u00f3n de retenciones indebidas<\/strong>: Se gestion\u00f3 la reincorporaci\u00f3n de <strong>OSPRERA<\/strong>\u00a0 en el padr\u00f3n de exentos de Misiones, evitando descuentos por Ingresos Brutos que alcanzaban los \u00a0<strong>700 millones de pesos.<\/strong>\n<\/li>\n<\/ul>\n<aside class=\"whatsappChannelText\"><a href=\"https:\/\/whatsapp.com\/channel\/0029VagEjILGE56eKjedWF2U\" rel=\"nofollow\" title=\"WhatsApp Link\"><img alt=\"Logo de WhatsApp\" class=\"lazyload\" data-src=\"https:\/\/derechadiario.com.ar\/filesedc\/uploads\/other\/whatsapp_icon_mid_article.png\" width=\"32\" height=\"32\"><\/a> <a href=\"https:\/\/whatsapp.com\/channel\/0029VagEjILGE56eKjedWF2U\" rel=\"nofollow\" title=\"WhatsApp Link\"><strong>NO SE PIERDAN NINGUNA NOTICIA<\/strong>: Click aqu\u00ed para sumarte <strong>GRATIS<\/strong> al canal de noticias de <strong>La Derecha Diario en WhatsApp.<\/strong><\/a><\/aside>\n<figure><img decoding=\"async\" src=\"https:\/\/derechadiario.com.ar\/filesedc\/uploads\/image\/post\/img-1892-1743172445899_1200_800.webp\" class=\"img-responsive lazyload\" alt=\"Un hombre con cabello rizado sostiene una motosierra rodeado de varias personas.\" title=\"Un hombre con cabello rizado sostiene una motosierra rodeado de varias personas.\"><\/figure>\n<h2><strong>Un camino hacia la sostenibilidad<\/strong><\/h2>\n<p>Si bien el d\u00e9ficit de 2.500 millones mensuales sigue siendo un desaf\u00edo, la tendencia demuestra que la intervenci\u00f3n est\u00e1 dando <strong>resultados positivos.<\/strong> Adem\u00e1s, con los planes de acci\u00f3n en marcha, se espera <strong>continuar con la reducci\u00f3n del d\u00e9ficit en los pr\u00f3ximos meses.<\/strong><\/p>\n<p>El saneamiento de OSPRERA se alinea con la pol\u00edtica econ\u00f3mica del gobierno de <a href=\"https:\/\/derechadiario.com.ar\/politica\/gracias-milei-actividad-economica-argentina-crecio-65-mes-enero\" title=\"Gracias a Milei, la actividad econ\u00f3mica argentina creci\u00f3 6,5% en el mes de enero\">Milei<\/a>, que busca erradicar el desmanejo de fondos en el sistema de salud y otras \u00e1reas clave. <strong>La optimizaci\u00f3n de recursos y la gesti\u00f3n eficiente han sido fundamentales para este avance<\/strong>, y se proyecta que la tendencia positiva se sostenga en el tiempo.<\/p>\n","protected":false},"excerpt":{"rendered":"<p>La intervenci\u00f3n en la \u00a0Obra Social del Personal Rural y Estibadores de la Rep\u00fablica Argentina (OSPRERA) ha generado una notable reducci\u00f3n en el \u00a0d\u00e9ficit financiero de la entidad. Seg\u00fan el \u00faltimo informe de la administraci\u00f3n, el rojo mensual pas\u00f3 de 4.500 millones de pesos en 2024 a un promedio de 2.500 millones en el primer [&hellip;]<\/p>\n","protected":false},"author":2,"featured_media":768,"comment_status":"open","ping_status":"open","sticky":false,"template":"","format":"standard","meta":{"_et_pb_use_builder":"","_et_pb_old_content":"","_et_gb_content_width":"","footnotes":""},"categories":[80],"tags":[],"class_list":["post-767","post","type-post","status-publish","format-standard","has-post-thumbnail","hentry","category-economia-2"],"_links":{"self":[{"href":"https:\/\/verdadincomodadiario.ar\/index.php?rest_route=\/wp\/v2\/posts\/767","targetHints":{"allow":["GET"]}}],"collection":[{"href":"https:\/\/verdadincomodadiario.ar\/index.php?rest_route=\/wp\/v2\/posts"}],"about":[{"href":"https:\/\/verdadincomodadiario.ar\/index.php?rest_route=\/wp\/v2\/types\/post"}],"author":[{"embeddable":true,"href":"https:\/\/verdadincomodadiario.ar\/index.php?rest_route=\/wp\/v2\/users\/2"}],"replies":[{"embeddable":true,"href":"https:\/\/verdadincomodadiario.ar\/index.php?rest_route=%2Fwp%2Fv2%2Fcomments&post=767"}],"version-history":[{"count":1,"href":"https:\/\/verdadincomodadiario.ar\/index.php?rest_route=\/wp\/v2\/posts\/767\/revisions"}],"predecessor-version":[{"id":805,"href":"https:\/\/verdadincomodadiario.ar\/index.php?rest_route=\/wp\/v2\/posts\/767\/revisions\/805"}],"wp:featuredmedia":[{"embeddable":true,"href":"https:\/\/verdadincomodadiario.ar\/index.php?rest_route=\/wp\/v2\/media\/768"}],"wp:attachment":[{"href":"https:\/\/verdadincomodadiario.ar\/index.php?rest_route=%2Fwp%2Fv2%2Fmedia&parent=767"}],"wp:term":[{"taxonomy":"category","embeddable":true,"href":"https:\/\/verdadincomodadiario.ar\/index.php?rest_route=%2Fwp%2Fv2%2Fcategories&post=767"},{"taxonomy":"post_tag","embeddable":true,"href":"https:\/\/verdadincomodadiario.ar\/index.php?rest_route=%2Fwp%2Fv2%2Ftags&post=767"}],"curies":[{"name":"wp","href":"https:\/\/api.w.org\/{rel}","templated":true}]}}