{"id":7120,"date":"2025-06-09T22:25:32","date_gmt":"2025-06-09T22:25:32","guid":{"rendered":"https:\/\/verdadincomodadiario.ar\/?p=7120"},"modified":"2025-06-09T22:25:32","modified_gmt":"2025-06-09T22:25:32","slug":"la-industria-construccion-y-mineria-crecieron-fuertemente-en-abril","status":"publish","type":"post","link":"https:\/\/verdadincomodadiario.ar\/?p=7120","title":{"rendered":"La industria, construcci\u00f3n y miner\u00eda crecieron fuertemente en abril"},"content":{"rendered":"<p>En un contexto de <strong>fuerte recuperaci\u00f3n econ\u00f3mica<\/strong> lograda por el Gobierno de <strong>Javier Milei<\/strong>, tres <a href=\"https:\/\/derechadiario.com.ar\/economia\/gobierno-impulsa-sector-automotor-fuerte-alza-ventas-y-produccion\" target=\"_blank\" title=\"El Gobierno impulsa el sector automotor: fuerte alza en ventas y producci\u00f3n\">sectores clave<\/a> de la econom\u00eda argentina mostraron <a href=\"https:\/\/derechadiario.com.ar\/economia\/inflacion-mayo-caba-cayo-al-16-y-dato-mas-bajo-5-anos\" target=\"_blank\" title=\"Inflaci\u00f3n de mayo en CABA cay\u00f3 al 1,6% y es el dato m\u00e1s bajo en 5 a\u00f1os\">se\u00f1ales alentadoras<\/a> de crecimiento durante abril.<\/p>\n<p>La industria manufacturera, la construcci\u00f3n y la miner\u00eda registraron avances significativos tanto en la comparaci\u00f3n mensual como interanual, seg\u00fan inform\u00f3 este lunes el Instituto Nacional de Estad\u00edstica y Censos (INDEC).<\/p>\n<p>Estos datos representan una se\u00f1al positiva para el panorama productivo del pa\u00eds y alimentan las expectativas de un crecimiento sostenido\u00a0de la actividad econ\u00f3mica.<\/p>\n<div class=\"inter_image image_horizontal\">\n<picture><source class=\"img-responsive\" type=\"image\/webp\" data-srcset=\"\/filesedc\/uploads\/image\/post\/gtbhnxaxmaa8kxr_300_200.webp 300w, \n\/filesedc\/uploads\/image\/post\/gtbhnxaxmaa8kxr_630_420.webp 630w,\n                                \/filesedc\/uploads\/image\/post\/gtbhnxaxmaa8kxr_760_507.webp 760w,\n                                \/filesedc\/uploads\/image\/post\/gtbhnxaxmaa8kxr_1200_800.webp 1200w,\n                                \/filesedc\/uploads\/image\/post\/gtbhnxaxmaa8kxr_1600_1067.webp 1600w\"><img decoding=\"async\" src=\"https:\/\/derechadiario.com.ar\/filesedc\/uploads\/image\/post\/gtbhnxaxmaa8kxr_1200_800.webp\" class=\"img-responsive lazyload\" alt=\"Gr\u00e1fico de l\u00edneas que muestra la evoluci\u00f3n del \u00edndice de actividad de la construcci\u00f3n en Argentina entre 2012 y 2025 con tres series representadas en diferentes colores y variaciones porcentuales destacadas\" title=\"Gr\u00e1fico de l\u00edneas que muestra la evoluci\u00f3n del \u00edndice de actividad de la construcci\u00f3n en Argentina entre 2012 y 2025 con tres series representadas en diferentes colores y variaciones porcentuales destacadas\"><\/picture>\n<div>\n<span class=\"img_footer\">Fuerte crecimiento de la construcci\u00f3n. <\/span>| <span class=\"img_author\">La Derecha Diario<\/span>\n<\/div>\n<\/div>\n<h2>El crecimiento de los distintos sectores<\/h2>\n<p>En primer lugar, la industria manufacturera <strong>creci\u00f3 2,2%<\/strong> en abril con respecto a marzo, revirtiendo as\u00ed la ca\u00edda de 3,9% que hab\u00eda registrado en el tercer mes del a\u00f1o. M\u00e1s destacable a\u00fan es el <strong>avance interanual de 8,5%<\/strong>, impulsado en parte por una base de comparaci\u00f3n baja, pero tambi\u00e9n por una reactivaci\u00f3n en diversas ramas fabriles.<\/p>\n<aside class=\"are-you-interested-container-photo\"><\/aside>\n<p>En el acumulado del primer cuatrimestre del a\u00f1o, el sector industrial exhibe un <strong>incremento del 6,7%<\/strong> frente al mismo per\u00edodo de 2024.<\/p>\n<p>Por otro lado, el sector de la <strong>construcci\u00f3n<\/strong> tambi\u00e9n protagoniz\u00f3 una <strong>notable recuperaci\u00f3n<\/strong>. El Indicador Sint\u00e9tico de la Actividad de la Construcci\u00f3n (ISAC) registr\u00f3 una <strong>suba de 5,1%<\/strong> en abril respecto de marzo, compensando la <strong>contracci\u00f3n de 3,6%<\/strong> del mes anterior.<\/p>\n<figure><img decoding=\"async\" src=\"https:\/\/derechadiario.com.ar\/filesedc\/uploads\/image\/post\/gtbggrdwmaanplz_1200_800.webp\" class=\"img-responsive lazyload\" alt=\"Gr\u00e1fico de la evoluci\u00f3n del \u00edndice de producci\u00f3n industrial manufacturero en Argentina entre 2016 y 2025 con l\u00edneas que muestran la serie original, desestacionalizada y tendencia-ciclo, junto a los valores de variaci\u00f3n porcentual interanual y mensual\" title=\"Gr\u00e1fico de la evoluci\u00f3n del \u00edndice de producci\u00f3n industrial manufacturero en Argentina entre 2016 y 2025 con l\u00edneas que muestran la serie original, desestacionalizada y tendencia-ciclo, junto a los valores de variaci\u00f3n porcentual interanual y mensual\"><\/figure>\n<p>La comparaci\u00f3n <strong>interanual<\/strong> arroj\u00f3 un <strong>salto de 25,9%<\/strong>, una cifra que marca un repunte notable tras varios meses de ca\u00edda. En el acumulado del primer cuatrimestre, la construcci\u00f3n <strong>creci\u00f3 10,4%<\/strong> respecto al mismo per\u00edodo del a\u00f1o anterior, lo que sugiere una recuperaci\u00f3n m\u00e1s sostenida de la actividad.<\/p>\n<aside class=\"whatsappChannelText\"><a href=\"https:\/\/whatsapp.com\/channel\/0029VagEjILGE56eKjedWF2U\" rel=\"nofollow\" title=\"WhatsApp Link\"><img alt=\"Logo de WhatsApp\" class=\"lazyload\" data-src=\"https:\/\/derechadiario.com.ar\/filesedc\/uploads\/other\/whatsapp_icon_mid_article.png\" width=\"32\" height=\"32\"><\/a> <a href=\"https:\/\/whatsapp.com\/channel\/0029VagEjILGE56eKjedWF2U\" rel=\"nofollow\" title=\"WhatsApp Link\"><strong>NO SE PIERDAN NINGUNA NOTICIA<\/strong>: Click aqu\u00ed para sumarte <strong>GRATIS<\/strong> al canal de noticias de <strong>La Derecha Diario en WhatsApp.<\/strong><\/a><\/aside>\n<p>Finalmente, el informe del INDEC tambi\u00e9n destac\u00f3 una mejora en la <strong>producci\u00f3n minera<\/strong>, que <strong>creci\u00f3 1,6% interanual<\/strong> en abril y <strong>0,9%<\/strong> respecto a marzo. Aunque este avance fue m\u00e1s moderado en comparaci\u00f3n con los otros sectores, sigue siendo un dato relevante dado el rol estrat\u00e9gico de la miner\u00eda en las exportaciones argentinas y en la atracci\u00f3n de inversiones extranjeras.<\/p>\n<p>Estos tres datos conforman un panorama alentador para la econom\u00eda argentina, que atraviesa una etapa de recuperaci\u00f3n, tras d\u00e9cadas de crisis.<\/p>\n","protected":false},"excerpt":{"rendered":"<p>En un contexto de fuerte recuperaci\u00f3n econ\u00f3mica lograda por el Gobierno de Javier Milei, tres sectores clave de la econom\u00eda argentina mostraron se\u00f1ales alentadoras de crecimiento durante abril. La industria manufacturera, la construcci\u00f3n y la miner\u00eda registraron avances significativos tanto en la comparaci\u00f3n mensual como interanual, seg\u00fan inform\u00f3 este lunes el Instituto Nacional de Estad\u00edstica [&hellip;]<\/p>\n","protected":false},"author":2,"featured_media":7121,"comment_status":"open","ping_status":"open","sticky":false,"template":"","format":"standard","meta":{"_et_pb_use_builder":"","_et_pb_old_content":"","_et_gb_content_width":"","footnotes":""},"categories":[80],"tags":[],"class_list":["post-7120","post","type-post","status-publish","format-standard","has-post-thumbnail","hentry","category-economia-2"],"_links":{"self":[{"href":"https:\/\/verdadincomodadiario.ar\/index.php?rest_route=\/wp\/v2\/posts\/7120","targetHints":{"allow":["GET"]}}],"collection":[{"href":"https:\/\/verdadincomodadiario.ar\/index.php?rest_route=\/wp\/v2\/posts"}],"about":[{"href":"https:\/\/verdadincomodadiario.ar\/index.php?rest_route=\/wp\/v2\/types\/post"}],"author":[{"embeddable":true,"href":"https:\/\/verdadincomodadiario.ar\/index.php?rest_route=\/wp\/v2\/users\/2"}],"replies":[{"embeddable":true,"href":"https:\/\/verdadincomodadiario.ar\/index.php?rest_route=%2Fwp%2Fv2%2Fcomments&post=7120"}],"version-history":[{"count":0,"href":"https:\/\/verdadincomodadiario.ar\/index.php?rest_route=\/wp\/v2\/posts\/7120\/revisions"}],"wp:featuredmedia":[{"embeddable":true,"href":"https:\/\/verdadincomodadiario.ar\/index.php?rest_route=\/wp\/v2\/media\/7121"}],"wp:attachment":[{"href":"https:\/\/verdadincomodadiario.ar\/index.php?rest_route=%2Fwp%2Fv2%2Fmedia&parent=7120"}],"wp:term":[{"taxonomy":"category","embeddable":true,"href":"https:\/\/verdadincomodadiario.ar\/index.php?rest_route=%2Fwp%2Fv2%2Fcategories&post=7120"},{"taxonomy":"post_tag","embeddable":true,"href":"https:\/\/verdadincomodadiario.ar\/index.php?rest_route=%2Fwp%2Fv2%2Ftags&post=7120"}],"curies":[{"name":"wp","href":"https:\/\/api.w.org\/{rel}","templated":true}]}}