{"id":7058,"date":"2025-06-09T15:30:06","date_gmt":"2025-06-09T15:30:06","guid":{"rendered":"https:\/\/verdadincomodadiario.ar\/?p=7058"},"modified":"2025-06-09T15:30:06","modified_gmt":"2025-06-09T15:30:06","slug":"anses-hoy-quienes-cobran-este-lunes-9-de-junio-y-como-sigue-el-cronograma","status":"publish","type":"post","link":"https:\/\/verdadincomodadiario.ar\/?p=7058","title":{"rendered":"ANSES hoy: qui\u00e9nes cobran este lunes 9 de junio y c\u00f3mo sigue el cronograma"},"content":{"rendered":"<p>La <a href=\"https:\/\/derechadiario.com.ar\/economia\/anses-junio-2025-fechas-cobro-aumentos-aguinaldo-y-bono-70000\" title=\"ANSES junio 2025: fechas de cobro, aumentos, aguinaldo y bono de $70.000\"><strong>ANSES<\/strong><\/a> inform\u00f3 el detalle del cronograma de pagos para hoy, <strong>lunes 9 de junio de 2025<\/strong>. La jornada incluye cobros para varias prestaciones sociales clave.<\/p>\n<p>Entre los pagos confirmados para hoy est\u00e1n las <strong>jubilaciones m\u00ednimas<\/strong>, <strong>pensiones no contributivas<\/strong>, la <a href=\"https:\/\/derechadiario.com.ar\/economia\/tarjeta-alimentar-anses-quienes-cobran-hasta-108000-extra-junio\" title=\"Tarjeta Alimentar ANSES: qui\u00e9nes cobran hasta $108.000 extra en junio\"><strong>AUH<\/strong><\/a>, <strong>SUAF<\/strong> y <strong>asignaciones por matrimonio, adopci\u00f3n o nacimiento<\/strong>.<\/p>\n<div class=\"inter_image image_horizontal\">\n<picture><source class=\"img-responsive\" type=\"image\/webp\" data-srcset=\"\/filesedc\/uploads\/image\/post\/anses-1-jpg_300_200.webp 300w, \n\/filesedc\/uploads\/image\/post\/anses-1-jpg_630_420.webp 630w,\n                                \/filesedc\/uploads\/image\/post\/anses-1-jpg_760_507.webp 760w,\n                                \/filesedc\/uploads\/image\/post\/anses-1-jpg_1200_800.webp 1200w,\n                                \/filesedc\/uploads\/image\/post\/anses-1-jpg_1600_1067.webp 1600w\"><img decoding=\"async\" src=\"https:\/\/derechadiario.com.ar\/filesedc\/uploads\/image\/post\/anses-1-jpg_1200_800.webp\" class=\"img-responsive lazyload\" alt=\"Fachada de una oficina de ANSES con un cartel azul y un coraz\u00f3n naranja.\" title=\"Fachada de una oficina de ANSES con un cartel azul y un coraz\u00f3n naranja.\"><\/picture>\n<div>\n<span class=\"img_footer\">Qui\u00e9nes cobran hoy seg\u00fan la terminaci\u00f3n del DNI <\/span>| <span class=\"img_author\">La Derecha Diario<\/span>\n<\/div>\n<\/div>\n<h2><strong>\u00bfQui\u00e9nes cobran hoy Pensiones No Contributivas (PNC)?<\/strong><\/h2>\n<p>Este lunes reciben el pago los beneficiarios de <strong>PNC<\/strong> con <strong>documentos terminados en 0 y 1<\/strong>. El calendario seguir\u00e1 avanzando en los pr\u00f3ximos d\u00edas seg\u00fan la terminaci\u00f3n del DNI.<\/p>\n<figure><img decoding=\"async\" src=\"https:\/\/derechadiario.com.ar\/filesedc\/uploads\/image\/post\/pnc-junio-anses_1200_800.webp\" class=\"img-responsive lazyload\" alt=\"Calendario de pago de pensiones no contributivas para junio con fechas seg\u00fan la terminaci\u00f3n del documento, comenzando el 9 de junio para terminaciones 0 y 1 y finalizando el 13 de junio para terminaciones 8 y 9\" title=\"Calendario de pago de pensiones no contributivas para junio con fechas seg\u00fan la terminaci\u00f3n del documento, comenzando el 9 de junio para terminaciones 0 y 1 y finalizando el 13 de junio para terminaciones 8 y 9\"><\/figure>\n<h2><strong>Jubilaciones y pensiones m\u00ednimas: qui\u00e9nes cobran este lunes<\/strong><\/h2>\n<p>Hoy cobran los jubilados y pensionados con <strong>haberes que no superan el m\u00ednimo<\/strong> y cuyo <strong>DNI finaliza en 0<\/strong>. El resto lo har\u00e1 de forma escalonada durante la semana.<\/p>\n<aside class=\"are-you-interested-container-photo\"><\/aside>\n<figure><img decoding=\"async\" src=\"https:\/\/derechadiario.com.ar\/filesedc\/uploads\/image\/post\/jubilacion-minima-anses-junio_1200_800.webp\" class=\"img-responsive lazyload\" alt=\"Calendario de pagos de jubilaciones y pensiones m\u00ednimas de ANSES para junio seg\u00fan la terminaci\u00f3n del documento, con fechas del 9 al 23 de junio\" title=\"Calendario de pagos de jubilaciones y pensiones m\u00ednimas de ANSES para junio seg\u00fan la terminaci\u00f3n del documento, con fechas del 9 al 23 de junio\"><\/figure>\n<h2><strong>AUH y Tarjeta Alimentar: a qui\u00e9nes les corresponde cobrar hoy<\/strong><\/h2>\n<p>Los titulares de la <strong>Asignaci\u00f3n Universal por Hijo (AUH)<\/strong> y la <strong>Tarjeta Alimentar<\/strong> con <strong>documentos terminados en 0<\/strong> reciben su prestaci\u00f3n este lunes.<\/p>\n<figure><img decoding=\"async\" src=\"https:\/\/derechadiario.com.ar\/filesedc\/uploads\/image\/post\/auh-anses-junio_1200_800.webp\" class=\"img-responsive lazyload\" alt=\"Calendario de pagos de Asignaci\u00f3n Familiar por Hijo y Asignaci\u00f3n Universal por Hijo para el mes de junio seg\u00fan la terminaci\u00f3n del documento, con fechas del 9 al 24 de junio\" title=\"Calendario de pagos de Asignaci\u00f3n Familiar por Hijo y Asignaci\u00f3n Universal por Hijo para el mes de junio seg\u00fan la terminaci\u00f3n del documento, con fechas del 9 al 24 de junio\"><\/figure>\n<h2><strong>Asignaciones familiares SUAF: cronograma de pago de hoy<\/strong><\/h2>\n<p>Tambi\u00e9n cobran hoy los beneficiarios del <strong>SUAF<\/strong> cuyos <strong>DNI finalizan en 0<\/strong>. Este programa est\u00e1 dirigido a trabajadores en relaci\u00f3n de dependencia registrados.<\/p>\n<h2><strong>Asignaciones de pago \u00fanico: matrimonio, nacimiento y adopci\u00f3n<\/strong><\/h2>\n<p>Las personas que tramitaron <strong>asignaciones por matrimonio, nacimiento o adopci\u00f3n<\/strong> contin\u00faan cobrando hoy.<\/p>\n<p>El pago est\u00e1 disponible para <strong>todas las terminaciones de DNI<\/strong> y se extender\u00e1 hasta el <strong>14 de julio<\/strong>.<\/p>\n<aside class=\"whatsappChannelText\"><a href=\"https:\/\/whatsapp.com\/channel\/0029VagEjILGE56eKjedWF2U\" rel=\"nofollow\" title=\"WhatsApp Link\"><img alt=\"Logo de WhatsApp\" class=\"lazyload\" data-src=\"https:\/\/derechadiario.com.ar\/filesedc\/uploads\/other\/whatsapp_icon_mid_article.png\" width=\"32\" height=\"32\"><\/a> <a href=\"https:\/\/whatsapp.com\/channel\/0029VagEjILGE56eKjedWF2U\" rel=\"nofollow\" title=\"WhatsApp Link\"><strong>NO SE PIERDAN NINGUNA NOTICIA<\/strong>: Click aqu\u00ed para sumarte <strong>GRATIS<\/strong> al canal de noticias de <strong>La Derecha Diario en WhatsApp.<\/strong><\/a><\/aside>\n<aside class=\"are-you-interested-container-photo\"><\/aside>\n<figure><img decoding=\"async\" src=\"https:\/\/derechadiario.com.ar\/filesedc\/uploads\/image\/post\/asignacion-de-pago-unico-anses-junio_1200_800.webp\" class=\"img-responsive lazyload\" alt=\"Calendario de pago para asignaciones de matrimonio, adopci\u00f3n y nacimiento correspondientes a junio, con fechas del 10 de junio al 14 de julio para la primera quincena y del 24 de junio al 14 de julio para la segunda quincena\" title=\"Calendario de pago para asignaciones de matrimonio, adopci\u00f3n y nacimiento correspondientes a junio, con fechas del 10 de junio al 14 de julio para la primera quincena y del 24 de junio al 14 de julio para la segunda quincena\"><\/figure>\n<h2><strong>Asignaciones familiares de Pensiones No Contributivas<\/strong><\/h2>\n<p>Tambi\u00e9n siguen los pagos para quienes reciben <strong>asignaciones familiares por PNC<\/strong>. Al igual que las asignaciones de pago \u00fanico, aplican a <strong>todas las terminaciones<\/strong> y se podr\u00e1n cobrar hasta el <strong>14 de julio<\/strong>.<\/p>\n<figure><img decoding=\"async\" src=\"https:\/\/derechadiario.com.ar\/filesedc\/uploads\/image\/post\/asignaciones-familiares-anses-junio_1200_800.webp\" class=\"img-responsive lazyload\" alt=\"Calendario de pago de asignaciones familiares de pensiones no contributivas para el mes de junio con todas las terminaciones de DNI del 9 de junio al 14 de julio\" title=\"Calendario de pago de asignaciones familiares de pensiones no contributivas para el mes de junio con todas las terminaciones de DNI del 9 de junio al 14 de julio\"><\/figure>\n<h3><strong>\u00bfD\u00f3nde consultar el cronograma completo de ANSES?<\/strong><\/h3>\n<p>Para ver fechas futuras de cobro, se puede ingresar a <em>www.anses.gob.ar<\/em> o consultar desde la app <strong>Mi ANSES<\/strong>. Es importante tener a mano el n\u00famero de CUIL y la Clave de la Seguridad Social.<\/p>\n","protected":false},"excerpt":{"rendered":"<p>La ANSES inform\u00f3 el detalle del cronograma de pagos para hoy, lunes 9 de junio de 2025. La jornada incluye cobros para varias prestaciones sociales clave. Entre los pagos confirmados para hoy est\u00e1n las jubilaciones m\u00ednimas, pensiones no contributivas, la AUH, SUAF y asignaciones por matrimonio, adopci\u00f3n o nacimiento. Qui\u00e9nes cobran hoy seg\u00fan la terminaci\u00f3n [&hellip;]<\/p>\n","protected":false},"author":2,"featured_media":7059,"comment_status":"open","ping_status":"open","sticky":false,"template":"","format":"standard","meta":{"_et_pb_use_builder":"","_et_pb_old_content":"","_et_gb_content_width":"","footnotes":""},"categories":[80],"tags":[],"class_list":["post-7058","post","type-post","status-publish","format-standard","has-post-thumbnail","hentry","category-economia-2"],"_links":{"self":[{"href":"https:\/\/verdadincomodadiario.ar\/index.php?rest_route=\/wp\/v2\/posts\/7058","targetHints":{"allow":["GET"]}}],"collection":[{"href":"https:\/\/verdadincomodadiario.ar\/index.php?rest_route=\/wp\/v2\/posts"}],"about":[{"href":"https:\/\/verdadincomodadiario.ar\/index.php?rest_route=\/wp\/v2\/types\/post"}],"author":[{"embeddable":true,"href":"https:\/\/verdadincomodadiario.ar\/index.php?rest_route=\/wp\/v2\/users\/2"}],"replies":[{"embeddable":true,"href":"https:\/\/verdadincomodadiario.ar\/index.php?rest_route=%2Fwp%2Fv2%2Fcomments&post=7058"}],"version-history":[{"count":0,"href":"https:\/\/verdadincomodadiario.ar\/index.php?rest_route=\/wp\/v2\/posts\/7058\/revisions"}],"wp:featuredmedia":[{"embeddable":true,"href":"https:\/\/verdadincomodadiario.ar\/index.php?rest_route=\/wp\/v2\/media\/7059"}],"wp:attachment":[{"href":"https:\/\/verdadincomodadiario.ar\/index.php?rest_route=%2Fwp%2Fv2%2Fmedia&parent=7058"}],"wp:term":[{"taxonomy":"category","embeddable":true,"href":"https:\/\/verdadincomodadiario.ar\/index.php?rest_route=%2Fwp%2Fv2%2Fcategories&post=7058"},{"taxonomy":"post_tag","embeddable":true,"href":"https:\/\/verdadincomodadiario.ar\/index.php?rest_route=%2Fwp%2Fv2%2Ftags&post=7058"}],"curies":[{"name":"wp","href":"https:\/\/api.w.org\/{rel}","templated":true}]}}